{"id":154731,"date":"2022-04-27T11:41:37","date_gmt":"2022-04-27T08:41:37","guid":{"rendered":"https:\/\/www.enerjigazetesi.ist\/?p=154731"},"modified":"2022-04-27T11:42:41","modified_gmt":"2022-04-27T08:42:41","slug":"akkuyu-ngs-calisanlari-nin-cocuklari-23-nisanda-insaat-sahasini-gezdi","status":"publish","type":"post","link":"https:\/\/www.enerjigazetesi.ist\/en\/akkuyu-ngs-calisanlari-nin-cocuklari-23-nisanda-insaat-sahasini-gezdi\/","title":{"rendered":"(Turkish) Akkuyu NGS \u00c7al\u0131\u015fanlar\u0131n\u0131n \u00c7ocuklar\u0131 23 Nisan&#8217;da \u0130n\u015faat Sahas\u0131n\u0131 Gezdi"},"content":{"rendered":"<p class=\"qtranxs-available-languages-message qtranxs-available-languages-message-en\">Sorry, this entry is only available in <a href=\"https:\/\/www.enerjigazetesi.ist\/tr\/wp-json\/wp\/v2\/posts\/154731\" class=\"qtranxs-available-language-link qtranxs-available-language-link-tr\" title=\"Turkish\">Turkish<\/a>. For the sake of viewer convenience, the content is shown below in the alternative language. You may click the link to switch the active language.<\/p><p><\/p>\n<h2>AKKUYU N\u00dcKLEER A.\u015e., 23 Nisan Ulusal Egemenlik ve \u00c7ocuk Bayram\u0131 dolay\u0131s\u0131yla Akkuyu N\u00fckleer G\u00fc\u00e7 Santrali (NGS) projesinde g\u00f6rev alan \u00e7al\u0131\u015fanlar\u0131n \u00e7ocuklar\u0131 i\u00e7in Akkuyu NGS in\u015faat sahas\u0131 ziyaretini organize etti. \u00c7ocuklar, ebeveynlerinin \u00e7al\u0131\u015ft\u0131\u011f\u0131 in\u015faat sahas\u0131n\u0131 kendilerine \u00f6zel olarak tahsis edilen otob\u00fcsle gezdi.<\/h2>\n<p>K\u00fc\u00e7\u00fck konuklara <em>AKKUYU N\u00dcKLEER A.\u015e. \u00dcretim ve \u0130n\u015faat Organizasyon Direkt\u00f6r\u00fc<\/em><strong> Denis Sezemin<\/strong> ve <em>AKKUYU N\u00dcKLEER A.\u015e. \u00a0\u0130n\u015faat B\u00f6l\u00fcm\u00fc M\u00fcd\u00fcr\u00fc<\/em> <strong>Maksim Kucherenko<\/strong> rehberlik etti. \u00c7ocuklar saha gezisi \u00f6ncesi, <strong>in\u015faat sahas\u0131na<\/strong> gelen t\u00fcm ziyaret\u00e7ilere verilen <strong>zorunlu g\u00fcvenlik brifingini<\/strong> ald\u0131. \u00d6zel olarak haz\u0131rlanan <strong>minik kasklar\u0131<\/strong> ve <strong>reflektif yelekleri<\/strong> de giyen \u00e7ocuklar, ebeveynleri ve rehberleri <img loading=\"lazy\" class=\"alignright wp-image-154733\" src=\"https:\/\/www.enerjigazetesi.ist\/wp-content\/uploads\/2022\/04\/akkuyu-ngs-calisanlari-nin-cocuklari-23-nisanda-insaat-sahasini-gezdi-1.jpg\" alt=\"\" width=\"320\" height=\"200\" srcset=\"https:\/\/www.enerjigazetesi.ist\/wp-content\/uploads\/2022\/04\/akkuyu-ngs-calisanlari-nin-cocuklari-23-nisanda-insaat-sahasini-gezdi-1.jpg 550w, https:\/\/www.enerjigazetesi.ist\/wp-content\/uploads\/2022\/04\/akkuyu-ngs-calisanlari-nin-cocuklari-23-nisanda-insaat-sahasini-gezdi-1-300x187.jpg 300w, https:\/\/www.enerjigazetesi.ist\/wp-content\/uploads\/2022\/04\/akkuyu-ngs-calisanlari-nin-cocuklari-23-nisanda-insaat-sahasini-gezdi-1-500x312.jpg 500w, https:\/\/www.enerjigazetesi.ist\/wp-content\/uploads\/2022\/04\/akkuyu-ngs-calisanlari-nin-cocuklari-23-nisanda-insaat-sahasini-gezdi-1-80x50.jpg 80w\" sizes=\"(max-width: 320px) 100vw, 320px\" \/>e\u015fli\u011finde T\u00fcrkiye&#8217;nin ilk n\u00fckleer <strong>santralinin in\u015faat sahas\u0131n\u0131<\/strong> dola\u015ft\u0131.<\/p>\n<p>Bu \u00f6zel ziyarete ili\u015fkin a\u00e7\u0131klama yapan <em>AKKUYU N\u00dcKLEER A.\u015e Genel M\u00fcd\u00fcr\u00fc<\/em> <strong>Anastasia Zoteeva<\/strong>, \u015funlar\u0131 s\u00f6yledi: <em>\u201c23 Nisan \u00f6zel bir bayram oldu\u011fu i\u00e7in bug\u00fcn\u00fc \u00e7al\u0131\u015fanlar\u0131m\u0131z\u0131n \u00e7ocuklar\u0131 i\u00e7in unutulmaz k\u0131lmaya \u00e7al\u0131\u015ft\u0131k. Her \u00e7ocuk anne ve babas\u0131n\u0131n nerede \u00e7al\u0131\u015ft\u0131\u011f\u0131n\u0131 merak eder. Hele de ebeveynleri b\u00f6yle b\u00fcy\u00fck \u00e7apl\u0131 ve e\u015fsiz bir projede yer al\u0131yorlarsa. Meraklar\u0131n\u0131 gidermek i\u00e7in Akkuyu NGS \u015fantiyesinin kap\u0131lar\u0131n\u0131 \u00e7ocuklara a\u00e7t\u0131k ve onlara \u015fantiyemizdeki en ilgin\u00e7 yerlerini g\u00f6sterdik. Bu \u015fantiye gezisinin \u00e7ocuklar \u00fczerinde olumlu etkiler b\u0131rakt\u0131\u011f\u0131ndan eminim! \u00c7ocuklar\u0131n Akkuyu NGS \u015fantiyesine yapt\u0131\u011f\u0131 geziler, b\u00fcy\u00fck \u00f6l\u00e7ekli bir kariyer rehberli\u011fi projesinin par\u00e7as\u0131d\u0131r. S\u00f6z konusu proje, bu y\u0131l\u0131n Ocak ay\u0131nda ba\u015flad\u0131. Sahada g\u00f6revli m\u00fchendislerimiz, in\u015faat \u00e7al\u0131\u015fanlar\u0131m\u0131z, itfaiye g\u00f6revlilerimiz ve di\u011fer \u00e7al\u0131\u015fanlar\u0131m\u0131z a\u00e7\u0131lan ustal\u0131k s\u0131n\u0131flar\u0131nda ve a\u00e7\u0131k s\u0131n\u0131flarda i\u015flerinin \u00f6zelliklerinden bahsedip \u00e7ocuklar\u0131n meslek se\u00e7imlerine karar vermesine yard\u0131mc\u0131 oluyorlar. Bu \u00e7ok \u00f6nemli ve gerekli bir \u00e7al\u0131\u015fma, \u00e7\u00fcnk\u00fc yapt\u0131\u011f\u0131m\u0131z her \u015fey gelecek nesillere fayda sa\u011flayacak.\u201d<\/em><\/p>\n<p>Gezinin ilk aya\u011f\u0131, farkl\u0131 \u00fclkelerden n\u00fckleer santral i\u00e7in ekipman ta\u015f\u0131yan gemilerin geldi\u011fi Do\u011fu Kargo Terminali oldu. \u00c7ocuklar ard\u0131ndan d\u00fcnyan\u0131n en g\u00fc\u00e7l\u00fc <strong>Liebherr LR 13000 paletli vinci<\/strong>ni g\u00f6rme ve vin\u00e7 operat\u00f6r\u00fcn\u00fcn koltu\u011funa oturma f\u0131rsat\u0131 yakalad\u0131. <strong>\u0130n\u015faat g\u00f6revlileri<\/strong> \u00e7ocuklara ayr\u0131ca damperli <strong>kamyonlar, ekskavat\u00f6rler, forkliftler<\/strong> gibi <strong>in\u015faat ekipmanlar\u0131<\/strong>n\u0131n nas\u0131l \u00e7al\u0131\u015ft\u0131r\u0131ld\u0131\u011f\u0131n\u0131 da g\u00f6sterdi.<\/p>\n<p><strong>\u0130n\u015faat \u00e7al\u0131\u015fanlar\u0131<\/strong> \u00e7ocuklara b\u00f6lgede ya\u015fayan hayvanlar hakk\u0131nda da bilgi verdi. N\u00fckleer santral in\u015faat sahas\u0131na yak\u0131n karada,<strong> karaca, yaban domuzu ve da\u011f ke\u00e7ilerinin<\/strong>, denizde ise<strong> fok<\/strong> ve <strong>kaplumba\u011falar\u0131n<\/strong> ya\u015fad\u0131\u011f\u0131n\u0131 \u00f6\u011frenen \u00e7ocuklar, n\u00fckleer santralin in\u015faat sahas\u0131na \u00f6zel bir g\u00fcvenlik b\u00f6lgesi stat\u00fcs\u00fc verildi\u011fini ve b\u00f6lgede avlanma yasak oldu\u011fu i\u00e7in faunada ya\u015fayan canl\u0131lar\u0131n g\u00fcvende oldu\u011funu da \u00f6\u011frenmi\u015f oldu. Buradan deniz seviyesinden <strong>200 metre<\/strong> y\u00fcksekli\u011finde bulunan seyir tepesine ge\u00e7en \u00e7ocuklar, in\u015faat sahas\u0131n\u0131n ne kadar b\u00fcy\u00fck oldu\u011funu g\u00f6rme \u015fans\u0131n\u0131 yakalad\u0131. Burada <strong>hat\u0131ra foto\u011fraf\u0131<\/strong> \u00e7ektiren \u00e7ocuklar daha sonra kendileri i\u00e7in <strong>sprey boya<\/strong> ve<strong> \u015fablonlar\u0131n haz\u0131rland\u0131\u011f\u0131<\/strong> ofislere d\u00f6nd\u00fcler. B\u00fcy\u00fck bir duvar\u0131 boyayan gen\u00e7 sanat\u00e7\u0131lar, yap\u0131lan saha ziyaretinin hat\u0131ras\u0131 olarak kalacak <strong>co\u015fkular\u0131n\u0131<\/strong> ve<strong> izlenimlerini<\/strong> payla\u015ft\u0131lar.<\/p>\n<p>AKKUYU N\u00dcKLEER A.\u015e Genel M\u00fcd\u00fcr\u00fc Anastasia Zoteeva, ger\u00e7ekle\u015fen bu gezinin devam\u0131n\u0131n da gelece\u011fini vurgulayarak \u015fu ifadeleri kulland\u0131:<em> \u201c\u0130nsanl\u0131\u011f\u0131n gelece\u011fi, g\u00fc\u00e7l\u00fc ve istikrarl\u0131 elektrik kaynaklar\u0131 olmadan hayal edilemez ve modern d\u00fcnyada elektrik \u00fcretiminin \u00e7evreye zarar vermemesi de \u00f6nemlidir. Elektrik \u00fcretmek i\u00e7in ye\u015fil teknolojilerin ayr\u0131lmaz bir par\u00e7as\u0131 olan n\u00fckleer, gezegenin ekosisteminin korunmas\u0131na yard\u0131mc\u0131 olur. Yap\u0131m a\u015famas\u0131ndaki Akkuyu NGS, b\u00f6lge sakinlerinin bir\u00e7o\u011funun hayat\u0131n\u0131 daha iyi bir hale getirmi\u015ftir. Bug\u00fcn ve gelecek i\u00e7in refah i\u00e7inde bir temel olu\u015fturmaktad\u0131r. Bizim ortak g\u00f6revimiz, yeni nesillerin daha kolay, daha mutlu ve daha g\u00fcvenli \u015fekilde ya\u015famas\u0131n\u0131 sa\u011flamakt\u0131r. T\u00fcm \u00e7ocuklar\u0131n bayram\u0131n\u0131 kutluyor ve yeti\u015fkinleri \u00e7ocuklar\u0131yla m\u00fcmk\u00fcn oldu\u011funca fazla zaman ge\u00e7irmeye, onlarla ilgilenmeye, onlara sevgi, \u00f6zen ve \u015fefkat g\u00f6stermeye \u00e7a\u011f\u0131r\u0131yorum. \u00c7ocuklarla e\u011fitim \u00e7al\u0131\u015fmalar\u0131na devam edece\u011fimizi ve saha gezilerinin d\u00fczenli olaca\u011f\u0131n\u0131 s\u00f6ylemek isterim.\u201d<\/em><\/p>\n<p><strong>23 Nisan<\/strong> dolay\u0131s\u0131yla d\u00fczenlenen gezi sonras\u0131nda ziyaret\u00e7ilere ikramda bulunularak g\u00fcn\u00fcn an\u0131s\u0131na hediyeler verildi. \u00c7ocuklar ve velileri geziye dair izlenimlerini payla\u015ft\u0131.<\/p>\n<p>Arda ve Emre Gayret&#8217;in (8) annesi, AKKUYU N\u00dcKLEER A.\u015e. Sosyal Politikalar B\u00f6l\u00fcm\u00fc Eksperi Romella Gayret \u015funlar\u0131 s\u00f6yledi: <em>\u201c\u00c7ocuklar\u0131m\u0131z\u0131n sahay\u0131 ziyaret etmesi bizi \u00e7ok mutlu etti \u00e7\u00fcnk\u00fc s\u00fcrekli annelerinin nerede \u00e7al\u0131\u015ft\u0131\u011f\u0131n\u0131 soruyorlard\u0131. Uzun zamand\u0131r her \u015feyi g\u00f6zleriyle g\u00f6rmek istiyorlard\u0131, bug\u00fcn hayalleri ger\u00e7ek oldu. Bunun uluslararas\u0131 bir proje oldu\u011funu biliyorlar ve burada, ayn\u0131 anda hem Rus hem T\u00fcrk bayra\u011f\u0131 ile foto\u011fraf \u00e7ektirmekten memnunlar. Bundan okulda bahsedeceklerinden eminim.\u201d<\/em><\/p>\n<p>Sine Karata\u015f (10): <em>\u201cBabam burada \u00e7al\u0131\u015f\u0131yor. Evde bana in\u015faatla ilgili pek \u00e7ok \u015fey anlatt\u0131. Ama bu kadar b\u00fcy\u00fck oldu\u011funu hayal etmemi\u015ftim. Buras\u0131 yollar\u0131, evleri, ekipmanlar\u0131 olan bir \u015fehir. Uzun zamand\u0131r geziye haz\u0131rlan\u0131yordum ve endi\u015feliydim. Bug\u00fcn sabah 6&#8217;da kalkt\u0131m, uyuyakalmaktan \u00e7ok korktum. Her \u015fey \u00e7ok iyi ge\u00e7ti. Sahay\u0131 g\u00f6rmekle kalmad\u0131k, resim yapt\u0131k, foto\u011fraf \u00e7ektik ve hediyeler de ald\u0131k!\u201d<\/em><\/p>\n<p>Turun organizat\u00f6r\u00fc ve T\u00fcrbin B\u00f6l\u00fcm\u00fc Uzman\u0131 Sevil Kutlu: <em>\u201cMustafa Kemal Atat\u00fcrk&#8217;\u00fcn \u00e7ocuklara T\u00fcrkiye Cumhuriyeti&#8217;nin en \u00f6nemli bayramlar\u0131ndan biri olan Ulusal Egemenlik Bayram\u0131\u2019n\u0131 hediye etmesi tesad\u00fcf de\u011fil. O, \u00fclkenin gelece\u011fini in\u015fa edecek \u00e7ocuklardan daha \u00f6nemli bir \u015fey olmad\u0131\u011f\u0131na inan\u0131yordu. Bu nedenle 23 Nisan&#8217;da t\u00fcm T\u00fcrkiye&#8217;de \u00e7ocuklar i\u00e7in bayram etkinlikleri d\u00fczenleniyor. Bug\u00fcn saham\u0131z\u0131n konuklar\u0131 oldular! Onlara \u00f6nemli ve ilgin\u00e7 \u015feyler g\u00f6sterildi, duvar\u0131 boyama f\u0131rsat\u0131 verildi, ikramlarda bulunuldu ve hediyeler sunuldu yani tek kelimeyle onlara tam bir bayram ya\u015fat\u0131ld\u0131!\u201d<\/em><\/p>\n<p>Kerim \u00d6zdemir (7):<em> \u201cGezi s\u0131ras\u0131nda sahay\u0131 gezmekle kalmay\u0131p ayn\u0131 zamanda resim de yapt\u0131k. Bu tam bir s\u00fcrpriz oldu. Ayr\u0131ca \u00f6\u011fle yeme\u011fi \u00e7ok lezzetliydi. Art\u0131k annemin nerede \u00e7al\u0131\u015ft\u0131\u011f\u0131n\u0131 biliyorum.\u201d<\/em><\/p>","protected":false},"excerpt":{"rendered":"<p>Sorry, this entry is only available in Turkish. For the sake of viewer convenience, the content is shown below in the alternative language. You may click the link to switch the active language. AKKUYU N\u00dcKLEER A.\u015e., 23 Nisan Ulusal Egemenlik ve \u00c7ocuk Bayram\u0131 dolay\u0131s\u0131yla Akkuyu N\u00fckleer G\u00fc\u00e7 Santrali (NGS) projesinde g\u00f6rev alan \u00e7al\u0131\u015fanlar\u0131n \u00e7ocuklar\u0131 i\u00e7in [&hellip;]<\/p>\n","protected":false},"author":1,"featured_media":154734,"comment_status":"open","ping_status":"open","sticky":false,"template":"","format":"standard","meta":[],"categories":[51,53,43],"tags":[33851,48024,19356,102937],"views":318,"_links":{"self":[{"href":"https:\/\/www.enerjigazetesi.ist\/en\/wp-json\/wp\/v2\/posts\/154731"}],"collection":[{"href":"https:\/\/www.enerjigazetesi.ist\/en\/wp-json\/wp\/v2\/posts"}],"about":[{"href":"https:\/\/www.enerjigazetesi.ist\/en\/wp-json\/wp\/v2\/types\/post"}],"author":[{"embeddable":true,"href":"https:\/\/www.enerjigazetesi.ist\/en\/wp-json\/wp\/v2\/users\/1"}],"replies":[{"embeddable":true,"href":"https:\/\/www.enerjigazetesi.ist\/en\/wp-json\/wp\/v2\/comments?post=154731"}],"version-history":[{"count":0,"href":"https:\/\/www.enerjigazetesi.ist\/en\/wp-json\/wp\/v2\/posts\/154731\/revisions"}],"wp:featuredmedia":[{"embeddable":true,"href":"https:\/\/www.enerjigazetesi.ist\/en\/wp-json\/wp\/v2\/media\/154734"}],"wp:attachment":[{"href":"https:\/\/www.enerjigazetesi.ist\/en\/wp-json\/wp\/v2\/media?parent=154731"}],"wp:term":[{"taxonomy":"category","embeddable":true,"href":"https:\/\/www.enerjigazetesi.ist\/en\/wp-json\/wp\/v2\/categories?post=154731"},{"taxonomy":"post_tag","embeddable":true,"href":"https:\/\/www.enerjigazetesi.ist\/en\/wp-json\/wp\/v2\/tags?post=154731"}],"curies":[{"name":"wp","href":"https:\/\/api.w.org\/{rel}","templated":true}]}}