{"id":15472,"date":"2013-09-18T13:47:52","date_gmt":"2013-09-18T10:47:52","guid":{"rendered":"https:\/\/www.enerjigazetesi.ist\/?p=15472"},"modified":"2013-09-18T13:47:52","modified_gmt":"2013-09-18T10:47:52","slug":"yesil-is-green-business-2013-basladi","status":"publish","type":"post","link":"https:\/\/www.enerjigazetesi.ist\/en\/yesil-is-green-business-2013-basladi\/","title":{"rendered":"(Turkish) Ye\u015fil \u0130\u015f-Green Business 2013 Ba\u015flad\u0131&#8230;"},"content":{"rendered":"<p class=\"qtranxs-available-languages-message qtranxs-available-languages-message-en\">Sorry, this entry is only available in <a href=\"https:\/\/www.enerjigazetesi.ist\/tr\/wp-json\/wp\/v2\/posts\/15472\" class=\"qtranxs-available-language-link qtranxs-available-language-link-tr\" title=\"Turkish\">Turkish<\/a>. For the sake of viewer convenience, the content is shown below in the alternative language. You may click the link to switch the active language.<\/p><p><strong>T\u00fcrkiye\u2019nin en g\u00fc\u00e7l\u00fc s\u00fcrd\u00fcr\u00fclebilir i\u015f platformu olarak kabul edilen Ye\u015fil \u0130\u015f-Green Business 2013 ba\u015flad\u0131.<\/strong><\/p>\n<p>5. Y\u0131l\u0131nda \u2018De\u011fi\u015fim Zaman\u0131\u2019 temas\u0131yla i\u015f d\u00fcnyas\u0131n\u0131 bulu\u015fturan konferans\u0131n a\u00e7\u0131l\u0131\u015f\u0131nda konu\u015fan Kalk\u0131nma Bakan\u0131 Dr. Cevdet Y\u0131lmaz, \u201cHem bug\u00fcnk\u00fc hem de gelecek nesillere hizmet edebilmek i\u00e7in b\u00fcy\u00fcme ve \u00e7evre koruma aras\u0131ndaki dengeyi sa\u011flamal\u0131y\u0131z\u201d dedi. Bakan Y\u0131lmaz, 10. Kalk\u0131nma Plan\u0131\u2019n\u0131 da bu anlay\u0131\u015fla hayata ge\u00e7irdiklerini s\u00f6yledi.<\/p>\n<p>S\u00fcrd\u00fcr\u00fclebilirlik Akademisi taraf\u0131ndan ger\u00e7ekle\u015ftirilen ve T\u00fcrkiye\u2019nin en g\u00fc\u00e7l\u00fc s\u00fcrd\u00fcr\u00fclebilir i\u015f platformu olarak kabul edilen Ye\u015fil \u0130\u015f-Green Business Konferans\u0131, \u0130stanbul Swissotel\u2019de ba\u015flad\u0131.<\/p>\n<p>Kamu ve \u00f6zel sekt\u00f6rden s\u00fcrd\u00fcr\u00fclebilir i\u015f ve d\u00fcnya liderlerini s\u00fcrd\u00fcr\u00fclebilir gelecek i\u00e7in bulu\u015fturan Ye\u015fil \u0130\u015f Konferans\u0131\u2019n\u0131n a\u00e7\u0131l\u0131\u015f\u0131nda bir konu\u015fma yapan Kalk\u0131nma Bakan\u0131 Dr. Cevdet Y\u0131lmaz, \u201cEkonomiyi ve b\u00fcy\u00fcmeyi bir tarafa koyarak \u00e7evreyi koruyamay\u0131z. Geli\u015fmekte olan \u00fclkelerin dengeyi sa\u011flamak ad\u0131na b\u00fcy\u00fcmeleri gerekiyor. B\u00fcy\u00fcmek ve \u00e7evreyi korumak aras\u0131nda tercih yapamay\u0131z, maharet ikisini birden ba\u015farmak\u201d dedi.<\/p>\n<p><strong>10. Kalk\u0131nma Plan\u0131\u2019nda s\u00fcrd\u00fcr\u00fclebilirlik \u00f6ncelikli<\/strong><\/p>\n<p>2014-2018 d\u00f6nemini kapsayan 10. Kalk\u0131nm<a href=\"https:\/\/www.enerjigazetesi.ist\/wp-content\/uploads\/2013\/09\/yesil-is-green-business-2013-basladi.jpg\"><img loading=\"lazy\" class=\"alignleft size-medium wp-image-15473\" title=\"yesil-is-green-business-2013-basladi\" src=\"https:\/\/www.enerjigazetesi.ist\/wp-content\/uploads\/2013\/09\/yesil-is-green-business-2013-basladi-300x202.jpg\" alt=\"\" width=\"300\" height=\"202\" srcset=\"https:\/\/www.enerjigazetesi.ist\/wp-content\/uploads\/2013\/09\/yesil-is-green-business-2013-basladi-300x202.jpg 300w, https:\/\/www.enerjigazetesi.ist\/wp-content\/uploads\/2013\/09\/yesil-is-green-business-2013-basladi-74x50.jpg 74w, https:\/\/www.enerjigazetesi.ist\/wp-content\/uploads\/2013\/09\/yesil-is-green-business-2013-basladi.jpg 430w\" sizes=\"(max-width: 300px) 100vw, 300px\" \/><\/a>a Plan\u0131\u2019n\u0131 da bu anlay\u0131\u015fla hayata ge\u00e7irdiklerini vurgulayan Bakan Y\u0131lmaz, s\u00f6zlerine \u015f\u00f6yle devam etti: &#8220;Bu planda ilk kez \u2018nitelikli insan, g\u00fc\u00e7l\u00fc toplum\u2019 diyerek plana ba\u015flad\u0131k. Yenilik\u00e7i \u00fcretim anlay\u0131\u015f\u0131yla istikrarl\u0131 y\u00fcksek b\u00fcy\u00fcme sa\u011flamay\u0131 hedefliyoruz. Nas\u0131l daha fazla bilgi \u00fcretir, bu bilgiyi nas\u0131l daha fazla katma de\u011fere d\u00f6n\u00fc\u015ft\u00fcr\u00fcr\u00fcz? Bilgi temelli bir b\u00fcy\u00fcme stratejisi benimsiyoruz. T\u00fcrkiye, enerji ba\u011f\u0131ml\u0131l\u0131\u011f\u0131 \u00e7ok, do\u011fal kaynaklar\u0131 az bir \u00fclke. Oysa \u00f6n\u00fcm\u00fczdeki 4-5 y\u0131lda \u015fehirle\u015fme \u00f6nem kazanacak. Kalk\u0131nma yar\u0131\u015f\u0131nda bu \u015fehirler \u00fclkeleri de \u00f6n plana \u00e7\u0131karacak. Nitelikli insan\u0131 ve sermayeyi yeti\u015ftiremeyen, koruyamayan \u00fclkeler geride kalacak.&#8221;<\/p>\n<p>Bakan Y\u0131lmaz, Bilgi Toplumu Stratejisi \u00fczerinde \u00e7al\u0131\u015fmalar\u0131n\u0131 s\u00fcrd\u00fcrd\u00fcklerini belirterek, Ar-Ge, \u00fcniversiteler, \u00fcniversite-sanayi i\u015fbirli\u011fi ve yenilik\u00e7ili\u011fi te\u015fvik konular\u0131na \u00f6zel \u00f6nem verdiklerini kaydetti.<\/p>\n<p><strong>Bakan Y\u0131lmaz\u2019dan uluslararas\u0131 b\u00fcy\u00fck \u015firketlere \u00e7a\u011fr\u0131<\/strong><\/p>\n<p>T\u00fcrkiye\u2019nin Ar-Ge\u2019nin GSMH i\u00e7indeki pay\u0131n\u0131 y\u00fczde 3\u2019ler seviyesine \u00e7\u0131karmas\u0131 gerekti\u011fini dile getiren Bakan Y\u0131lmaz, bunun i\u00e7inde \u00f6zel sekt\u00f6r\u00fcn pay\u0131n\u0131n y\u00fczde 60\u2019lar civar\u0131nda olmas\u0131 gerekti\u011fini s\u00f6yleyerek T\u00fcrkiye\u2019de faaliyet g\u00f6steren b\u00fcy\u00fck \u015firketlere \u015fu \u00e7a\u011fr\u0131da bulundu: \u201c\u015eirketler genellikle Ar-Ge\u2019ye, giri\u015fimcili\u011fe destek olmay\u0131 tercih etmiyorlar. \u00c7\u00fcnk\u00fc bu orta ve uzun vadede kazand\u0131racak bir i\u015f\u2026 Oysa giri\u015fimcili\u011fi \u00f6zel sekt\u00f6r geli\u015ftirmeli. Biz devlet olarak Ar-Ge\u2019nin pay\u0131n\u0131 y\u00fczde 5\u2019lere bile \u00e7\u0131karsak yenilik\u00e7ili\u011fi, giri\u015fimcili\u011fi desteklemek konusunda \u00f6zel sekt\u00f6re b\u00fcy\u00fck g\u00f6rev d\u00fc\u015f\u00fcyor.\u201d<\/p>\n<p><strong>Bursa: \u201cS\u00fcrd\u00fcr\u00fclebilir i\u015f modellerini benimsemeliyiz\u201d<\/strong><\/p>\n<p>S\u00fcrd\u00fcr\u00fclebilirlik Akademisi Y\u00f6netim Kurulu Ba\u015fkan\u0131 Murat Sungur Bursa \u201cBug\u00fcn art\u0131k hep birlikte bir \u015feyler yapmak zorunday\u0131z. Nesiller aras\u0131 sorumlulu\u011fu ihmal edemeyiz. Her birey kendi ya\u015fam\u0131nda s\u00fcrd\u00fcr\u00fclebilirlik anlay\u0131\u015f\u0131n\u0131 maksimize etmek zorunda&#8230; S\u00fcrd\u00fcr\u00fclebilir i\u015f modellerini benimsemeliyiz. \u00c7\u00fcnk\u00fc bug\u00fcn, gelecek nesillerin sofralar\u0131ndan bir \u015feyler \u00e7alar durumday\u0131z. Art\u0131k \u00fclkemizde de s\u00fcrd\u00fcr\u00fclebilir i\u015f modellerinin, t\u00fcketime dayal\u0131 i\u015f modellerinin yerini alaca\u011f\u0131na inan\u0131yorum\u201d diye konu\u015ftu.<\/p>\n<p><strong>Schneider Electric: \u201cS\u00fcrd\u00fcr\u00fclebilir d\u00fcnya i\u00e7in i\u015f liderlerine b\u00fcy\u00fck g\u00f6rev d\u00fc\u015f\u00fcyor\u201d<\/strong><\/p>\n<p>Ye\u015fil \u0130\u015f Konferans\u0131\u2019na Stratejik \u00c7\u00f6z\u00fcm Orta\u011f\u0131 olarak destek veren Schneider Electric T\u00fcrkiye\u2019nin Genel M\u00fcd\u00fcr\u00fc Bora Tuncer \u201c\u0130\u015f d\u00fcnyas\u0131 liderlerine b\u00fcy\u00fck g\u00f6rev d\u00fc\u015f\u00fcyor. Bug\u00fcn kamu, \u00f6zel sekt\u00f6r ve sivil toplumun birlikteli\u011fi her zamankine ve her konuya oranla \u00e7ok daha fazla \u00f6nem ta\u015f\u0131yor\u201d dedi.<\/p>\n<p>\u201c\u0130\u015f D\u00fcnyas\u0131nda De\u011fi\u015fim Zaman\u0131\u201d slogan\u0131yla \u0130stanbul\u2019da iki g\u00fcn boyunca 100\u2019\u00fcn \u00fczerinde yerli ve yabanc\u0131 konu\u015fmac\u0131, 40\u2019\u0131n \u00fczerinde oturum, 80\u2019in \u00fczerinde \u00e7\u00f6z\u00fcm orta\u011f\u0131na ev sahipli\u011fi yapacak olan Ye\u015fil \u0130\u015f 2013\u2019\u00fcn ilk oturumu \u2018\u0130\u015f D\u00fcnyas\u0131n\u0131n Yeni Parametreleri\u2019 ba\u015fl\u0131\u011f\u0131 alt\u0131nda yap\u0131ld\u0131. Oturumun moderat\u00f6rl\u00fc\u011f\u00fcn\u00fc \u00fcstlenen The Guardian Sustainable Business Genel Yay\u0131n Y\u00f6netmeni Jo Confino, \u201cT\u00fcm \u015firketler bir ad\u0131m geri \u00e7ekilerek gelece\u011fe bakmak zorunda. Korkular\u0131m\u0131zla y\u00fczle\u015fmeli, fakat f\u0131rsatlar\u0131 de\u011ferlendirmeliyiz\u201d dedi.<\/p>\n<p>P&amp;G T\u00fcrkiye ve Kafkasya Y\u00f6netim Kurulu Ba\u015fkan\u0131 Tankut Turnao\u011flu da s\u00fcrd\u00fcr\u00fclebilirli\u011fi bir engel de\u011fil i\u015f f\u0131rsat\u0131 olarak g\u00f6rd\u00fcklerini kaydetti. Turnao\u011flu, \u201c\u015eirketler s\u00fcrd\u00fcr\u00fclebilirli\u011fi k\u00fclt\u00fcrlerinin bir par\u00e7as\u0131 olarak benimsemeli\u201d dedi.<\/p>\n<p>BASF T\u00fcrkiye, Ortado\u011fu ve Kuzey Afrika, BASF T\u00fcrk CEO\u2019su Volker Hammes do\u011fal kaynaklar\u0131n bu \u015fekilde t\u00fcketilmeye devam edilmesi halinde 2050 y\u0131l\u0131nda 3 d\u00fcnya gerekece\u011fine vurgu yapt\u0131. Hammes, \u201c\u00dcretim ve t\u00fcketim \u015fekillerini de\u011fi\u015ftirmeliyiz. BASF olarak, s\u00fcrd\u00fcr\u00fclebilir d\u00fcnya i\u00e7in kimya \u00fcretiyoruz. 100 binden fazla \u00e7al\u0131\u015fan\u0131m\u0131z da bu anlay\u0131\u015f\u0131 benimsemeli. Bu, uzun bir yolculuk\u2026 Ve art\u0131k t\u00fcm b\u00fcy\u00fck \u015firketler de tedarik\u00e7ilerinden s\u00fcrd\u00fcr\u00fclebilirlik anlay\u0131\u015f\u0131 bekliyor\u201d \u015feklinde konu\u015ftu.<\/p>\n<p>Eczac\u0131ba\u015f\u0131 Yap\u0131 \u00dcr\u00fcnleri Grubu Ba\u015fkan Yard\u0131mc\u0131s\u0131 Zeki \u015eafak Ozan ise, \u201cS\u00fcrd\u00fcr\u00fclebilirlik i\u00e7in fark\u0131ndal\u0131k yaratmak \u00f6nemli\u201d dedi.<\/p>\n<p><strong>S\u00fcrd\u00fcr\u00fclebilir i\u015f liderleri Ye\u015fil \u0130\u015f\u2019te bulu\u015ftu<\/strong><\/p>\n<p>Ye\u015fil \u0130\u015f 2013\u2019\u00fcn Stratejik \u00c7\u00f6z\u00fcm Ortakl\u0131\u011f\u0131\u2019n\u0131 Schneider Electric \u00fcstlenirken; BASF-The Chemical Company ve Bio \u0130stanbul di\u011fer\u00f6nemli \u00e7\u00f6z\u00fcm ortaklar\u0131 aras\u0131nda yer ald\u0131. Ayr\u0131ca Capatect, Garanti Bankas\u0131, P&amp;G ve Rehau, \u00c7al\u0131k ise \u00e7\u00f6z\u00fcm orta\u011f\u0131 olarak konferansa destek verirken, Vodafone ileti\u015fim \u00e7\u00f6z\u00fcm ortakl\u0131\u011f\u0131n\u0131 \u00fcstlendi. Ayr\u0131ca ulusal ve uluslararas\u0131 bir\u00e7ok kurum, kurulu\u015f ve STK konferans\u0131n destek\u00e7ileri aras\u0131nda yer ald\u0131.<\/p>\n<p><strong>Karbon Ayak \u0130zi siliniyor!<\/strong><\/p>\n<p>S\u00fcrd\u00fcr\u00fclebilirlik Akademisi, t\u00fcm etkinliklerini karbon n\u00f6tr olarak ger\u00e7ekle\u015ftiriyor. Ye\u015fil \u0130\u015f 2013\u2019te konferans\u0131n karbon ayak izi \u00fcniversiteli g\u00f6n\u00fcll\u00fclerden olu\u015fan \u2018Karbon Avc\u0131lar\u0131\u2019 ekibi taraf\u0131ndan hesaplan\u0131yor.<\/p>\n<p>Kaynak: <a href=\"http:\/\/www.energyworld.com.tr\/root.vol?title=yesil-isgreen-business-2013-basladi&amp;exec=page&amp;nid=574063\" target=\"_blank\">Energy World<\/a><\/p>","protected":false},"excerpt":{"rendered":"<p>Sorry, this entry is only available in Turkish. For the sake of viewer convenience, the content is shown below in the alternative language. You may click the link to switch the active language.T\u00fcrkiye\u2019nin en g\u00fc\u00e7l\u00fc s\u00fcrd\u00fcr\u00fclebilir i\u015f platformu olarak kabul edilen Ye\u015fil \u0130\u015f-Green Business 2013 ba\u015flad\u0131. 5. Y\u0131l\u0131nda \u2018De\u011fi\u015fim Zaman\u0131\u2019 temas\u0131yla i\u015f d\u00fcnyas\u0131n\u0131 bulu\u015fturan konferans\u0131n [&hellip;]<\/p>\n","protected":false},"author":1,"featured_media":15473,"comment_status":"open","ping_status":"open","sticky":false,"template":"","format":"standard","meta":[],"categories":[53],"tags":[6512,63,67,1009,165,8423,8424,1247,3424,6517,8420,1296,6515,8723],"views":560,"_links":{"self":[{"href":"https:\/\/www.enerjigazetesi.ist\/en\/wp-json\/wp\/v2\/posts\/15472"}],"collection":[{"href":"https:\/\/www.enerjigazetesi.ist\/en\/wp-json\/wp\/v2\/posts"}],"about":[{"href":"https:\/\/www.enerjigazetesi.ist\/en\/wp-json\/wp\/v2\/types\/post"}],"author":[{"embeddable":true,"href":"https:\/\/www.enerjigazetesi.ist\/en\/wp-json\/wp\/v2\/users\/1"}],"replies":[{"embeddable":true,"href":"https:\/\/www.enerjigazetesi.ist\/en\/wp-json\/wp\/v2\/comments?post=15472"}],"version-history":[{"count":1,"href":"https:\/\/www.enerjigazetesi.ist\/en\/wp-json\/wp\/v2\/posts\/15472\/revisions"}],"predecessor-version":[{"id":15474,"href":"https:\/\/www.enerjigazetesi.ist\/en\/wp-json\/wp\/v2\/posts\/15472\/revisions\/15474"}],"wp:featuredmedia":[{"embeddable":true,"href":"https:\/\/www.enerjigazetesi.ist\/en\/wp-json\/wp\/v2\/media\/15473"}],"wp:attachment":[{"href":"https:\/\/www.enerjigazetesi.ist\/en\/wp-json\/wp\/v2\/media?parent=15472"}],"wp:term":[{"taxonomy":"category","embeddable":true,"href":"https:\/\/www.enerjigazetesi.ist\/en\/wp-json\/wp\/v2\/categories?post=15472"},{"taxonomy":"post_tag","embeddable":true,"href":"https:\/\/www.enerjigazetesi.ist\/en\/wp-json\/wp\/v2\/tags?post=15472"}],"curies":[{"name":"wp","href":"https:\/\/api.w.org\/{rel}","templated":true}]}}