{"id":154646,"date":"2022-04-23T11:42:02","date_gmt":"2022-04-23T08:42:02","guid":{"rendered":"https:\/\/www.enerjigazetesi.ist\/?p=154646"},"modified":"2022-04-23T11:42:02","modified_gmt":"2022-04-23T08:42:02","slug":"oppo-ambalajlarinda-kullandigi-plastik-miktarini-yuzde-95-oraninda-azaltti","status":"publish","type":"post","link":"https:\/\/www.enerjigazetesi.ist\/en\/oppo-ambalajlarinda-kullandigi-plastik-miktarini-yuzde-95-oraninda-azaltti\/","title":{"rendered":"(Turkish) &#8217;OPPO&#8217; Ambalajlar\u0131nda Kulland\u0131\u011f\u0131 Plastik Miktar\u0131n\u0131 %95 Oran\u0131nda Azaltt\u0131"},"content":{"rendered":"<p class=\"qtranxs-available-languages-message qtranxs-available-languages-message-en\">Sorry, this entry is only available in <a href=\"https:\/\/www.enerjigazetesi.ist\/tr\/wp-json\/wp\/v2\/posts\/154646\" class=\"qtranxs-available-language-link qtranxs-available-language-link-tr\" title=\"Turkish\">Turkish<\/a>. For the sake of viewer convenience, the content is shown below in the alternative language. You may click the link to switch the active language.<\/p><p><\/p>\n<h2>D\u00fcnyada her y\u0131l 22 Nisan&#8217;da gezegenimizin korunmas\u0131 konusunda fark\u0131ndal\u0131k yaratmak amac\u0131yla &#8216;D\u00fcnya G\u00fcn\u00fc&#8217; kutlan\u0131yor. Teknolojideki uzmanl\u0131\u011f\u0131yla ya\u015fam\u0131 iyile\u015ftirmeyi hedefleyen, d\u00fcnyan\u0131n \u00f6nde gelen lider ak\u0131ll\u0131 \u00fcr\u00fcn markas\u0131 OPPO, s\u00fcrd\u00fcr\u00fclebilirli\u011fe olan uzun vadeli taahh\u00fcd\u00fcyle, global bir kurumsal vatanda\u015f olma sorumlulu\u011funa \u00f6ncelik veriyor.<\/h2>\n<p>OPPO, \u00fcr\u00fcn tasar\u0131m\u0131ndan s\u00fcrd\u00fcr\u00fclebilirlik konular\u0131nda kamuoyunu bilin\u00e7lendirmeye kadar, gezegenimize <strong>daha ye\u015fil bir gelecek<\/strong> sunmay\u0131 te\u015fvik etmek i\u00e7in <strong>teknolojiyi<\/strong> ve <strong>marka g\u00fcc\u00fcn\u00fc<\/strong> kesintisiz kullan\u0131yor.<\/p>\n<p style=\"text-align: center;\"><img loading=\"lazy\" class=\"aligncenter wp-image-154649\" src=\"https:\/\/www.enerjigazetesi.ist\/wp-content\/uploads\/2022\/04\/oppo-ambalajlarinda-kullandigi-plastik-miktarini-yuzde-95-oraninda-azaltti-2.jpg\" alt=\"\" width=\"500\" height=\"250\" srcset=\"https:\/\/www.enerjigazetesi.ist\/wp-content\/uploads\/2022\/04\/oppo-ambalajlarinda-kullandigi-plastik-miktarini-yuzde-95-oraninda-azaltti-2.jpg 550w, https:\/\/www.enerjigazetesi.ist\/wp-content\/uploads\/2022\/04\/oppo-ambalajlarinda-kullandigi-plastik-miktarini-yuzde-95-oraninda-azaltti-2-300x150.jpg 300w, https:\/\/www.enerjigazetesi.ist\/wp-content\/uploads\/2022\/04\/oppo-ambalajlarinda-kullandigi-plastik-miktarini-yuzde-95-oraninda-azaltti-2-500x250.jpg 500w, https:\/\/www.enerjigazetesi.ist\/wp-content\/uploads\/2022\/04\/oppo-ambalajlarinda-kullandigi-plastik-miktarini-yuzde-95-oraninda-azaltti-2-80x40.jpg 80w\" sizes=\"(max-width: 500px) 100vw, 500px\" \/><\/p>\n<h3><strong>OPPO, ambalajlar\u0131nda kulland\u0131\u011f\u0131 plastik miktar\u0131n\u0131 %95 oran\u0131nda azaltt\u0131<\/strong><\/h3>\n<p><strong>Plastik at\u0131klar<\/strong> g\u00fcn\u00fcm\u00fczde <strong>\u00e7evre kirlili\u011finin b\u00fcy\u00fck bir endi\u015fe kayna\u011f\u0131<\/strong> olarak \u00f6ne \u00e7\u0131k\u0131yor. Birle\u015fmi\u015f Milletler \u00c7evre Program\u0131 verilerine g\u00f6re her y\u0131l denizlere yakla\u015f\u0131k<strong> 11 milyon ton<\/strong> plastik at\u0131k b\u0131rak\u0131l\u0131yor.<a name=\"_ftnref1\"><\/a><a href=\"#_ftn1\"><sup>[1]<\/sup><\/a>\u00a0D\u00fczg\u00fcn bir \u015fekilde at\u0131lmayan <strong>plastikler s\u0131kl\u0131kla topra\u011f\u0131, suyu kirletiyor<\/strong> ve nihai olarak yedi\u011fimiz yiyecekler yoluyla insan v\u00fccuduna giriyor. Bu <strong>mikroplastikler<\/strong>, sa\u011fl\u0131\u011f\u0131m\u0131z i\u00e7in \u015fu anda hakk\u0131nda \u00e7ok az \u015fey bildi\u011fimiz<strong> gizli tehlikelere<\/strong> neden oluyor.<\/p>\n<p>Ambalaj\u0131nda kullan\u0131lan <strong>plastik miktar\u0131n\u0131 d\u00fc\u015f\u00fcrmek<\/strong> i\u00e7in OPPO, uluslararas\u0131 d\u00fczeyde kabul g\u00f6ren <strong>&#8216;3R+1D&#8217;<\/strong> s\u00fcrd\u00fcr\u00fclebilir ambalaj ilkelerini uygulamay\u0131,<strong> ambalaj a\u011f\u0131rl\u0131\u011f\u0131n\u0131n azalt\u0131lmas\u0131<\/strong> hedefine ba\u011fl\u0131 kalmay\u0131, <strong>geri d\u00f6n\u00fc\u015ft\u00fcr\u00fclm\u00fc\u015f malzemeleri<\/strong> yeniden kullanmay\u0131 ve <strong>ambalajlar\u0131nda geri d\u00f6n\u00fc\u015ft\u00fcr\u00fclebilir, biyolojik<\/strong> olarak par\u00e7alanabilen <strong>malzemeler kullanmay\u0131 taahh\u00fct<\/strong> ediyor. Bu yakla\u015f\u0131m sayesinde OPPO, 2019&#8217;dan bu yana Avrupa&#8217;daki ambalajlar\u0131nda kulland\u0131\u011f\u0131 <strong>plastik miktar\u0131n\u0131<\/strong> b\u00fcy\u00fck bir ba\u015far\u0131yla <strong>%95<\/strong> oran\u0131nda azaltt\u0131. \u015eirket, <strong>geleneksel plastiklerin<\/strong> yerine<strong> biyolojik<\/strong> olarak par\u00e7alanabilen <strong>polilaktik asit malzemesini kullanmay\u0131<\/strong> tercih ediyor.<\/p>\n<p>Bu y\u0131l\u0131n ba\u015flar\u0131nda piyasaya s\u00fcr\u00fclen <strong>OPPO 5G CPE T2<\/strong> modeli, bir k\u0131sm\u0131 t\u00fcketicilerin kulland\u0131\u011f\u0131 \u00fcr\u00fcnlerden elde edilen PCR&#8217;den (T\u00fcketici Sonras\u0131 Geri D\u00f6n\u00fc\u015ft\u00fcr\u00fclm\u00fc\u015f Plastikler) \u00fcretildi.<\/p>\n<h3><strong>Find X5 serisi ambalaj\u0131 %45 oran\u0131nda geri d\u00f6n\u00fc\u015ft\u00fcr\u00fclm\u00fc\u015f liften \u00fcretildi<\/strong><\/h3>\n<p>Ormanlar, hayatta kalmak i\u00e7in insanlara g\u00fcven veren bir\u00e7ok do\u011fal kayna\u011fa ev sahipli\u011fi yap\u0131yor. Ancak Amazon ya\u011fmur ormanlar\u0131, a\u015f\u0131r\u0131 a\u011fa\u00e7 kesimi nedeniyle, son 50 y\u0131lda ormanl\u0131k alanlar\u0131n\u0131n %17&#8217;sini kaybetti.<a name=\"_ftnref2\"><\/a><a href=\"#_ftn2\"><sup>[2]<\/sup><\/a>\u00a0A\u011fa\u00e7 kesimi ile orman arazilerinin azalt\u0131lmas\u0131, d\u00fcnyadaki biyolojik \u00e7e\u015fitlili\u011fe do\u011frudan tehdit olu\u015fturuyor ve ayn\u0131 zamanda k\u00fcresel \u0131s\u0131nmay\u0131 h\u0131zland\u0131r\u0131yor.<\/p>\n<p>OPPO, ah\u015fap kaynakl\u0131 lif t\u00fcketimini azaltmak i\u00e7in m\u00fcmk\u00fcn oldu\u011funca geri d\u00f6n\u00fc\u015ft\u00fcr\u00fclm\u00fc\u015f malzemeler kullan\u0131yor. \u00d6rne\u011fin, Avrupa&#8217;da sat\u0131\u015fa sunulan OPPO Find X5 serisinin ambalaj\u0131 yakla\u015f\u0131k %45 oran\u0131nda geri d\u00f6n\u00fc\u015ft\u00fcr\u00fclm\u00fc\u015f liften \u00fcretildi. Bu malzeme, geri d\u00f6n\u00fc\u015ft\u00fcr\u00fclm\u00fc\u015f k\u00e2\u011f\u0131ttan veya \u015feker kam\u0131\u015f\u0131 ve bambu gibi di\u011fer organik at\u0131klardan olu\u015fuyor.<\/p>\n<h3><strong>Pil Sa\u011fl\u0131\u011f\u0131 Motoru pillerin %80&#8217;inden fazlas\u0131n\u0131 korumaya yard\u0131mc\u0131 oluyor<\/strong><\/h3>\n<p>T\u00fcm d\u00fcnyada meydana gelen elektronik at\u0131k hacmi son<strong> 5<\/strong> y\u0131lda <strong>%21<\/strong> artt\u0131 ve bu kalem en h\u0131zl\u0131 b\u00fcy\u00fcyen evsel at\u0131k kategorisi haline geldi. Buna ra\u011fmen elektronik at\u0131klar\u0131n sadece <strong>%17,4<\/strong>&#8216;\u00fc geri d\u00f6n\u00fc\u015ft\u00fcr\u00fcl\u00fcyor.<a name=\"_ftnref3\"><\/a><a href=\"#_ftn3\"><sup>[3]<\/sup><\/a>\u00a0<strong>Elektronik at\u0131klar\u0131n<\/strong> \u00e7evre \u00fczerinde olu\u015fturdu\u011fu uzun vadeli tehdidin bilinciyle <strong>OPPO<\/strong>, \u00fcr\u00fcnlerini daha dayan\u0131kl\u0131 hale getiriyor. \u015eirket ayr\u0131ca, \u00e7evreye olumsuz etkisini en aza indirmek i\u00e7in <strong>elektronik \u00fcr\u00fcn at\u0131klar\u0131na<\/strong> y\u00f6nelik <strong>geri d\u00f6n\u00fc\u015f\u00fcm programlar\u0131<\/strong> olu\u015fturdu.<\/p>\n<p>\u00d6rne\u011fin, pazara yeni sunulan OPPO Find X5 serisi, OPPO&#8217;nun kendi geli\u015ftirdi\u011fi Pil Sa\u011fl\u0131\u011f\u0131 Motoru teknolojisiyle donat\u0131ld\u0131. OPPO&#8217;nun <strong>80W SuperVOOC h\u0131zl\u0131 \u015farj teknolojisini<\/strong> kullanan bu \u00e7\u00f6z\u00fcm, <strong>1.600&#8217;e<\/strong> kadar tam \u015farj d\u00f6ng\u00fcs\u00fcnden sonra bile<strong> ak\u0131ll\u0131 telefon pillerinin<\/strong> kendi kapasitelerinin <strong>%80<\/strong>&#8216;inden fazlas\u0131n\u0131 korumaya yard\u0131mc\u0131 oluyor. Bu da sekt\u00f6r ortalamas\u0131n\u0131n <strong>2<\/strong> kat\u0131ndan fazla bir s\u00fcreye denk geliyor ve bu <strong>teknolojiden g\u00fc\u00e7<\/strong> alan <strong>her pilin<\/strong> daha uzun kullan\u0131lmas\u0131n\u0131 sa\u011fl\u0131yor.<\/p>\n<p>OPPO, kullan\u0131lm\u0131\u015f cep telefonlar\u0131n\u0131n <strong>geri d\u00f6n\u00fc\u015f\u00fcm\u00fcn\u00fc<\/strong> ve <strong>yeniden kullan\u0131m\u0131n\u0131<\/strong> te\u015fvik etmek i\u00e7in yerel ve uluslararas\u0131 pazarlarda takas hizmetleri sunan bir \u00fcr\u00fcn geri d\u00f6n\u00fc\u015f\u00fcm sistemi de kurdu. \u00c7in&#8217;de bu program arac\u0131l\u0131\u011f\u0131yla bug\u00fcne kadar <strong>1,2 milyondan<\/strong> fazla <strong>ak\u0131ll\u0131 telefon geri d\u00f6n\u00fc\u015f\u00fcme<\/strong> dahil oldu. Bu, 216 tondan fazla <strong>elektronik at\u0131\u011f\u0131n<\/strong> \u00f6n\u00fcne ge\u00e7mek anlam\u0131na geliyor.<\/p>\n<p>OPPO ayr\u0131ca sekt\u00f6rel ve sivil toplum kurulu\u015flar\u0131 ortakl\u0131klar\u0131 arac\u0131l\u0131\u011f\u0131yla<strong> at\u0131k haldeki elektronik \u00fcr\u00fcnlerin geri d\u00f6n\u00fc\u015f\u00fcm\u00fc<\/strong>n\u00fc <strong>te\u015fvik etmeye<\/strong> de yard\u0131mc\u0131 oluyor. Avrupa&#8217;da <strong>yerel geri d\u00f6n\u00fc\u015f\u00fcm sistemleri<\/strong>ne mali destekler sa\u011flayan OPPO, <strong>elektronik at\u0131klara<\/strong> y\u00f6nelik bir geri d\u00f6n\u00fc\u015f\u00fcm program\u0131n\u0131 hayata ge\u00e7irmek i\u00e7in <strong>geri d\u00f6n\u00fc\u015f\u00fcm<\/strong> kurulu\u015flar\u0131yla i\u015f ortakl\u0131klar\u0131 ger\u00e7ekle\u015ftiriyor. OPPO, Avustralya&#8217;da ise insanlar\u0131 <strong>elektronik at\u0131klar\u0131n\u0131<\/strong> do\u011fru bir \u015fekilde<strong> geri d\u00f6n\u00fc\u015ft\u00fcrmeye<\/strong> ve \u00e7\u00f6pe giden e-at\u0131k miktar\u0131n\u0131 azaltmaya te\u015fvik etmek i\u00e7in<strong> Taronga Conservation Society\/Taronga Koruma Derne\u011fi<\/strong> ile \u00e7al\u0131\u015fmalar y\u00fcr\u00fct\u00fcyor.<\/p>\n<p>OPPO ayr\u0131ca, cep telefonlar\u0131n\u0131n t\u00fcm <strong>ya\u015fam d\u00f6ng\u00fcs\u00fc<\/strong> boyunca <strong>\u00e7evresel performans\u0131n\u0131 de\u011ferlendirmek<\/strong> i\u00e7in Avrupa&#8217;n\u0131n \u00f6nde gelen birka\u00e7 operat\u00f6r\u00fc taraf\u0131ndan olu\u015fturulmu\u015f <strong>Eco Rating etiketleme<\/strong> plan\u0131na dahil olan ilk ak\u0131ll\u0131 telefon \u00fcreticilerinden biri oldu. Programa kat\u0131larak s\u00fcrd\u00fcr\u00fclebilir d\u00f6n\u00fc\u015f\u00fcme destek veren OPPO, sekt\u00f6rdeki di\u011fer oyuncularla i\u015f birli\u011fi i\u00e7inde \u00e7al\u0131\u015f\u0131yor.<\/p>\n<h3><strong>OPPO, sivil toplum kurulu\u015flar\u0131yla ortakl\u0131klar kuruyor<\/strong><\/h3>\n<p>Yaln\u0131zca kendi teknolojisini kullanarak<strong> \u00e7evre<\/strong> ve<strong> s\u00fcrd\u00fcr\u00fclebilirlik<\/strong> sorunlar\u0131na \u00e7\u00f6z\u00fcmler sunmakla kalmayan OPPO, bu sorunlar\u0131n a\u015f\u0131lmas\u0131na yard\u0131mc\u0131 olmak i\u00e7in d\u00fcnyan\u0131n her yerinden insanlar\u0131 bir araya getiren sivil toplum kurulu\u015flar\u0131yla ortakl\u0131k kuruyor. \u015eirket, 2021 y\u0131l\u0131nda \u0130talya&#8217;n\u0131n <strong>5<\/strong> \u015fehrinde <strong>plastik at\u0131k toplama faaliyetleri<\/strong> d\u00fczenlemek i\u00e7in, yerel bir sivil toplum kurulu\u015fu olan <strong>Free Plastic Odv Onlus<\/strong> ile ortakl\u0131k ba\u015flatt\u0131. Program kapsam\u0131nda,<strong> 1.000&#8217;den fazla<\/strong> g\u00f6n\u00fcll\u00fcn\u00fcn yard\u0131m\u0131yla, <strong>10 tonun<\/strong> \u00fczerinde <strong>plastik at\u0131k geri d\u00f6n\u00fc\u015ft\u00fcr\u00fcld\u00fc.<\/strong><\/p>\n<p>Avustralya&#8217;da ise \u015firket, Great Barrier Reef&#8217;in kar\u015f\u0131 kar\u015f\u0131ya oldu\u011fu \u00e7evresel krizle ilgili fark\u0131ndal\u0131\u011f\u0131 art\u0131rmak ve halk\u0131 bu y\u00f6nde harekete ge\u00e7mek i\u00e7in <strong>Reef Restoration Foundation (RRF)<\/strong> ile ortakl\u0131k kurarak <strong>Art\u0131r\u0131lm\u0131\u015f Ger\u00e7eklik uygulamas\u0131n\u0131<\/strong> kullan\u0131ma sundu. OPPO yine 2021 y\u0131l\u0131nda, bu fonun 2026 y\u0131l\u0131na kadar <strong>Great Barrier Reef&#8217;<\/strong>de <strong>1.000.000<\/strong> yeni mercan \u00fcretme misyonunu ger\u00e7ekle\u015ftirmesine yard\u0131mc\u0131 olmak i\u00e7in, <strong>52.000 dolar\u0131n<\/strong> \u00fczerinde ba\u011f\u0131\u015f yapt\u0131.<\/p>\n<h3><strong>OPPO nesli t\u00fckenmekte olan hayvanlar\u0131n renk \u00e7e\u015fitlili\u011fini koruyor<\/strong><\/h3>\n<p>D\u00fcnyadaki <strong>do\u011fal alanlar\u0131n<\/strong> ve <strong>biyolojik \u00e7e\u015fitlili\u011fin korunmas\u0131<\/strong>, g\u00f6z ard\u0131 edilemeyecek kadar b\u00fcy\u00fck bir konu&#8230; \u015eu anda yok olma tehdidi alt\u0131nda olan 1 milyona yak\u0131n t\u00fcr bulunuyor<a name=\"_ftnref4\"><\/a><a href=\"#_ftn4\"><sup>[4]<\/sup><\/a> ve OPPO, bu t\u00fcrlerin do\u011faya katt\u0131\u011f\u0131 renk \u00e7e\u015fitlili\u011fini ve g\u00fczelli\u011fi korumaya yard\u0131mc\u0131 olmak i\u00e7in teknolojiyi kullan\u0131yor. <strong>OPPO<\/strong>&#8216;nun <strong>National Geographic<\/strong> ile y\u00fcr\u00fctt\u00fc\u011f\u00fc <strong>Tehlike Alt\u0131ndaki Renkler projesi<\/strong>, \u00fcst \u00fcste ikinci kez, <strong>nesli t\u00fckenmekte olan<\/strong> ve <strong>risk alt\u0131ndaki hayvanlar\u0131n<\/strong> ilgi \u00e7ekici g\u00f6r\u00fcnt\u00fclerini kullanarak gezegenin biyolojik \u00e7e\u015fitlili\u011fini korumak i\u00e7in daha fazla insana ilham veriyor. Kampanya ayn\u0131 zamanda k\u00e2r amac\u0131 g\u00fctmeyen <strong>National Geographic Society<\/strong>&#8216;nin vah\u015fi ya\u015fam\u0131 koruma \u00e7abalar\u0131na y\u00f6nelik destekler de sunuyor.<\/p>\n<p>D\u00fcnyay\u0131 korumak hepimizin ortak sorumlulu\u011fu&#8230; <strong>OPPO<\/strong>, teknolojik yeniliklerle ve herkesin kat\u0131laca\u011f\u0131 ortak hareketle d\u00fcnyan\u0131n <strong>do\u011fal alanlar\u0131n\u0131n korunmas\u0131na<\/strong> yard\u0131mc\u0131 olabilece\u011fimize kar\u015f\u0131 inanc\u0131n\u0131 koruyor ve daha ye\u015fil bir gelecek i\u00e7in \u00e7al\u0131\u015fmaya devam ediyor.<\/p>\n<p><a name=\"_ftn1\"><\/a><a href=\"#_ftnref1\"><sup>[1]<\/sup><\/a>\u00a0<a href=\"https:\/\/www.unep.org\/news-and-stories\/story\/world-leaders-set-sights-plastic-pollution\">https:\/\/www.unep.org\/news-and-stories\/story\/world-leaders-set-sights-plastic-pollution<\/a><\/p>\n<p><a name=\"_ftn2\"><\/a><a href=\"#_ftnref2\"><sup>[2]<\/sup><\/a>\u00a0<a href=\"https:\/\/www.worldwildlife.org\/initiatives\/forests\">https:\/\/www.worldwildlife.org\/initiatives\/forests<\/a><\/p>\n<p><a name=\"_ftn3\"><\/a><a href=\"#_ftnref3\"><sup>[3]<\/sup><\/a>\u00a0<a href=\"https:\/\/news.un.org\/zh\/story\/2020\/07\/1061272\">https:\/\/news.un.org\/zh\/story\/2020\/07\/1061272<\/a><\/p>\n<p><a name=\"_ftn4\"><\/a><a href=\"#_ftnref4\"><sup>[4]<\/sup><\/a>\u00a0<a href=\"https:\/\/www.unep.org\/news-and-stories\/press-release\/natures-dangerous-decline-unprecedented-species-extinction-rates\">https:\/\/www.unep.org\/news-and-stories\/press-release\/natures-dangerous-decline-unprecedented-species-extinction-rates<\/a><\/p>","protected":false},"excerpt":{"rendered":"<p>Sorry, this entry is only available in Turkish. For the sake of viewer convenience, the content is shown below in the alternative language. You may click the link to switch the active language. D\u00fcnyada her y\u0131l 22 Nisan&#8217;da gezegenimizin korunmas\u0131 konusunda fark\u0131ndal\u0131k yaratmak amac\u0131yla &#8216;D\u00fcnya G\u00fcn\u00fc&#8217; kutlan\u0131yor. Teknolojideki uzmanl\u0131\u011f\u0131yla ya\u015fam\u0131 iyile\u015ftirmeyi hedefleyen, d\u00fcnyan\u0131n \u00f6nde gelen [&hellip;]<\/p>\n","protected":false},"author":1,"featured_media":154650,"comment_status":"open","ping_status":"open","sticky":false,"template":"","format":"standard","meta":[],"categories":[53],"tags":[89621,102906,10414,102904,102905,101234,102903,102907,102901,102902,4033,1296],"views":123,"_links":{"self":[{"href":"https:\/\/www.enerjigazetesi.ist\/en\/wp-json\/wp\/v2\/posts\/154646"}],"collection":[{"href":"https:\/\/www.enerjigazetesi.ist\/en\/wp-json\/wp\/v2\/posts"}],"about":[{"href":"https:\/\/www.enerjigazetesi.ist\/en\/wp-json\/wp\/v2\/types\/post"}],"author":[{"embeddable":true,"href":"https:\/\/www.enerjigazetesi.ist\/en\/wp-json\/wp\/v2\/users\/1"}],"replies":[{"embeddable":true,"href":"https:\/\/www.enerjigazetesi.ist\/en\/wp-json\/wp\/v2\/comments?post=154646"}],"version-history":[{"count":0,"href":"https:\/\/www.enerjigazetesi.ist\/en\/wp-json\/wp\/v2\/posts\/154646\/revisions"}],"wp:featuredmedia":[{"embeddable":true,"href":"https:\/\/www.enerjigazetesi.ist\/en\/wp-json\/wp\/v2\/media\/154650"}],"wp:attachment":[{"href":"https:\/\/www.enerjigazetesi.ist\/en\/wp-json\/wp\/v2\/media?parent=154646"}],"wp:term":[{"taxonomy":"category","embeddable":true,"href":"https:\/\/www.enerjigazetesi.ist\/en\/wp-json\/wp\/v2\/categories?post=154646"},{"taxonomy":"post_tag","embeddable":true,"href":"https:\/\/www.enerjigazetesi.ist\/en\/wp-json\/wp\/v2\/tags?post=154646"}],"curies":[{"name":"wp","href":"https:\/\/api.w.org\/{rel}","templated":true}]}}