{"id":154631,"date":"2022-04-23T10:56:17","date_gmt":"2022-04-23T07:56:17","guid":{"rendered":"https:\/\/www.enerjigazetesi.ist\/?p=154631"},"modified":"2022-04-23T10:57:28","modified_gmt":"2022-04-23T07:57:28","slug":"coca-cola-icecekten-tesislerinde-yuzde-100-yenilenebilir-enerjiyle-uretim-hedefi","status":"publish","type":"post","link":"https:\/\/www.enerjigazetesi.ist\/en\/coca-cola-icecekten-tesislerinde-yuzde-100-yenilenebilir-enerjiyle-uretim-hedefi\/","title":{"rendered":"(Turkish) &#8217;Coca-Cola&#8217; Tesislerinde %100 Yenilenebilir Enerjiyle \u00dcretim Hedefliyor"},"content":{"rendered":"<p class=\"qtranxs-available-languages-message qtranxs-available-languages-message-en\">Sorry, this entry is only available in <a href=\"https:\/\/www.enerjigazetesi.ist\/tr\/wp-json\/wp\/v2\/posts\/154631\" class=\"qtranxs-available-language-link qtranxs-available-language-link-tr\" title=\"Turkish\">Turkish<\/a>. For the sake of viewer convenience, the content is shown below in the alternative language. You may click the link to switch the active language.<\/p><p><\/p>\n<h2><strong>Coca-Cola \u0130\u00e7ecek (CCI) taraf\u0131ndan 2030 i\u00e7in s\u00fcrd\u00fcr\u00fclebilirlik taahh\u00fctleri 22 Nisan Yery\u00fcz\u00fc G\u00fcn\u00fc\u2019nde kamuoyuna a\u00e7\u0131kland\u0131. <\/strong><\/h2>\n<p>CCI 2030 y\u0131l\u0131na kadar; t\u00fcm ambalajlar\u0131nda en az<strong> %50<\/strong> geri d\u00f6n\u00fc\u015ft\u00fcr\u00fclm\u00fc\u015f <strong>plastik kullanmak<\/strong>, <strong>ambalaj toplama sistemleri kurmak, su verimlili\u011fi<\/strong>ni <strong>%20<\/strong> art\u0131rmak, <strong>su geri kazan\u0131m\u0131 <img loading=\"lazy\" class=\"alignright wp-image-154634\" src=\"https:\/\/www.enerjigazetesi.ist\/wp-content\/uploads\/2022\/04\/Coca-Cola-Icecek-CEO-Burak-Basarir.jpg\" alt=\"\" width=\"290\" height=\"249\" srcset=\"https:\/\/www.enerjigazetesi.ist\/wp-content\/uploads\/2022\/04\/Coca-Cola-Icecek-CEO-Burak-Basarir.jpg 550w, https:\/\/www.enerjigazetesi.ist\/wp-content\/uploads\/2022\/04\/Coca-Cola-Icecek-CEO-Burak-Basarir-300x257.jpg 300w, https:\/\/www.enerjigazetesi.ist\/wp-content\/uploads\/2022\/04\/Coca-Cola-Icecek-CEO-Burak-Basarir-466x400.jpg 466w, https:\/\/www.enerjigazetesi.ist\/wp-content\/uploads\/2022\/04\/Coca-Cola-Icecek-CEO-Burak-Basarir-58x50.jpg 58w, https:\/\/www.enerjigazetesi.ist\/wp-content\/uploads\/2022\/04\/Coca-Cola-Icecek-CEO-Burak-Basarir-500x429.jpg 500w\" sizes=\"(max-width: 290px) 100vw, 290px\" \/>projeleri<\/strong>, tesislerinde<strong> %100<\/strong> yenilenebilir elektri\u011fe ge\u00e7mek, karbon emisyonlar\u0131n\u0131 <strong>%13<\/strong> azaltmak, \u0130nsan Haklar\u0131 Politikas\u0131\u2019na <strong>%100<\/strong> uyum, i\u015fte<strong> toplumsal cinsiyet e\u015fitli\u011fini sa\u011flamak<\/strong> amac\u0131yla <strong>kad\u0131n istihdam\u0131n\u0131 art\u0131rmak<\/strong> ve <strong>s\u00fcrd\u00fcr\u00fclebilir kalk\u0131nma programlar\u0131<\/strong> ile <strong>3,5 milyon ki\u015fiye<\/strong> ula\u015fmak i\u00e7in harekete ge\u00e7ti.<\/p>\n<p>Faaliyet g\u00f6sterdi\u011fi <strong>11<\/strong> \u00fclkede, <strong>10 bin<\/strong> \u00e7al\u0131\u015fan\u0131 ve <strong>100 bine<\/strong> yak\u0131n ki\u015fiden olu\u015fan dev ekosistemiyle<strong> 430 milyonluk<\/strong> bir n\u00fcfusa hizmet sunan <strong>Coca-Cola \u0130\u00e7ecek (CCI)<\/strong>, <strong>22 Nisan Yery\u00fcz\u00fc G\u00fcn\u00fc<\/strong>\u2019nde gelecek i\u00e7in ta\u015f\u0131d\u0131\u011f\u0131 sorumlulu\u011fu <strong>2030 S\u00fcrd\u00fcr\u00fclebilirlik Taahh\u00fctleri<\/strong> ile ortaya koydu. Yol haritas\u0131n\u0131 \u00e7evresel konularda <strong>ambalaj, su<\/strong> ve<strong> iklim de\u011fi\u015fikli\u011fi<\/strong>; sosyal konularda ise <strong>insan haklar\u0131, \u00e7e\u015fitlilik<\/strong> ve <strong>kapsay\u0131c\u0131l\u0131kla toplumsal yat\u0131r\u0131mlar<\/strong> olmak \u00fczere alt\u0131 ana ba\u015fl\u0131\u011fa odaklayan<strong> CCI<\/strong>, hayata ge\u00e7irmeyi taahh\u00fct etti\u011fi \u00e7al\u0131\u015fmalar\u0131<strong> 9 maddede<\/strong> toplad\u0131.<\/p>\n<h3><strong>\u201cSorumluluk al\u0131yoruz\u201d<\/strong><\/h3>\n<p>CCI\u2019\u0131n 20 y\u0131l \u00f6nce yay\u0131nlad\u0131\u011f\u0131 <strong>ilk \u00e7evre politikas\u0131<\/strong> ile s\u00fcrd\u00fcr\u00fclebilirlik yolculu\u011funa ba\u015flad\u0131\u011f\u0131n\u0131 hat\u0131rlatan CEO Burak Ba\u015far\u0131r, <em>\u201c<strong>\u00c7al\u0131\u015fanlar\u0131m\u0131z, toplumumuz, t\u00fcketicilerimiz<\/strong> ve <strong>m\u00fc\u015fterilerimiz<\/strong> i\u00e7in her g\u00fcn daha fazla de\u011fer yaratmaya gayret ediyoruz. \u00d6nemli ba\u015far\u0131lara imza att\u0131k ama daha yapacak \u00e7ok i\u015fimiz oldu\u011funun da fark\u0131nday\u0131z. \u015eimdi \u00e7ok \u00f6nemli bir ad\u0131m daha at\u0131yoruz ve <strong>2030 y\u0131l\u0131<\/strong> i\u00e7in <strong>yeni taahh\u00fctler e\u015fli\u011finde<\/strong> yine <strong>sorumluluk al\u0131yoruz<\/strong>\u201d<\/em> diye konu\u015ftu.<\/p>\n<p>Ba\u015far\u0131r s\u00f6zlerine <span style=\"text-decoration: underline;\">\u015f\u00f6yle devam etti:<\/span> <em>\u201cGlobal bir \u015firket olarak <strong>sorumlulu\u011fumuzun fark\u0131nday\u0131z<\/strong>. Bug\u00fcne kadar CCI\u2019\u0131n<strong> sosyal, \u00e7evresel<\/strong> ve <strong>finansal performans\u0131<\/strong>n\u0131 <strong>\u015feffafl\u0131k<\/strong> ve<strong> hesap verebilirlik<\/strong> ilkeleri \u00e7er\u00e7evesinde payda\u015flar\u0131m\u0131zla payla\u015fmaya her zaman \u00f6zen g\u00f6sterdik. Hedeflerimize ula\u015fman\u0131n s\u00fcrd\u00fcr\u00fclebilirli\u011fin i\u015f stratejimize tam anlam\u0131yla entegrasyonuyla m\u00fcmk\u00fcn oldu\u011funu biliyoruz. O nedenle s\u00fcrd\u00fcr\u00fclebilirlik inisiyatiflerimizi proje olarak de\u011fil, i\u015f yap\u0131\u015f bi\u00e7imimizi de\u011fi\u015ftirmek olarak alg\u0131l\u0131yoruz. Bu \u00e7er\u00e7evede<strong> \u2018Ambalaj, Su, \u0130klim De\u011fi\u015fikli\u011fi, \u0130nsan Haklar\u0131, \u00c7e\u015fitlilik ve Kapsay\u0131c\u0131l\u0131k ile Toplumsal Yat\u0131r\u0131mlar\u2019<\/strong> ba\u015fl\u0131klar\u0131 alt\u0131ndaki taahh\u00fctlerimizi payla\u015fmaktan onur duyuyoruz.\u201d<\/em><\/p>\n<h3><strong>Coca-Cola \u0130\u00e7ecek\u2019in 2030 S\u00fcrd\u00fcr\u00fclebilirlik Taahh\u00fctleri ise \u015fu \u015fekilde:<\/strong><\/h3>\n<p><strong>Taahh\u00fct &#8211; 1:<\/strong> 2030 y\u0131l\u0131na kadar ambalajlar\u0131m\u0131z\u0131n <strong>%100<\/strong>&#8216;\u00fcn\u00fc <strong>geri d\u00f6n\u00fc\u015ft\u00fcr\u00fclebilir<\/strong> yapmaya devam etmek ve en az <strong>%50<\/strong> oran\u0131nda <strong>geri d\u00f6n\u00fc\u015ft\u00fcr\u00fclm\u00fc\u015f plastik<\/strong> kullanmak.<\/p>\n<p><strong>Taahh\u00fct &#8211; 2:<\/strong> <strong>T\u00fcrkiye<\/strong>, <strong>Pakistan<\/strong> ve <strong>Kazakistan<\/strong>\u2019da piyasaya s\u00fcrd\u00fc\u011f\u00fcm\u00fcz ambalajlar\u0131 toplamak ve geri d\u00f6n\u00fc\u015ft\u00fcrmek, di\u011fer \u00fclkelerde <strong>ambalaj toplama programlar\u0131<\/strong>na \u00f6nc\u00fcl\u00fck etmek ve fark\u0131ndal\u0131k yaratmak.<\/p>\n<p><strong>Taahh\u00fct &#8211; 3:<\/strong> 2030\u2019a kadar <strong>su verimlili\u011fi<\/strong>ni <strong>%20<\/strong> art\u0131rmak (Baz Y\u0131l: 2020).<\/p>\n<p><strong>Taahh\u00fct &#8211; 4:<\/strong> <strong>Su n\u00f6trl\u00fc\u011f\u00fcn\u00fc<\/strong> hedeflemek ve <strong>su s\u0131k\u0131nt\u0131s\u0131<\/strong> olan b\u00f6lgelerde toplum projeleri arac\u0131l\u0131\u011f\u0131yla <strong>su g\u00fcvenli\u011fini<\/strong> sa\u011flamak.<\/p>\n<p><strong>Taahh\u00fct &#8211; 5:<\/strong> Tesislerimizi <strong>%100<\/strong> yenilenebilir enerjiyle \u00e7al\u0131\u015ft\u0131rmak ve <strong>karbon n\u00f6tr \u00fcretime<\/strong> ge\u00e7mek.<\/p>\n<p><strong>Taahh\u00fct &#8211; 6:<\/strong> 2030\u2019a kadar i\u015f hacmimizi b\u00fcy\u00fct\u00fcrken de\u011fer zincirimiz boyunca mutlak <strong>karbon emisyonlar\u0131<\/strong>m\u0131z\u0131 <strong>%13<\/strong>, litre \u00fcr\u00fcn ba\u015f\u0131na emisyonlar\u0131m\u0131z\u0131 <strong>%50<\/strong> azaltmak (Baz Y\u0131l: 2015).<\/p>\n<p><strong>Taahh\u00fct &#8211; 7:<\/strong> CCI bayilerinin ve \u00f6ncelikli tedarik\u00e7ilerinin<strong> CCI \u0130nsan Haklar\u0131 Politikas\u0131<\/strong>\u2019na <strong>%100<\/strong> uyumlu olmalar\u0131 i\u00e7in<strong> gerekli mekanizmalar\u0131 olu\u015fturmak.<\/strong><\/p>\n<p><strong>Taahh\u00fct &#8211; 8:<\/strong> 2030 y\u0131l\u0131na kadar yeni i\u015fe al\u0131nan ki\u015filerin <strong>%35<\/strong>&#8216;inin, y\u00f6netici pozisyonlar\u0131n\u0131n <strong>%40<\/strong>\u2019\u0131n\u0131n ve icra komitesi \u00fcyelerinin <strong>%50<\/strong>\u2019sinin kad\u0131nlardan olu\u015fmas\u0131n\u0131 sa\u011flamak.<\/p>\n<p><strong>Taahh\u00fct &#8211; 9:<\/strong> 2030 itibar\u0131yla kad\u0131nlar\u0131n ve <strong>gen\u00e7lerin g\u00fc\u00e7lendirilmesi<\/strong> ve <strong>\u00e7evrenin korunmas\u0131na<\/strong> odaklanan<strong> s\u00fcrd\u00fcr\u00fclebilir kalk\u0131nma programlar\u0131<\/strong> ile toplam <strong>3,5 milyon<\/strong> ki\u015fiye ula\u015fmak.<\/p>","protected":false},"excerpt":{"rendered":"<p>Sorry, this entry is only available in Turkish. For the sake of viewer convenience, the content is shown below in the alternative language. You may click the link to switch the active language. Coca-Cola \u0130\u00e7ecek (CCI) taraf\u0131ndan 2030 i\u00e7in s\u00fcrd\u00fcr\u00fclebilirlik taahh\u00fctleri 22 Nisan Yery\u00fcz\u00fc G\u00fcn\u00fc\u2019nde kamuoyuna a\u00e7\u0131kland\u0131. CCI 2030 y\u0131l\u0131na kadar; t\u00fcm ambalajlar\u0131nda en az [&hellip;]<\/p>\n","protected":false},"author":1,"featured_media":154635,"comment_status":"open","ping_status":"open","sticky":false,"template":"","format":"standard","meta":[],"categories":[51,53,52],"tags":[102891,43014,102892,102893,102889,89621,61754,1999,4578,102890,99,67009,102896,30324,102894,68226,30046,6379,102895,90],"views":247,"_links":{"self":[{"href":"https:\/\/www.enerjigazetesi.ist\/en\/wp-json\/wp\/v2\/posts\/154631"}],"collection":[{"href":"https:\/\/www.enerjigazetesi.ist\/en\/wp-json\/wp\/v2\/posts"}],"about":[{"href":"https:\/\/www.enerjigazetesi.ist\/en\/wp-json\/wp\/v2\/types\/post"}],"author":[{"embeddable":true,"href":"https:\/\/www.enerjigazetesi.ist\/en\/wp-json\/wp\/v2\/users\/1"}],"replies":[{"embeddable":true,"href":"https:\/\/www.enerjigazetesi.ist\/en\/wp-json\/wp\/v2\/comments?post=154631"}],"version-history":[{"count":0,"href":"https:\/\/www.enerjigazetesi.ist\/en\/wp-json\/wp\/v2\/posts\/154631\/revisions"}],"wp:featuredmedia":[{"embeddable":true,"href":"https:\/\/www.enerjigazetesi.ist\/en\/wp-json\/wp\/v2\/media\/154635"}],"wp:attachment":[{"href":"https:\/\/www.enerjigazetesi.ist\/en\/wp-json\/wp\/v2\/media?parent=154631"}],"wp:term":[{"taxonomy":"category","embeddable":true,"href":"https:\/\/www.enerjigazetesi.ist\/en\/wp-json\/wp\/v2\/categories?post=154631"},{"taxonomy":"post_tag","embeddable":true,"href":"https:\/\/www.enerjigazetesi.ist\/en\/wp-json\/wp\/v2\/tags?post=154631"}],"curies":[{"name":"wp","href":"https:\/\/api.w.org\/{rel}","templated":true}]}}