{"id":154594,"date":"2022-04-22T12:26:50","date_gmt":"2022-04-22T09:26:50","guid":{"rendered":"https:\/\/www.enerjigazetesi.ist\/?p=154594"},"modified":"2022-04-22T12:32:40","modified_gmt":"2022-04-22T09:32:40","slug":"oedas-in-geleneksel-siir-ve-resim-yarismasinin-sonuclari-torenle-aciklandi","status":"publish","type":"post","link":"https:\/\/www.enerjigazetesi.ist\/en\/oedas-in-geleneksel-siir-ve-resim-yarismasinin-sonuclari-torenle-aciklandi\/","title":{"rendered":"(Turkish) &#8217;Oeda\u015f&#8217;\u0131n Geleneksel \u015eiir ve Resim Yar\u0131\u015fmas\u0131n\u0131n Sonu\u00e7lar\u0131 T\u00f6renle A\u00e7\u0131kland\u0131"},"content":{"rendered":"<p class=\"qtranxs-available-languages-message qtranxs-available-languages-message-en\">Sorry, this entry is only available in <a href=\"https:\/\/www.enerjigazetesi.ist\/tr\/wp-json\/wp\/v2\/posts\/154594\" class=\"qtranxs-available-language-link qtranxs-available-language-link-tr\" title=\"Turkish\">Turkish<\/a>. For the sake of viewer convenience, the content is shown below in the alternative language. You may click the link to switch the active language.<\/p><p><\/p>\n<h2>Afyonkarahisar, Bilecik, Eski\u015fehir, K\u00fctahya ve U\u015fak illerinin elektrik da\u011f\u0131t\u0131m hizmetini sa\u011flayan <strong>Osmangazi Elektrik Da\u011f\u0131t\u0131m Anonim \u015eirketi (OEDA\u015e) <\/strong>taraf\u0131ndan d\u00fczenlenen <strong>\u201cEnerji Tasarrufu\u201d<\/strong> temal\u0131 \u015fiir ve resim yar\u0131\u015fmas\u0131n\u0131n sonu\u00e7lar\u0131 t\u00f6renle a\u00e7\u0131kland\u0131.<\/h2>\n<p><img loading=\"lazy\" class=\"alignright wp-image-154596\" src=\"https:\/\/www.enerjigazetesi.ist\/wp-content\/uploads\/2022\/04\/oedas-in-geleneksel-siir-ve-resim-yarismasinin-sonuclari-torenle-aciklandi.jpg\" alt=\"\" width=\"300\" height=\"225\" srcset=\"https:\/\/www.enerjigazetesi.ist\/wp-content\/uploads\/2022\/04\/oedas-in-geleneksel-siir-ve-resim-yarismasinin-sonuclari-torenle-aciklandi.jpg 550w, https:\/\/www.enerjigazetesi.ist\/wp-content\/uploads\/2022\/04\/oedas-in-geleneksel-siir-ve-resim-yarismasinin-sonuclari-torenle-aciklandi-300x225.jpg 300w, https:\/\/www.enerjigazetesi.ist\/wp-content\/uploads\/2022\/04\/oedas-in-geleneksel-siir-ve-resim-yarismasinin-sonuclari-torenle-aciklandi-500x375.jpg 500w, https:\/\/www.enerjigazetesi.ist\/wp-content\/uploads\/2022\/04\/oedas-in-geleneksel-siir-ve-resim-yarismasinin-sonuclari-torenle-aciklandi-67x50.jpg 67w\" sizes=\"(max-width: 300px) 100vw, 300px\" \/>Her y\u0131l OEDA\u015e\u2019\u0131n hizmet verdi\u011fi farkl\u0131 bir \u015fehirde ger\u00e7ekle\u015ftirilen ve geleneksel hale gelen yar\u0131\u015fman\u0131n bu y\u0131lki dura\u011f\u0131 <strong>Bilecik<\/strong> oldu. <strong>Bilecik \u0130l Milli E\u011fitim M\u00fcd\u00fcrl\u00fc\u011f\u00fc<\/strong> ile birlikte d\u00fczenlenen yar\u0131\u015fman\u0131n <strong>Dursun Fak\u0131h \u0130mam Hatip Ortaokulu<\/strong>\u2019nda yap\u0131lan \u00f6d\u00fcl t\u00f6renine<em><strong> Vali Dr. Kemal K\u0131z\u0131lkaya, \u0130l Milli E\u011fitim M\u00fcd\u00fcr\u00fc Mustafa Sami Akyol, OEDA\u015e Direkt\u00f6r\u00fc Muzaffer Yal\u00e7\u0131n<\/strong><\/em>\u2019\u0131n yan\u0131 s\u0131ra \u00e7ok say\u0131da davetli, <strong>\u00e7ocuklar\u0131n \u00f6\u011fretmenleri<\/strong> ve<strong> veliler<\/strong> kat\u0131l\u0131m g\u00f6sterdi.<\/p>\n<h3><strong>\u00d6d\u00fcl ve 23 Nisan co\u015fkusu bir arada<\/strong><\/h3>\n<p><strong>\u201cEnerji Tasarrufu\u201d<\/strong> temal\u0131 yar\u0131\u015fma, <strong>ilkokul \u00f6\u011frencileri<\/strong>ne y\u00f6nelik resim, ortaokul \u00f6\u011frencilerine y\u00f6nelik \u015fiir yar\u0131\u015fmas\u0131 olmak \u00fczere <strong>iki kategoride<\/strong> d\u00fczenlendi. B\u00fcy\u00fck ilgi g\u00f6ren ve toplam <strong>160<\/strong> \u00e7ocu\u011fun resim ve \u015fiirleriyle ba\u015fvurdu\u011fu yar\u0131\u015fman\u0131n finalinde, her iki kategorinin birincileri <strong>laptop<\/strong>, ikincileri <strong>tablet<\/strong>, \u00fc\u00e7\u00fcnc\u00fcleri ise<strong> bisiklet \u00f6d\u00fcl\u00fcn\u00fcn<\/strong> sahibi oldu. Ayr\u0131ca t\u00f6rene kat\u0131lan yakla\u015f\u0131k 200 \u00f6\u011frenciye; kalem kutusu, <strong>12\u2019li kuru boya kalem, kur\u015fun kalem, k\u0131rm\u0131z\u0131 kalem, kalemt\u0131ra\u015f<\/strong> ve <strong>silgiden<\/strong> olu\u015fan birer <strong>k\u0131rtasiye seti hediye<\/strong> edildi.<strong> 23 Nisan Ulusal Egemenlik ve \u00c7ocuk Bayram\u0131<\/strong>\u2019n\u0131n da kutland\u0131\u011f\u0131 t\u00f6rende \u00e7ocuklar\u0131n mutlulu\u011fu g\u00f6zlerinden okundu.<\/p>\n<h3><strong>Muzaffer Yal\u00e7\u0131n: \u00c7ocuklar\u0131m\u0131z\u0131n \u00e7evreye duyarl\u0131l\u0131\u011f\u0131 gelece\u011fe dair umutlar\u0131m\u0131z\u0131 art\u0131r\u0131yor\u201d<\/strong><\/h3>\n<p>T\u00f6renin ard\u0131ndan bir a\u00e7\u0131klama yapan <strong>OEDA\u015e Direkt\u00f6r\u00fc Muzaffer Yal\u00e7\u0131n<\/strong>, enerjinin verimli ve tasarruflu kullan\u0131m\u0131n\u0131n <strong>\u00e7evrenin korunmas\u0131<\/strong> ve <strong>iklim de\u011fi\u015fikli\u011fi ile m\u00fccadelede<\/strong> en \u00f6nemli ara\u00e7lardan biri oldu\u011funa dikkat \u00e7ekti. Bu konuda k\u00fc\u00e7\u00fck ya\u015flardan itibaren fark\u0131ndal\u0131k yarat\u0131lmas\u0131n\u0131n d\u00fcnyan\u0131n gelece\u011fine y\u00f6nelik \u00f6nemli bir ad\u0131m oldu\u011funu ifade eden <strong>Yal\u00e7\u0131n<\/strong>, <em>\u201cOEDA\u015e olarak bu s\u00fcrece katk\u0131 sa\u011flamak i\u00e7in bu y\u0131l alt\u0131nc\u0131s\u0131n\u0131 d\u00fczenledi\u011fimiz yar\u0131\u015fmam\u0131za \u00e7ocuklar\u0131m\u0131z\u0131n g\u00f6sterdi\u011fi ilgi, d\u00fcnyam\u0131z\u0131n gelece\u011fine dair umutlar\u0131m\u0131z\u0131 art\u0131r\u0131yor. <strong>\u00c7ocuklar\u0131n \u00e7evre duyarl\u0131l\u0131\u011f\u0131n\u0131n<\/strong> yan\u0131 s\u0131ra <strong>resim<\/strong> ve <strong>\u015fiir<\/strong> alan\u0131nda bu denli <strong>yetenekli olmalar\u0131n\u0131<\/strong> g\u00f6rmekten de mutluluk duyuyoruz. Her y\u0131l oldu\u011fu gibi bu y\u0131l da j\u00fcrimiz se\u00e7im yapmakta zorland\u0131. Bu nedenle <strong>yaln\u0131zca dereceye girenleri<\/strong> de\u011fil yar\u0131\u015fmam\u0131za <strong>kat\u0131lan t\u00fcm \u00e7ocuklar\u0131<\/strong> tebrik ediyor; <strong>\u00e7evreye, sanata, edebiyata<\/strong> olan ilgilerini kaybetmemelerini diliyorum. Ayr\u0131ca ba\u015fta \u00e7ocuklar\u0131m\u0131z olmak \u00fczere, milletimizin 23 Nisan Ulusal Egemenlik ve \u00c7ocuk Bayram\u0131\u2019n\u0131 kutluyorum\u201d<\/em> dedi.<\/p>\n<h3><strong><u>Resim kategorisinde dereceye giren \u00f6\u011frenciler<\/u><\/strong><\/h3>\n<p>1- Almila O\u011fuzman &#8211; S\u00f6\u011f\u00fct Salih ve \u00d6mer Musao\u011flu \u0130lk\u00f6\u011fretim Okulu &#8211; 2. s\u0131n\u0131f<\/p>\n<p>2- Ervanur G\u00fcven &#8211; Osmaneli \u0130lk\u00f6\u011fretim Okulu &#8211; 3. s\u0131n\u0131f<\/p>\n<p>3- Berranur Ustao\u011flu &#8211; Merkez Cumhuriyet \u0130lk\u00f6\u011fretim Okulu &#8211; 4. s\u0131n\u0131f<\/p>\n<h3><strong><u>\u015eiir kategorisinde dereceye giren \u00f6\u011frenciler<\/u><\/strong><\/h3>\n<p>1- \u015e\u00fckran Polat &#8211; Merkez Osmangazi Ortaokulu &#8211; 7. s\u0131n\u0131f<\/p>\n<p>2- G\u00fclnur Can &#8211; Boz\u00fcy\u00fck 100. Y\u0131l Ortaokulu &#8211; 7. s\u0131n\u0131f<\/p>\n<p>3- Damla Tahtac\u0131 &#8211; Osmaneli Cumhuriyet Ortaokulu &#8211; 6. s\u0131n\u0131f<\/p>","protected":false},"excerpt":{"rendered":"<p>Sorry, this entry is only available in Turkish. For the sake of viewer convenience, the content is shown below in the alternative language. You may click the link to switch the active language. Afyonkarahisar, Bilecik, Eski\u015fehir, K\u00fctahya ve U\u015fak illerinin elektrik da\u011f\u0131t\u0131m hizmetini sa\u011flayan Osmangazi Elektrik Da\u011f\u0131t\u0131m Anonim \u015eirketi (OEDA\u015e) taraf\u0131ndan d\u00fczenlenen \u201cEnerji Tasarrufu\u201d temal\u0131 [&hellip;]<\/p>\n","protected":false},"author":1,"featured_media":154598,"comment_status":"open","ping_status":"open","sticky":false,"template":"","format":"standard","meta":[],"categories":[51,53,52],"tags":[102873,4791,95256,15016,26353,103,102875,102874,7471,102872],"views":213,"_links":{"self":[{"href":"https:\/\/www.enerjigazetesi.ist\/en\/wp-json\/wp\/v2\/posts\/154594"}],"collection":[{"href":"https:\/\/www.enerjigazetesi.ist\/en\/wp-json\/wp\/v2\/posts"}],"about":[{"href":"https:\/\/www.enerjigazetesi.ist\/en\/wp-json\/wp\/v2\/types\/post"}],"author":[{"embeddable":true,"href":"https:\/\/www.enerjigazetesi.ist\/en\/wp-json\/wp\/v2\/users\/1"}],"replies":[{"embeddable":true,"href":"https:\/\/www.enerjigazetesi.ist\/en\/wp-json\/wp\/v2\/comments?post=154594"}],"version-history":[{"count":0,"href":"https:\/\/www.enerjigazetesi.ist\/en\/wp-json\/wp\/v2\/posts\/154594\/revisions"}],"wp:featuredmedia":[{"embeddable":true,"href":"https:\/\/www.enerjigazetesi.ist\/en\/wp-json\/wp\/v2\/media\/154598"}],"wp:attachment":[{"href":"https:\/\/www.enerjigazetesi.ist\/en\/wp-json\/wp\/v2\/media?parent=154594"}],"wp:term":[{"taxonomy":"category","embeddable":true,"href":"https:\/\/www.enerjigazetesi.ist\/en\/wp-json\/wp\/v2\/categories?post=154594"},{"taxonomy":"post_tag","embeddable":true,"href":"https:\/\/www.enerjigazetesi.ist\/en\/wp-json\/wp\/v2\/tags?post=154594"}],"curies":[{"name":"wp","href":"https:\/\/api.w.org\/{rel}","templated":true}]}}