{"id":154553,"date":"2022-04-21T12:32:35","date_gmt":"2022-04-21T09:32:35","guid":{"rendered":"https:\/\/www.enerjigazetesi.ist\/?p=154553"},"modified":"2022-04-21T12:32:54","modified_gmt":"2022-04-21T09:32:54","slug":"epias-in-cati-uzeri-ges-projesi-tamamlanarak-hayata-gecirildi","status":"publish","type":"post","link":"https:\/\/www.enerjigazetesi.ist\/en\/epias-in-cati-uzeri-ges-projesi-tamamlanarak-hayata-gecirildi\/","title":{"rendered":"(Turkish) EP\u0130A\u015e&#8217;\u0131n \u00c7at\u0131 \u00dczeri GES Projesi Tamamlanarak Hayata Ge\u00e7irildi"},"content":{"rendered":"<p class=\"qtranxs-available-languages-message qtranxs-available-languages-message-en\">Sorry, this entry is only available in <a href=\"https:\/\/www.enerjigazetesi.ist\/tr\/wp-json\/wp\/v2\/posts\/154553\" class=\"qtranxs-available-language-link qtranxs-available-language-link-tr\" title=\"Turkish\">Turkish<\/a>. For the sake of viewer convenience, the content is shown below in the alternative language. You may click the link to switch the active language.<\/p><p><\/p>\n<h2>&#8216;Karbon-N\u00f6tr \u015eirket&#8217; unvan\u0131na sahip EP\u0130A\u015e; \u00e7evreye zararl\u0131 duman, karbon monoksit gibi etkileri azaltabilmek, enerji tasarrufu ve kurumsal itibara katk\u0131 sa\u011flamak amac\u0131 ile<strong><img loading=\"lazy\" class=\"alignright wp-image-154557\" src=\"https:\/\/www.enerjigazetesi.ist\/wp-content\/uploads\/2022\/04\/epias-in-cati-uzeri-ges-projesi-tamamlanarak-hayata-gecirildi.jpeg\" alt=\"\" width=\"320\" height=\"177\" srcset=\"https:\/\/www.enerjigazetesi.ist\/wp-content\/uploads\/2022\/04\/epias-in-cati-uzeri-ges-projesi-tamamlanarak-hayata-gecirildi.jpeg 979w, https:\/\/www.enerjigazetesi.ist\/wp-content\/uploads\/2022\/04\/epias-in-cati-uzeri-ges-projesi-tamamlanarak-hayata-gecirildi-300x166.jpeg 300w, https:\/\/www.enerjigazetesi.ist\/wp-content\/uploads\/2022\/04\/epias-in-cati-uzeri-ges-projesi-tamamlanarak-hayata-gecirildi-768x424.jpeg 768w, https:\/\/www.enerjigazetesi.ist\/wp-content\/uploads\/2022\/04\/epias-in-cati-uzeri-ges-projesi-tamamlanarak-hayata-gecirildi-500x276.jpeg 500w, https:\/\/www.enerjigazetesi.ist\/wp-content\/uploads\/2022\/04\/epias-in-cati-uzeri-ges-projesi-tamamlanarak-hayata-gecirildi-80x44.jpeg 80w\" sizes=\"(max-width: 320px) 100vw, 320px\" \/><\/strong> y\u00f6netim binas\u0131n\u0131n \u00e7at\u0131 \u00fcst\u00fc GES kurulumunu tamamlad\u0131.<\/h2>\n<p><strong>S\u0131n\u0131rs\u0131z enerji kayna\u011f\u0131<\/strong> olan g\u00fcne\u015ften faydalanarak yenilenebilir ve <strong>temiz enerji kullan\u0131m\u0131<\/strong>n\u0131 <strong>te\u015fvik etmeyi<\/strong> ama\u00e7layan EP\u0130A\u015e, Y\u00f6netim Binas\u0131n\u0131n<strong> 1.093 m\u00b2<\/strong>\u2019lik \u00e7at\u0131 alan\u0131nda <em>\u201cEP\u0130A\u015e Genel M\u00fcd\u00fcrl\u00fck Binas\u0131 \u00c7at\u0131 \u00dczeri GES Projesi&#8217;ni\u201d<\/em> tamamlayarak hayata ge\u00e7irdi.<\/p>\n<p>\u201c<strong>\u015eebeke ba\u011flant\u0131l\u0131 (On-Grid)<\/strong> <strong>Fotovoltaik G\u00fcne\u015f Enerji Santral\u0131 (GES)<\/strong> Yap\u0131m\u0131 \u0130\u015fi\u201d projesi; <strong>%65,40<\/strong> yerlilik oran\u0131na sahip, <strong>320 Wp<\/strong> g\u00fcc\u00fcnde <strong>220 adet<\/strong> g\u00fcne\u015f paneli ile<strong> 400 m\u00b2\u2019lik<\/strong> alan\u0131 kapsayacak \u015fekilde ve <strong>50 kWe<\/strong> <em>inverter g\u00fcc\u00fc\/saat<\/em> ile kurulumu tamamland\u0131.<\/p>\n<p>Proje ile, <strong>EP\u0130A\u015e Genel M\u00fcd\u00fcrl\u00fck<\/strong> binas\u0131n\u0131n t\u00fcketti\u011fi y\u0131ll\u0131k <strong>elektrik enerjisi<\/strong>nin <strong>%7<\/strong>\u2019si, <strong>yenilenebilir GES sisteminden<\/strong> kar\u015f\u0131lanabilecek.<\/p>\n<p>Kaynak: <a href=\"https:\/\/www.epias.com.tr\/tum-duyurular\/epias-cati-ges-kurulumuyla-yenilenebilir-enerji-kullanimini-ve-surdurulebilir-cevreyi-destekliyor\/\" target=\"_blank\" rel=\"noopener\">EP\u0130A\u015e<\/a><\/p>","protected":false},"excerpt":{"rendered":"<p>Sorry, this entry is only available in Turkish. For the sake of viewer convenience, the content is shown below in the alternative language. You may click the link to switch the active language. &#8216;Karbon-N\u00f6tr \u015eirket&#8217; unvan\u0131na sahip EP\u0130A\u015e; \u00e7evreye zararl\u0131 duman, karbon monoksit gibi etkileri azaltabilmek, enerji tasarrufu ve kurumsal itibara katk\u0131 sa\u011flamak amac\u0131 ile [&hellip;]<\/p>\n","protected":false},"author":1,"featured_media":154557,"comment_status":"open","ping_status":"open","sticky":false,"template":"","format":"standard","meta":[],"categories":[51,53,49],"tags":[24218,55405,103,18,1010,102843,2206,89094],"views":289,"_links":{"self":[{"href":"https:\/\/www.enerjigazetesi.ist\/en\/wp-json\/wp\/v2\/posts\/154553"}],"collection":[{"href":"https:\/\/www.enerjigazetesi.ist\/en\/wp-json\/wp\/v2\/posts"}],"about":[{"href":"https:\/\/www.enerjigazetesi.ist\/en\/wp-json\/wp\/v2\/types\/post"}],"author":[{"embeddable":true,"href":"https:\/\/www.enerjigazetesi.ist\/en\/wp-json\/wp\/v2\/users\/1"}],"replies":[{"embeddable":true,"href":"https:\/\/www.enerjigazetesi.ist\/en\/wp-json\/wp\/v2\/comments?post=154553"}],"version-history":[{"count":0,"href":"https:\/\/www.enerjigazetesi.ist\/en\/wp-json\/wp\/v2\/posts\/154553\/revisions"}],"wp:featuredmedia":[{"embeddable":true,"href":"https:\/\/www.enerjigazetesi.ist\/en\/wp-json\/wp\/v2\/media\/154557"}],"wp:attachment":[{"href":"https:\/\/www.enerjigazetesi.ist\/en\/wp-json\/wp\/v2\/media?parent=154553"}],"wp:term":[{"taxonomy":"category","embeddable":true,"href":"https:\/\/www.enerjigazetesi.ist\/en\/wp-json\/wp\/v2\/categories?post=154553"},{"taxonomy":"post_tag","embeddable":true,"href":"https:\/\/www.enerjigazetesi.ist\/en\/wp-json\/wp\/v2\/tags?post=154553"}],"curies":[{"name":"wp","href":"https:\/\/api.w.org\/{rel}","templated":true}]}}