{"id":154455,"date":"2022-04-20T11:26:03","date_gmt":"2022-04-20T08:26:03","guid":{"rendered":"https:\/\/www.enerjigazetesi.ist\/?p=154455"},"modified":"2022-04-20T11:28:20","modified_gmt":"2022-04-20T08:28:20","slug":"cati-ustu-gunes-santrali-17-burda-avmde-faaliyete-gecti","status":"publish","type":"post","link":"https:\/\/www.enerjigazetesi.ist\/en\/cati-ustu-gunes-santrali-17-burda-avmde-faaliyete-gecti\/","title":{"rendered":"(Turkish) \u00c7at\u0131 \u00dcst\u00fc G\u00fcne\u015f Santrali &#8217;17 Burda AVM\u2019de Faaliyete Ge\u00e7ti"},"content":{"rendered":"<p class=\"qtranxs-available-languages-message qtranxs-available-languages-message-en\">Sorry, this entry is only available in <a href=\"https:\/\/www.enerjigazetesi.ist\/tr\/wp-json\/wp\/v2\/posts\/154455\" class=\"qtranxs-available-language-link qtranxs-available-language-link-tr\" title=\"Turkish\">Turkish<\/a>. For the sake of viewer convenience, the content is shown below in the alternative language. You may click the link to switch the active language.<\/p><p><\/p>\n<h2>T\u00fcrkiye\u2019nin \u00f6nde gelen gayrimenkul yat\u0131r\u0131m \u015firketlerinden Esas Gayrimenkul, 17 Burda AVM\u2019nin \u00e7at\u0131s\u0131na \u201cYap \u0130\u015flet\u201d modeliyle kurdu\u011fu G\u00fcne\u015f Enerjisi Santrali\u2019ni (GES) tamamlad\u0131. \u015eirketin s\u00fcrd\u00fcr\u00fclebilirlik hedefleri do\u011frultusunda ilk olarak \u00c7anakkale\u2019de bulunan 17 Burda AVM\u2019de kurulan sistem, 22.000 m<sup>2<\/sup> alanda 3 MWp kurulu g\u00fc\u00e7le T\u00fcrkiye\u2019de ticari gayrimenkuller aras\u0131nda bug\u00fcne kadar kurulmu\u015f en b\u00fcy\u00fck GES sistemi oldu.<\/h2>\n<h3><strong>AVM\u2019nin toplam elektrik t\u00fcketiminin %30\u2019u kar\u015f\u0131lanabiliyor<\/strong><\/h3>\n<p><img loading=\"lazy\" class=\"alignright wp-image-154458\" src=\"https:\/\/www.enerjigazetesi.ist\/wp-content\/uploads\/2022\/04\/cati-ustu-gunes-santrali-17-burda-avmde-faaliyete-gecti-2.jpg\" alt=\"\" width=\"320\" height=\"214\" srcset=\"https:\/\/www.enerjigazetesi.ist\/wp-content\/uploads\/2022\/04\/cati-ustu-gunes-santrali-17-burda-avmde-faaliyete-gecti-2.jpg 550w, https:\/\/www.enerjigazetesi.ist\/wp-content\/uploads\/2022\/04\/cati-ustu-gunes-santrali-17-burda-avmde-faaliyete-gecti-2-300x200.jpg 300w, https:\/\/www.enerjigazetesi.ist\/wp-content\/uploads\/2022\/04\/cati-ustu-gunes-santrali-17-burda-avmde-faaliyete-gecti-2-500x334.jpg 500w, https:\/\/www.enerjigazetesi.ist\/wp-content\/uploads\/2022\/04\/cati-ustu-gunes-santrali-17-burda-avmde-faaliyete-gecti-2-75x50.jpg 75w, https:\/\/www.enerjigazetesi.ist\/wp-content\/uploads\/2022\/04\/cati-ustu-gunes-santrali-17-burda-avmde-faaliyete-gecti-2-450x300.jpg 450w\" sizes=\"(max-width: 320px) 100vw, 320px\" \/><\/p>\n<p><strong>\u00c7anakkale<\/strong>\u2019deki <strong>g\u00fcne\u015f verimlili\u011fi<\/strong> ve binan\u0131n <strong>mimari yap\u0131s\u0131<\/strong> dikkate al\u0131narak hayata ge\u00e7irilen proje kapsam\u0131nda 17 Burda AVM\u2019de kurulan GES sisteminde, <strong>I-REC (International Renewable Energy Certificate) sertifikal\u0131<\/strong> enerji \u00fcretiliyor. \u00dcretilen enerji sayesinde, <strong>AVM<\/strong>\u2019nin toplam elektrik t\u00fcketiminin <strong>%30<\/strong>\u2019u ve anl\u0131k olarak <strong>AVM<\/strong>\u2019nin g\u00fc\u00e7 ihtiyac\u0131n\u0131n tamam\u0131 kar\u015f\u0131lanabiliyor. Kurulan sistemle ayn\u0131 anda <strong>856 evin<\/strong> t\u00fcketilen enerjisine denk \u00fcretimle, <strong>701 ton<\/strong> at\u0131\u011f\u0131n geri d\u00f6n\u00fc\u015ft\u00fcr\u00fclmesine ve<strong> 1.025 ton k\u00f6m\u00fcr\u00fcn<\/strong> yak\u0131lmas\u0131na<strong> e\u015f de\u011fer enerji<\/strong> \u00fcretiliyor. \u00dcretilen enerjiyle toplam <strong>2.051 ton karbonun<\/strong> do\u011faya sal\u0131m\u0131n\u0131 engelleniyor.<\/p>\n<h3><strong>\u201c01 Burda, 39 Burda ve 41 Burda AVM\u2019de de GES sistemleri kuraca\u011f\u0131z\u201d\u00a0<\/strong><\/h3>\n<p>Konuyla ilgili a\u00e7\u0131klama yapan <strong>Esas Gayrimenkul Varl\u0131k Y\u00f6netimi Lideri Nevzat Yavan,<\/strong> <em>\u201cS\u00fcrd\u00fcr\u00fclebilir bir gelecek ad\u0131na ba\u015flatt\u0131\u011f\u0131m\u0131z bu \u00f6nemli projede, ilk <strong>GES sistemimizi<\/strong> kurmu\u015f olman\u0131n gurur ve mutlulu\u011funu ya\u015f\u0131yoruz. <strong>17 Burda AVM<\/strong>\u2019de kurdu\u011fumuz bu sistemle AVM\u2019nin toplam elektrik t\u00fcketiminin <strong>%30<\/strong>\u2019unu kar\u015f\u0131layabilece\u011fiz. 2022 y\u0131l\u0131 i\u00e7erisinde <strong>01<\/strong> Burda, <strong>39<\/strong> Burda ve <strong>41<\/strong> <strong>Burda AVM<\/strong>\u2019de de <strong>GES sistemleri<\/strong> kuraca\u011f\u0131z. B\u00f6ylece bu AVM\u2019lerimiz toplamda<strong> 7 MWp<\/strong> kurulu g\u00fcce sahip olacak. Ad\u0131 ge\u00e7en <strong>4 Burda AVM<\/strong>\u2019sinin toplam ortak alan t\u00fcketiminin<strong> %72<\/strong>\u2019sini <strong>IREC sertifikal\u0131 yenilenebilir kaynaklardan<\/strong> sa\u011flayaca\u011f\u0131z, <strong>2030\u2019a kadar<\/strong> bu oran\u0131 portf\u00f6y genelinde <strong>%100<\/strong>\u2019e \u00e7\u0131karmay\u0131 hedefliyoruz. Bu <strong>4 AVM<\/strong>\u2019mizin tamam\u0131nda <strong>GES sistemi<\/strong> faal oldu\u011funda yakla\u015f\u0131k <strong>2.140 evin<\/strong> t\u00fcketti\u011fi enerjiyi kar\u015f\u0131layabilecek ve <strong>5.128 ton karbonun<\/strong> do\u011faya sal\u0131m\u0131n\u0131n\u0131 engelleyecek. Esas Gayrimenkul olarak, <strong>s\u00fcrd\u00fcr\u00fclebilir bir gelece\u011fe<\/strong> katk\u0131 sa\u011flarken sekt\u00f6r\u00fcm\u00fcze ilham vermeye devam edece\u011fiz.\u201d<\/em> ifadelerini kulland\u0131.<\/p>","protected":false},"excerpt":{"rendered":"<p>Sorry, this entry is only available in Turkish. For the sake of viewer convenience, the content is shown below in the alternative language. You may click the link to switch the active language. T\u00fcrkiye\u2019nin \u00f6nde gelen gayrimenkul yat\u0131r\u0131m \u015firketlerinden Esas Gayrimenkul, 17 Burda AVM\u2019nin \u00e7at\u0131s\u0131na \u201cYap \u0130\u015flet\u201d modeliyle kurdu\u011fu G\u00fcne\u015f Enerjisi Santrali\u2019ni (GES) tamamlad\u0131. \u015eirketin [&hellip;]<\/p>\n","protected":false},"author":1,"featured_media":154459,"comment_status":"open","ping_status":"open","sticky":false,"template":"","format":"standard","meta":[],"categories":[51,53,49],"tags":[102799,4427,55072,36606,18,102798,102801,102800,45418,2206,34595,34977,100169],"views":364,"_links":{"self":[{"href":"https:\/\/www.enerjigazetesi.ist\/en\/wp-json\/wp\/v2\/posts\/154455"}],"collection":[{"href":"https:\/\/www.enerjigazetesi.ist\/en\/wp-json\/wp\/v2\/posts"}],"about":[{"href":"https:\/\/www.enerjigazetesi.ist\/en\/wp-json\/wp\/v2\/types\/post"}],"author":[{"embeddable":true,"href":"https:\/\/www.enerjigazetesi.ist\/en\/wp-json\/wp\/v2\/users\/1"}],"replies":[{"embeddable":true,"href":"https:\/\/www.enerjigazetesi.ist\/en\/wp-json\/wp\/v2\/comments?post=154455"}],"version-history":[{"count":0,"href":"https:\/\/www.enerjigazetesi.ist\/en\/wp-json\/wp\/v2\/posts\/154455\/revisions"}],"wp:featuredmedia":[{"embeddable":true,"href":"https:\/\/www.enerjigazetesi.ist\/en\/wp-json\/wp\/v2\/media\/154459"}],"wp:attachment":[{"href":"https:\/\/www.enerjigazetesi.ist\/en\/wp-json\/wp\/v2\/media?parent=154455"}],"wp:term":[{"taxonomy":"category","embeddable":true,"href":"https:\/\/www.enerjigazetesi.ist\/en\/wp-json\/wp\/v2\/categories?post=154455"},{"taxonomy":"post_tag","embeddable":true,"href":"https:\/\/www.enerjigazetesi.ist\/en\/wp-json\/wp\/v2\/tags?post=154455"}],"curies":[{"name":"wp","href":"https:\/\/api.w.org\/{rel}","templated":true}]}}