{"id":154451,"date":"2022-04-19T15:44:02","date_gmt":"2022-04-19T12:44:02","guid":{"rendered":"https:\/\/www.enerjigazetesi.ist\/?p=154451"},"modified":"2022-04-19T15:44:30","modified_gmt":"2022-04-19T12:44:30","slug":"milli-egitim-bakanligi-14-mw-kapasiteye-sahip-gunes-santrali-kuracak","status":"publish","type":"post","link":"https:\/\/www.enerjigazetesi.ist\/en\/milli-egitim-bakanligi-14-mw-kapasiteye-sahip-gunes-santrali-kuracak\/","title":{"rendered":"(Turkish) MEB 14 MW Kapasiteye Sahip G\u00fcne\u015f Santrali Kuracak"},"content":{"rendered":"<p class=\"qtranxs-available-languages-message qtranxs-available-languages-message-en\">Sorry, this entry is only available in <a href=\"https:\/\/www.enerjigazetesi.ist\/tr\/wp-json\/wp\/v2\/posts\/154451\" class=\"qtranxs-available-language-link qtranxs-available-language-link-tr\" title=\"Turkish\">Turkish<\/a>. For the sake of viewer convenience, the content is shown below in the alternative language. You may click the link to switch the active language.<\/p><p><\/p>\n<h2><strong>Milli E\u011fitim Bakan\u0131 Mahmut \u00d6zer, okullar\u0131n enerji ihtiyac\u0131n\u0131n temiz enerji kaynaklar\u0131ndan kar\u015f\u0131lanmas\u0131na y\u00f6nelik toplam da 14 MW kapasiteye sahip 2 g\u00fcne\u015f santrali kurulaca\u011f\u0131n\u0131 a\u00e7\u0131klad\u0131.<\/strong><\/h2>\n<p><strong><img loading=\"lazy\" class=\"alignright wp-image-154453\" src=\"https:\/\/www.enerjigazetesi.ist\/wp-content\/uploads\/2022\/04\/milli-egitim-bakanligi-14-mw-kapasiteye-sahip-gunes-santrali-kuracak.jpg\" alt=\"\" width=\"320\" height=\"225\" srcset=\"https:\/\/www.enerjigazetesi.ist\/wp-content\/uploads\/2022\/04\/milli-egitim-bakanligi-14-mw-kapasiteye-sahip-gunes-santrali-kuracak.jpg 550w, https:\/\/www.enerjigazetesi.ist\/wp-content\/uploads\/2022\/04\/milli-egitim-bakanligi-14-mw-kapasiteye-sahip-gunes-santrali-kuracak-300x211.jpg 300w, https:\/\/www.enerjigazetesi.ist\/wp-content\/uploads\/2022\/04\/milli-egitim-bakanligi-14-mw-kapasiteye-sahip-gunes-santrali-kuracak-500x351.jpg 500w, https:\/\/www.enerjigazetesi.ist\/wp-content\/uploads\/2022\/04\/milli-egitim-bakanligi-14-mw-kapasiteye-sahip-gunes-santrali-kuracak-71x50.jpg 71w\" sizes=\"(max-width: 320px) 100vw, 320px\" \/>\u00c7evre, \u015eehircilik ve \u0130klim De\u011fi\u015fikli\u011fi Bakanl\u0131\u011f<\/strong>\u0131 ile i\u015f birli\u011fi i\u00e7inde hayata ge\u00e7irdikleri projeyle<strong> s\u0131f\u0131r at\u0131k alan\u0131nda y\u00fcr\u00fctt\u00fckleri \u00e7al\u0131\u015fmalar\u0131<\/strong> bir ad\u0131m \u00f6teye ta\u015f\u0131nd\u0131\u011f\u0131n\u0131 belirten Bakan \u00d6zer, <span style=\"text-decoration: underline;\">\u015funlar\u0131 s\u00f6yledi:<\/span> <em>&#8220;<strong>77<\/strong> okul binam\u0131z\u0131n \u00e7at\u0131s\u0131na <strong>g\u00fcne\u015f enerji santralleri<\/strong> kurarak toplam da <strong>6 megavat kurulu g\u00fc\u00e7<\/strong> kapasitesine ula\u015ft\u0131k ve bunlar\u0131 devreye ald\u0131k. Buna ek olarak <strong>17 okulumuzda<\/strong> da toplam <strong>2,25 megavat<\/strong> ilave <strong>\u00e7at\u0131 GES yat\u0131r\u0131m\u0131<\/strong> planlad\u0131k. Uygulamalar\u0131n tamamlanmas\u0131yla, <strong>94 okulumuzdaki<\/strong> <strong>120 \u00e7at\u0131da<\/strong> toplam <strong>8,25 megavat<\/strong> kurulu g\u00fcce sahip olaca\u011f\u0131z.&#8221;<\/em><\/p>\n<p>Okullarda enerjinin <strong>yenilenebilir enerji kaynaklar\u0131ndan<\/strong> kar\u015f\u0131lanabilmesine y\u00f6nelik<strong> 2 g\u00fcne\u015f santrali<\/strong> kurulaca\u011f\u0131n\u0131 dile getiren Bakan \u00d6zer, <em>\u201cToplam kapasitesi<strong> 14 megavat<\/strong> olacak<strong> arazi tipi g\u00fcne\u015f enerji santrallerimizde<\/strong> \u00fcretilecek elektrik, <strong>392<\/strong> okulumuzun t\u00fcketimine e\u015f de\u011fer olacak. <strong>Enerji verimlili\u011fi d\u00f6n\u00fc\u015f\u00fcm\u00fc<\/strong> \u00e7al\u0131\u015fmalar\u0131m\u0131z kapsam\u0131nda, son <strong>1<\/strong> y\u0131lda <strong>41<\/strong> okulumuzun kapsaml\u0131 <strong>enerji verimlili\u011fi d\u00f6n\u00fc\u015f\u00fcm\u00fc imalatlar\u0131n\u0131<\/strong> tamamlad\u0131k. Bu \u00e7al\u0131\u015fmalar sonucu enerji s\u0131n\u0131f\u0131 <strong>D<\/strong>\u2019den<strong> B<\/strong>\u2019ye y\u00fckselmi\u015f olan bu okullarda y\u0131ll\u0131k <strong>% 25<\/strong> enerji tasarrufu sa\u011flanmas\u0131na ba\u015flanacak\u201d<\/em> ifadelerini kulland\u0131.<\/p>","protected":false},"excerpt":{"rendered":"<p>Sorry, this entry is only available in Turkish. For the sake of viewer convenience, the content is shown below in the alternative language. You may click the link to switch the active language. Milli E\u011fitim Bakan\u0131 Mahmut \u00d6zer, okullar\u0131n enerji ihtiyac\u0131n\u0131n temiz enerji kaynaklar\u0131ndan kar\u015f\u0131lanmas\u0131na y\u00f6nelik toplam da 14 MW kapasiteye sahip 2 g\u00fcne\u015f santrali [&hellip;]<\/p>\n","protected":false},"author":1,"featured_media":154453,"comment_status":"open","ping_status":"open","sticky":false,"template":"","format":"standard","meta":[],"categories":[51,53,49],"tags":[18,84073,2206,99462,632,842],"views":236,"_links":{"self":[{"href":"https:\/\/www.enerjigazetesi.ist\/en\/wp-json\/wp\/v2\/posts\/154451"}],"collection":[{"href":"https:\/\/www.enerjigazetesi.ist\/en\/wp-json\/wp\/v2\/posts"}],"about":[{"href":"https:\/\/www.enerjigazetesi.ist\/en\/wp-json\/wp\/v2\/types\/post"}],"author":[{"embeddable":true,"href":"https:\/\/www.enerjigazetesi.ist\/en\/wp-json\/wp\/v2\/users\/1"}],"replies":[{"embeddable":true,"href":"https:\/\/www.enerjigazetesi.ist\/en\/wp-json\/wp\/v2\/comments?post=154451"}],"version-history":[{"count":0,"href":"https:\/\/www.enerjigazetesi.ist\/en\/wp-json\/wp\/v2\/posts\/154451\/revisions"}],"wp:featuredmedia":[{"embeddable":true,"href":"https:\/\/www.enerjigazetesi.ist\/en\/wp-json\/wp\/v2\/media\/154453"}],"wp:attachment":[{"href":"https:\/\/www.enerjigazetesi.ist\/en\/wp-json\/wp\/v2\/media?parent=154451"}],"wp:term":[{"taxonomy":"category","embeddable":true,"href":"https:\/\/www.enerjigazetesi.ist\/en\/wp-json\/wp\/v2\/categories?post=154451"},{"taxonomy":"post_tag","embeddable":true,"href":"https:\/\/www.enerjigazetesi.ist\/en\/wp-json\/wp\/v2\/tags?post=154451"}],"curies":[{"name":"wp","href":"https:\/\/api.w.org\/{rel}","templated":true}]}}