{"id":154408,"date":"2022-04-19T11:44:31","date_gmt":"2022-04-19T08:44:31","guid":{"rendered":"https:\/\/www.enerjigazetesi.ist\/?p=154408"},"modified":"2022-04-19T11:45:37","modified_gmt":"2022-04-19T08:45:37","slug":"baymak-yesil-ofis-diplomasini-alarak-onemli-bir-basariya-imza-atti","status":"publish","type":"post","link":"https:\/\/www.enerjigazetesi.ist\/en\/baymak-yesil-ofis-diplomasini-alarak-onemli-bir-basariya-imza-atti\/","title":{"rendered":"(Turkish) Baymak &#8216;Ye\u015fil Ofis Diplomas\u0131&#8217;n\u0131 Alarak \u00d6nemli bir Ba\u015far\u0131ya \u0130mza Att\u0131"},"content":{"rendered":"<p class=\"qtranxs-available-languages-message qtranxs-available-languages-message-en\">Sorry, this entry is only available in <a href=\"https:\/\/www.enerjigazetesi.ist\/tr\/wp-json\/wp\/v2\/posts\/154408\" class=\"qtranxs-available-language-link qtranxs-available-language-link-tr\" title=\"Turkish\">Turkish<\/a>. For the sake of viewer convenience, the content is shown below in the alternative language. You may click the link to switch the active language.<\/p><p><\/p>\n<h2>Baymak, s\u00fcrd\u00fcr\u00fclebilir bir d\u00fcnya i\u00e7in hayata ge\u00e7irdi\u011fi \u00e7al\u0131\u015fmalar kapsam\u0131nda WWF-T\u00fcrkiye\u2019nin (Do\u011fal Hayat\u0131 Koruma Vakf\u0131) Ye\u015fil Ofis Program\u0131 \u00e7er\u00e7evesinde y\u00fcr\u00fctt\u00fc\u011f\u00fc \u201cYe\u015fil Ofis Diplomas\u0131\u201dn\u0131 almaya hak kazand\u0131. Baymak b\u00f6ylece, iklimlendirme sekt\u00f6r\u00fcnde 2022 y\u0131l\u0131n\u0131n ilk ye\u015fil ofis diplomas\u0131n\u0131n sahibi olurken, \u00e7at\u0131 \u015firketi BDR Thermea Group b\u00fcnyesinde de bir ilke imza att\u0131.<\/h2>\n<p>Yapt\u0131\u011f\u0131 <strong>Ar-Ge \u00e7al\u0131\u015fmalar\u0131yla enerji verimlili\u011fi<\/strong> y\u00fcksek, <strong>tasarruflu<\/strong> iklimlendirme \u00fcr\u00fcnleri \u00fcreten Baymak, <strong>ye\u015fil ofis program\u0131yla<\/strong> ofis i\u00e7inde de <strong>\u00e7evreci d\u00f6n\u00fc\u015f\u00fcm\u00fcn\u00fc<\/strong> s\u00fcrd\u00fcr\u00fcyor.<\/p>\n<h3><strong>Organik at\u0131klar kompost g\u00fcbreye d\u00f6n\u00fc\u015ft\u00fcr\u00fcl\u00fcyor<\/strong><\/h3>\n<p><img loading=\"lazy\" class=\"alignright wp-image-154410\" src=\"https:\/\/www.enerjigazetesi.ist\/wp-content\/uploads\/2022\/04\/baymak-yesil-ofis-diplomasini-alarak-onemli-bir-basariya-imza-atti-2.jpg\" alt=\"\" width=\"320\" height=\"162\" srcset=\"https:\/\/www.enerjigazetesi.ist\/wp-content\/uploads\/2022\/04\/baymak-yesil-ofis-diplomasini-alarak-onemli-bir-basariya-imza-atti-2.jpg 472w, https:\/\/www.enerjigazetesi.ist\/wp-content\/uploads\/2022\/04\/baymak-yesil-ofis-diplomasini-alarak-onemli-bir-basariya-imza-atti-2-300x152.jpg 300w, https:\/\/www.enerjigazetesi.ist\/wp-content\/uploads\/2022\/04\/baymak-yesil-ofis-diplomasini-alarak-onemli-bir-basariya-imza-atti-2-80x41.jpg 80w\" sizes=\"(max-width: 320px) 100vw, 320px\" \/>Ye\u015fil Ofis Program\u0131 kapsam\u0131nda uygulamaya al\u0131nan <strong>g\u0131da at\u0131k y\u00f6netimi<\/strong> sayesinde yemek pi\u015firme s\u00fcreci s\u0131ras\u0131nda ortaya \u00e7\u0131kan<strong> organik at\u0131klar, kompost g\u00fcbreye d\u00f6n\u00fc\u015ft\u00fcr\u00fclmeye<\/strong> ba\u015fland\u0131. 2021 y\u0131l\u0131nda 1 ton organik <strong>at\u0131ktan kompost g\u00fcbre<\/strong> \u00fcretildi. Servis edilmemi\u015f yemekler ise d\u00fczenli olarak <strong>sokak hayvanlar\u0131yla<\/strong> payla\u015f\u0131l\u0131yor.<strong> Baymak \u00e7al\u0131\u015fanlar\u0131 da<\/strong> yemekhane tepsisindeki <strong>g\u0131da<\/strong> ve <strong>ambalaj<\/strong> at\u0131klar\u0131n\u0131 her seferinde ayr\u0131\u015ft\u0131rarak g\u0131da at\u0131klar\u0131n\u0131n <strong>y\u00fczde 40<\/strong>\u2019\u0131n\u0131n yeniden de\u011ferlendirilmesini sa\u011fl\u0131yor.<\/p>\n<h3><strong>1500 ki\u015finin bir g\u00fcnl\u00fck su ihtiyac\u0131na e\u015fde\u011fer su tasarrufu sa\u011fland\u0131<\/strong><\/h3>\n<p>Baymak \u00e7al\u0131\u015fanlar\u0131n\u0131n katk\u0131s\u0131yla ger\u00e7ekle\u015ftirilen \u00e7evreci aksiyonlarla <strong>pek \u00e7ok alanda tasarruf<\/strong> sa\u011flan\u0131yor. Ofisin ortak alanlar\u0131na yerle\u015ftirilen at\u0131k ayr\u0131\u015ft\u0131rma kutular\u0131 sayesinde; <strong>390 kg<\/strong> at\u0131k cam geri d\u00f6n\u00fc\u015ft\u00fcr\u00fclerek <strong>11,70 kg<\/strong> sera gaz\u0131 sal\u0131n\u0131m\u0131n\u0131n \u00f6n\u00fcne ge\u00e7ildi ve <strong>16,38 kWh<\/strong> enerji tasarrufu sa\u011fland\u0131. <strong>159 kg<\/strong> at\u0131k plastik geri d\u00f6n\u00fc\u015ft\u00fcr\u00fclerek <strong>6,52 kg<\/strong> sera gaz\u0131 sal\u0131m\u0131 engellendi ve<strong> 918,07 kWh<\/strong> enerji <img loading=\"lazy\" class=\"alignleft wp-image-154411\" src=\"https:\/\/www.enerjigazetesi.ist\/wp-content\/uploads\/2022\/04\/baymak-yesil-ofis-diplomasini-alarak-onemli-bir-basariya-imza-atti.jpg\" alt=\"\" width=\"320\" height=\"349\" srcset=\"https:\/\/www.enerjigazetesi.ist\/wp-content\/uploads\/2022\/04\/baymak-yesil-ofis-diplomasini-alarak-onemli-bir-basariya-imza-atti.jpg 550w, https:\/\/www.enerjigazetesi.ist\/wp-content\/uploads\/2022\/04\/baymak-yesil-ofis-diplomasini-alarak-onemli-bir-basariya-imza-atti-275x300.jpg 275w, https:\/\/www.enerjigazetesi.ist\/wp-content\/uploads\/2022\/04\/baymak-yesil-ofis-diplomasini-alarak-onemli-bir-basariya-imza-atti-367x400.jpg 367w, https:\/\/www.enerjigazetesi.ist\/wp-content\/uploads\/2022\/04\/baymak-yesil-ofis-diplomasini-alarak-onemli-bir-basariya-imza-atti-46x50.jpg 46w, https:\/\/www.enerjigazetesi.ist\/wp-content\/uploads\/2022\/04\/baymak-yesil-ofis-diplomasini-alarak-onemli-bir-basariya-imza-atti-500x545.jpg 500w\" sizes=\"(max-width: 320px) 100vw, 320px\" \/>tasarrufu elde edildi.<strong> 222 kg<\/strong> at\u0131k k\u00e2\u011f\u0131t geri d\u00f6n\u00fc\u015ft\u00fcr\u00fclerek <strong>39,29 kg<\/strong> sera gaz\u0131 sal\u0131m\u0131 engellendi, <strong>910,20 kWh<\/strong> enerji tasarrufu sa\u011fland\u0131. Masa altlar\u0131ndaki \u00e7\u00f6p kutular\u0131 kald\u0131r\u0131larak y\u0131lda <strong>15 bin 570 adet<\/strong> \u00e7\u00f6p po\u015feti tasarrufu sa\u011fland\u0131, b\u00f6ylece toplam <strong>16 kg plastik \u00e7\u00f6p po\u015feti<\/strong> kullan\u0131m\u0131 \u00f6nlendi. Ofiste ki\u015fiye \u00f6zel kupa ve termos kullanarak, <strong>karton bardak<\/strong> kullan\u0131m\u0131nda<strong> y\u00fczde 32,49<\/strong>, pet \u015fi\u015fe kullan\u0131m\u0131nda <strong>y\u00fczde 43,21<\/strong> tasarruf sa\u011fland\u0131. 2022 y\u0131l\u0131nda <strong>karton bardak<\/strong> ve<strong> pet \u015fi\u015fe t\u00fcketiminin<\/strong> s\u0131f\u0131rlanmas\u0131 hedefleniyor. 2021 y\u0131l\u0131nda <strong>79 bin 255 adet<\/strong> k\u00e2\u011f\u0131t tasarrufu sa\u011fland\u0131. Bas\u0131l\u0131 dok\u00fcmanlarda <strong>y\u00fczde 100<\/strong> geri d\u00f6n\u00fc\u015ft\u00fcr\u00fclm\u00fc\u015f k\u00e2\u011f\u0131t kullan\u0131l\u0131yor. M\u00fcrekkep kullan\u0131m\u0131n\u0131 azaltan <strong>Ecofont se\u00e7ene\u011fi<\/strong> ve <strong>geri d\u00f6n\u00fc\u015ft\u00fcr\u00fclm\u00fc\u015f k\u00e2\u011f\u0131d\u0131n<\/strong> m\u00fcrekkep emiliminin daha d\u00fc\u015f\u00fck olmas\u0131 sayesinde toner kullan\u0131m\u0131ndaki tasarruf oran\u0131 <strong>y\u00fczde 64<\/strong>\u2019e \u00e7\u0131kar\u0131ld\u0131. Bir y\u0131lda <strong>351 bin litre su tasarrufu<\/strong> sa\u011fland\u0131. Bu rakam <strong>1500 ki\u015finin<\/strong> bir g\u00fcnl\u00fck su ihtiyac\u0131na e\u015fde\u011fer. Elektri\u011fini <strong>% 100<\/strong> yenilenebilir enerjiden sa\u011flayan <strong>Baymak\u2019ta<\/strong> ofis i\u00e7inde <strong>LED ayd\u0131nlatmaya<\/strong> ge\u00e7ildi. B\u00f6ylece ofis i\u00e7inde kullan\u0131lan enerjide <strong>y\u00fczde 72<\/strong>\u2019lik tasarruf sa\u011fland\u0131. Baymak, \u015firket i\u00e7inde kulland\u0131\u011f\u0131 enerjiyi <strong>yenilenebilir kaynaklardan<\/strong> temin etti\u011fine dair belgelendirme s\u00fcrecini de tamamlad\u0131. Buna ek olarak, kurmu\u015f oldu\u011fu g\u00fcne\u015f paneli sistemi sayesinde<strong> 97 bin 396 kWh<\/strong>\u2019lik enerji \u00fcreterek <strong>4 ki\u015filik<\/strong> aileden olu\u015fan <strong>70 hane<\/strong>nin <strong>1 y\u0131ll\u0131k<\/strong> elektrik ihtiyac\u0131na e\u015fde\u011fer \u00fcretim sa\u011flam\u0131\u015f oldu.<\/p>\n<p>\u00d6te yandan, <strong>Ye\u015fil Ofis Program\u0131<\/strong> kapsam\u0131nda \u00e7al\u0131\u015fanlar\u0131n sa\u011fl\u0131\u011f\u0131n\u0131 korumak amac\u0131yla da baz\u0131 iyile\u015ftirmeler yap\u0131ld\u0131. Ofis binas\u0131na kurulan <strong>VRF sistemiyle<\/strong> ofis i\u00e7inde <strong>temiz hava ak\u0131\u015f\u0131<\/strong> ve <strong>enerji tasarrufu<\/strong> sa\u011flan\u0131yor. Ayr\u0131ca ofis \u00e7al\u0131\u015fanlar\u0131n\u0131n evlerinden getirdi\u011fi<strong> elektronik at\u0131klar\u0131n de\u011ferlendirilmesi<\/strong> i\u00e7in<strong> \u201cElektronik at\u0131klar fidan olsun kampanyas\u0131\u201d<\/strong> ba\u015flat\u0131ld\u0131. Baymak, <strong>s\u00fcrd\u00fcr\u00fclebilir gelecek<\/strong> i\u00e7in do\u011faya sayg\u0131 ile \u00fcretmeye ve d\u00f6n\u00fc\u015fmeye devam ediyor.<\/p>","protected":false},"excerpt":{"rendered":"<p>Sorry, this entry is only available in Turkish. For the sake of viewer convenience, the content is shown below in the alternative language. You may click the link to switch the active language. Baymak, s\u00fcrd\u00fcr\u00fclebilir bir d\u00fcnya i\u00e7in hayata ge\u00e7irdi\u011fi \u00e7al\u0131\u015fmalar kapsam\u0131nda WWF-T\u00fcrkiye\u2019nin (Do\u011fal Hayat\u0131 Koruma Vakf\u0131) Ye\u015fil Ofis Program\u0131 \u00e7er\u00e7evesinde y\u00fcr\u00fctt\u00fc\u011f\u00fc \u201cYe\u015fil Ofis Diplomas\u0131\u201dn\u0131 [&hellip;]<\/p>\n","protected":false},"author":1,"featured_media":154410,"comment_status":"open","ping_status":"open","sticky":false,"template":"","format":"standard","meta":[],"categories":[51,53,52],"tags":[11683,5265,85518,53879,102781,103,102779,3172,948,4451,793,102780,687,21759,29903],"views":115,"_links":{"self":[{"href":"https:\/\/www.enerjigazetesi.ist\/en\/wp-json\/wp\/v2\/posts\/154408"}],"collection":[{"href":"https:\/\/www.enerjigazetesi.ist\/en\/wp-json\/wp\/v2\/posts"}],"about":[{"href":"https:\/\/www.enerjigazetesi.ist\/en\/wp-json\/wp\/v2\/types\/post"}],"author":[{"embeddable":true,"href":"https:\/\/www.enerjigazetesi.ist\/en\/wp-json\/wp\/v2\/users\/1"}],"replies":[{"embeddable":true,"href":"https:\/\/www.enerjigazetesi.ist\/en\/wp-json\/wp\/v2\/comments?post=154408"}],"version-history":[{"count":0,"href":"https:\/\/www.enerjigazetesi.ist\/en\/wp-json\/wp\/v2\/posts\/154408\/revisions"}],"wp:featuredmedia":[{"embeddable":true,"href":"https:\/\/www.enerjigazetesi.ist\/en\/wp-json\/wp\/v2\/media\/154410"}],"wp:attachment":[{"href":"https:\/\/www.enerjigazetesi.ist\/en\/wp-json\/wp\/v2\/media?parent=154408"}],"wp:term":[{"taxonomy":"category","embeddable":true,"href":"https:\/\/www.enerjigazetesi.ist\/en\/wp-json\/wp\/v2\/categories?post=154408"},{"taxonomy":"post_tag","embeddable":true,"href":"https:\/\/www.enerjigazetesi.ist\/en\/wp-json\/wp\/v2\/tags?post=154408"}],"curies":[{"name":"wp","href":"https:\/\/api.w.org\/{rel}","templated":true}]}}