{"id":154385,"date":"2022-04-18T13:28:33","date_gmt":"2022-04-18T10:28:33","guid":{"rendered":"https:\/\/www.enerjigazetesi.ist\/?p=154385"},"modified":"2022-04-18T13:28:33","modified_gmt":"2022-04-18T10:28:33","slug":"cdp-turkiye-12-iklim-degisikligi-dijital-konferansi-19-nisanda-duzenleniyor","status":"publish","type":"post","link":"https:\/\/www.enerjigazetesi.ist\/en\/cdp-turkiye-12-iklim-degisikligi-dijital-konferansi-19-nisanda-duzenleniyor\/","title":{"rendered":"(Turkish) CDP T\u00fcrkiye 12. \u0130klim De\u011fi\u015fikli\u011fi Dijital Konferans\u0131 19 Nisan&#8217;da D\u00fczenleniyor"},"content":{"rendered":"<p class=\"qtranxs-available-languages-message qtranxs-available-languages-message-en\">Sorry, this entry is only available in <a href=\"https:\/\/www.enerjigazetesi.ist\/tr\/wp-json\/wp\/v2\/posts\/154385\" class=\"qtranxs-available-language-link qtranxs-available-language-link-tr\" title=\"Turkish\">Turkish<\/a>. For the sake of viewer convenience, the content is shown below in the alternative language. You may click the link to switch the active language.<\/p><p><\/p>\n<h2>T\u00fcrkiye \u00e7al\u0131\u015fmalar\u0131n\u0131 <strong>Sabanc\u0131 \u00dcniversitesi Kurumsal Y\u00f6netim Forumu<\/strong>\u2019nun \u00fcstlendi\u011fi d\u00fcnyan\u0131n en b\u00fcy\u00fck \u00e7evre raporlama platformu olan <strong>CDP,<\/strong> T\u00fcrkiye\u2019deki \u015firketlerin iklim de\u011fi\u015fikli\u011fi ve su riskleri y\u00f6netimine dair analiz ve bulgular\u0131n\u0131 ve 2021 liderlerini <strong>CDP T\u00fcrkiye 12. \u0130klim De\u011fi\u015fikli\u011fi Sanal Konferans\u0131\u2019<\/strong>nda payla\u015facak.<\/h2>\n<p><em>Sabanc\u0131 \u00dcniversitesi Kurumsal Y\u00f6netim Forumu<\/em> taraf\u0131ndan <strong>Garanti BBVA <\/strong>ana sponsorlu\u011fuyla y\u00fcr\u00fct\u00fclen T\u00fcrkiye operasyonu \u00e7er\u00e7evesinde <strong>CDP \u0130klim De\u011fi\u015fikli\u011fi &amp; Su Program\u0131 2021 T\u00fcrkiye Raporu Sonu\u00e7lar\u0131 ve 2021 Liderleri<\/strong>,<strong> <u>19 Nisan 2022, Sal\u0131 <\/u><\/strong>g\u00fcn\u00fc d\u00fczenlenecek <strong>sanal konferansta<\/strong> a\u00e7\u0131klanacak.<\/p>\n<p style=\"text-align: center;\"><img loading=\"lazy\" class=\"aligncenter wp-image-154388\" src=\"https:\/\/www.enerjigazetesi.ist\/wp-content\/uploads\/2022\/04\/cdp-turkiye-12-iklim-degisikligi-dijital-konferansi-19-nisanda-duzenleniyor.jpg\" alt=\"\" width=\"500\" height=\"284\" srcset=\"https:\/\/www.enerjigazetesi.ist\/wp-content\/uploads\/2022\/04\/cdp-turkiye-12-iklim-degisikligi-dijital-konferansi-19-nisanda-duzenleniyor.jpg 550w, https:\/\/www.enerjigazetesi.ist\/wp-content\/uploads\/2022\/04\/cdp-turkiye-12-iklim-degisikligi-dijital-konferansi-19-nisanda-duzenleniyor-300x170.jpg 300w, https:\/\/www.enerjigazetesi.ist\/wp-content\/uploads\/2022\/04\/cdp-turkiye-12-iklim-degisikligi-dijital-konferansi-19-nisanda-duzenleniyor-500x284.jpg 500w, https:\/\/www.enerjigazetesi.ist\/wp-content\/uploads\/2022\/04\/cdp-turkiye-12-iklim-degisikligi-dijital-konferansi-19-nisanda-duzenleniyor-80x45.jpg 80w\" sizes=\"(max-width: 500px) 100vw, 500px\" \/><\/p>\n<p><em>Garanti BBVA Genel M\u00fcd\u00fcr Yard\u0131mc\u0131s\u0131<\/em> <strong>Ebru Dildar Edin<\/strong> ve <em>CDP Kurucusu ve YK \u00dcyesi<\/em> <strong>Paul Dickinson<\/strong>\u2019un a\u00e7\u0131l\u0131\u015f konu\u015fmalar\u0131n\u0131 ger\u00e7ekle\u015ftirece\u011fi konferansta <em>25. Taraflar Konferans\u0131 (COP25) \u00dcst D\u00fczey \u0130klim \u015eampiyonu<\/em> <strong>Gonzalo Mu\u00f1oz<\/strong> ana konu\u015fmac\u0131 olarak yer alacak.<\/p>\n<p><strong>CDP T\u00fcrkiye 2021<\/strong> sonu\u00e7lar\u0131n\u0131n a\u00e7\u0131klanaca\u011f\u0131 ve yorumlanaca\u011f\u0131 sunumlar\u0131n sonras\u0131 <strong>\u201cKamu Politikalar\u0131ndaki Belirsizli\u011fin Sonu ve Yeni \u0130\u015f Normali\u201d<\/strong> isimli bir panel ger\u00e7ekle\u015ftirilecek. Devam\u0131nda ise <strong>CDP T\u00fcrkiye 2021 \u00d6d\u00fcl T\u00f6reni<\/strong> ger\u00e7ekle\u015fecek.<\/p>\n<p>CDP T\u00fcrkiye <strong>12. \u0130klim De\u011fi\u015fikli\u011fi Sanal Konferans\u0131<\/strong> ve<strong> \u00d6d\u00fcl T\u00f6reni<\/strong>\u2019ne kat\u0131l\u0131m\u0131n\u0131zdan mutluluk duyar\u0131z.<\/p>\n<p><strong>TAR\u0130H <\/strong>: 19 Nisan 2022, Sal\u0131<\/p>\n<p><strong>KAYIT <\/strong>: <a href=\"https:\/\/global.6connex.eu\/event\/cdpturkey\/login\" target=\"_blank\" rel=\"noopener\">https:\/\/global.6connex.eu\/event\/cdpturkey\/login<\/a><\/p>\n<p><strong>SAAT <\/strong>: 15.00 \u2013 17.30<\/p>\n<h3><strong>CDP T\u00fcrkiye 12. \u0130klim De\u011fi\u015fikli\u011fi Sanal Konferans\u0131 ve \u00d6d\u00fcl T\u00f6reni Program\u0131<\/strong><\/h3>\n<h4><strong>15:00 \u2013 15:15 A\u00e7\u0131l\u0131\u015f Konu\u015fmalar\u0131<\/strong><\/h4>\n<p><strong>\u00a0\u00a0\u00a0\u00a0\u00a0\u00a0\u00a0\u00a0\u00a0\u00a0\u00a0\u00a0\u00a0\u00a0\u00a0\u00a0\u00a0\u00a0\u00a0\u00a0\u00a0\u00a0\u00a0\u00a0\u00a0\u00a0\u00a0\u00a0\u00a0\u00a0\u00a0\u00a0\u00a0\u00a0 <\/strong>Ebru Dildar Edin, Genel M\u00fcd\u00fcr Yard\u0131mc\u0131s\u0131, Garanti BBVA<\/p>\n<p><strong>\u00a0\u00a0\u00a0\u00a0\u00a0\u00a0\u00a0\u00a0\u00a0\u00a0\u00a0\u00a0\u00a0\u00a0\u00a0\u00a0\u00a0\u00a0\u00a0\u00a0\u00a0\u00a0\u00a0\u00a0\u00a0\u00a0\u00a0\u00a0\u00a0\u00a0\u00a0\u00a0\u00a0\u00a0 <\/strong>Paul Dickinson, Kurucu ve YK \u00dcyesi, CDP<\/p>\n<h4><strong>15:15 \u2013 15:30\u00a0 Ana Tema Konu\u015fmac\u0131s\u0131\u00a0\u00a0\u00a0\u00a0\u00a0\u00a0\u00a0\u00a0\u00a0\u00a0\u00a0\u00a0\u00a0\u00a0\u00a0 \u00a0 <\/strong><\/h4>\n<p>Gonzalo Mu\u00f1oz, Taraflar Konferans\u0131 (COP) \u015eili \u015eampiyonu, COP25 \u00dcst D\u00fczey \u0130klim \u015eampiyonlar\u0131<\/p>\n<h4><strong>15:30 \u2013 15.45\u00a0 CDP \u0130klim De\u011fi\u015fikli\u011fi ve Su Raporu 2021 Yorumu<\/strong><\/h4>\n<p>Melsa Ararat, PhD, CDP T\u00fcrkiye Direkt\u00f6r\u00fc<\/p>\n<h4><strong>15.45 \u2013 16:00 CDP \u0130klim De\u011fi\u015fikli\u011fi ve Su Raporu 2021 Sonu\u00e7lar\u0131 <\/strong><\/h4>\n<p>\u0130dil Zeynep Da\u011fdemir, CDP Projeler Y\u00f6neticisi, Sabanc\u0131 \u00dcniversitesi Kurumsal Y\u00f6netim Forumu<\/p>\n<h4><strong>16:00 \u2013 17:00 Panel: Kamu Politikalar\u0131ndaki Belirsizli\u011fin Sonu ve Yeni \u0130\u015f Normali<\/strong><\/h4>\n<p>Moderat\u00f6r: Prof. Dr. Volkan \u015e. Ediger, Kadir Has \u00dcniversitesi Enerji ve S\u00fcrd\u00fcr\u00fclebilir Kalk\u0131nma Uygulama ve Ara\u015ft\u0131rma Merkezi M\u00fcd\u00fcr\u00fc<\/p>\n<p>&#8211; Sonya Bhonsle, K\u00fcresel De\u011fer Zincirleri Ba\u015fkan\u0131 ve B\u00f6lge Direkt\u00f6r\u00fc, CDP<\/p>\n<p>&#8211; Harry Boyd-Carpenter, Genel M\u00fcd\u00fcr, \u0130klim Stratejileri, EBRD<\/p>\n<p>&#8211; Seray \u0130mer, S\u00fcrd\u00fcr\u00fclebilir Finans Y\u00f6neticisi, Garanti BBVA<\/p>\n<p>&#8211; Cevdet Alemdar, Enerji, \u00c7evre ve \u0130klim De\u011fi\u015fikli\u011fi Yuvarlak Masas\u0131 Ba\u015fkan\u0131, YK \u00dcyesi T\u00dcS\u0130AD<\/p>\n<h4><strong>17:00\u2013 17:15 CDP T\u00fcrkiye 2021 \u00d6d\u00fcl T\u00f6reni<\/strong><\/h4>\n<h4><strong>17:15 \u2013 17:20 Kapan\u0131\u015f Konu\u015fmas\u0131<\/strong><\/h4>\n<p>Ata Can Bertay, PhD, Direkt\u00f6r, Sabanc\u0131 \u00dcniversitesi Kurumsal Y\u00f6netim Forumu<\/p>","protected":false},"excerpt":{"rendered":"<p>Sorry, this entry is only available in Turkish. For the sake of viewer convenience, the content is shown below in the alternative language. You may click the link to switch the active language. T\u00fcrkiye \u00e7al\u0131\u015fmalar\u0131n\u0131 Sabanc\u0131 \u00dcniversitesi Kurumsal Y\u00f6netim Forumu\u2019nun \u00fcstlendi\u011fi d\u00fcnyan\u0131n en b\u00fcy\u00fck \u00e7evre raporlama platformu olan CDP, T\u00fcrkiye\u2019deki \u015firketlerin iklim de\u011fi\u015fikli\u011fi ve su [&hellip;]<\/p>\n","protected":false},"author":1,"featured_media":154390,"comment_status":"open","ping_status":"open","sticky":false,"template":"","format":"standard","meta":[],"categories":[53,52],"tags":[102770,10743,15530,102771,102769,1999,48485,73351],"views":120,"_links":{"self":[{"href":"https:\/\/www.enerjigazetesi.ist\/en\/wp-json\/wp\/v2\/posts\/154385"}],"collection":[{"href":"https:\/\/www.enerjigazetesi.ist\/en\/wp-json\/wp\/v2\/posts"}],"about":[{"href":"https:\/\/www.enerjigazetesi.ist\/en\/wp-json\/wp\/v2\/types\/post"}],"author":[{"embeddable":true,"href":"https:\/\/www.enerjigazetesi.ist\/en\/wp-json\/wp\/v2\/users\/1"}],"replies":[{"embeddable":true,"href":"https:\/\/www.enerjigazetesi.ist\/en\/wp-json\/wp\/v2\/comments?post=154385"}],"version-history":[{"count":0,"href":"https:\/\/www.enerjigazetesi.ist\/en\/wp-json\/wp\/v2\/posts\/154385\/revisions"}],"wp:featuredmedia":[{"embeddable":true,"href":"https:\/\/www.enerjigazetesi.ist\/en\/wp-json\/wp\/v2\/media\/154390"}],"wp:attachment":[{"href":"https:\/\/www.enerjigazetesi.ist\/en\/wp-json\/wp\/v2\/media?parent=154385"}],"wp:term":[{"taxonomy":"category","embeddable":true,"href":"https:\/\/www.enerjigazetesi.ist\/en\/wp-json\/wp\/v2\/categories?post=154385"},{"taxonomy":"post_tag","embeddable":true,"href":"https:\/\/www.enerjigazetesi.ist\/en\/wp-json\/wp\/v2\/tags?post=154385"}],"curies":[{"name":"wp","href":"https:\/\/api.w.org\/{rel}","templated":true}]}}