{"id":15431,"date":"2013-09-18T09:38:32","date_gmt":"2013-09-18T06:38:32","guid":{"rendered":"https:\/\/www.enerjigazetesi.ist\/?p=15431"},"modified":"2013-09-18T09:38:32","modified_gmt":"2013-09-18T06:38:32","slug":"enerji-verimliliginden-2030-yilina-kadar-2-milyon-istihdam-saglanacak","status":"publish","type":"post","link":"https:\/\/www.enerjigazetesi.ist\/en\/enerji-verimliliginden-2030-yilina-kadar-2-milyon-istihdam-saglanacak\/","title":{"rendered":"(Turkish) Enerji Verimlili\u011finden 2030 Y\u0131l\u0131na Kadar 2 Milyon \u0130stihdam Sa\u011flanacak"},"content":{"rendered":"<p class=\"qtranxs-available-languages-message qtranxs-available-languages-message-en\">Sorry, this entry is only available in <a href=\"https:\/\/www.enerjigazetesi.ist\/tr\/wp-json\/wp\/v2\/posts\/15431\" class=\"qtranxs-available-language-link qtranxs-available-language-link-tr\" title=\"Turkish\">Turkish<\/a>. For the sake of viewer convenience, the content is shown below in the alternative language. You may click the link to switch the active language.<\/p><p><strong>S\u00fcrd\u00fcr\u00fclebilirlik Akademisi\u2019nin ev sahipli\u011finde bu y\u0131l be\u015finci kez d\u00fczenlenen Ye\u015fil \u0130\u015f: S\u00fcrd\u00fcr\u00fclebilir \u0130\u015f Bulu\u015fmas\u0131, Kalk\u0131nma Bakan\u0131 Cevdet Y\u0131lmaz\u2019\u0131n kat\u0131l\u0131m\u0131yla ger\u00e7ekle\u015ftirildi. Bakan Y\u0131lmaz, 10. Be\u015f Y\u0131ll\u0131k Kalk\u0131nma Plan\u0131\u2019n\u0131 bu anlay\u0131\u015f ile haz\u0131rlad\u0131klar\u0131n\u0131 ve 4 eksen \u00fczerine oturttuklar\u0131n\u0131 anlatarak, \u015f\u00f6yle devam etti:<\/strong><\/p>\n<p>\u201cBirinci eksenimiz, sosyal boyuta verdi\u011fimiz \u00f6nemin g\u00f6stergesi olarak ilk defa bir plana sosyal konularla, \u2018nitelikli insan g\u00fc\u00e7l\u00fc toplum\u2019 dedi\u011fimiz bir b\u00f6l\u00fcmle ba\u015flad\u0131k. \u0130kinci eksenimiz ekonomiyle ilgili olarak yenilik\u00e7i \u00fcretim ve istikrarl\u0131 y\u00fcksek b\u00fcy\u00fcme. Burada bilgiyi temel ald\u0131k.<\/p>\n<p>Bundan sonraki b\u00fcy\u00fcme stratejimiz bilgi temelli olacak. \u00dc\u00e7\u00fcnc\u00fc eksenimiz mekansal boyutu i\u00e7eriyor ve ya\u015fanabilir \u015fehirler olu\u015fturmay\u0131, b\u00f6lgeler aras\u0131ndaki dengesizlikleri azaltmay\u0131 i\u00e7eriyor. \u00d6n\u00fcm\u00fczdeki s\u00fcre\u00e7te d\u00fcnyada da T\u00fcrkiye\u2019de de \u015fehirle\u015fme daha \u00f6nem kazanacak. Kalk\u0131nma yar\u0131\u015f\u0131nda \u00fclkeleri \u00f6ne \u00e7\u0131karacak ya da geri b\u0131rakacak hadise \u015fehirle\u015fme olacak. Nitelikli insan ve nitelikli sermaye i\u00e7in uygun ortam olu\u015fturan \u00fclkeler \u00f6n plana \u00e7\u0131kacak.<a href=\"https:\/\/www.enerjigazetesi.ist\/wp-content\/uploads\/2013\/09\/enerji-verimliliginden-2030-yilina-kadar-2-milyon-istihdam-saglanacak-cevdet-yilmaz.jpg\"><img loading=\"lazy\" class=\"alignright size-medium wp-image-15432\" title=\"enerji-verimliliginden-2030-yilina-kadar-2-milyon-istihdam-saglanacak-cevdet-yilmaz\" src=\"https:\/\/www.enerjigazetesi.ist\/wp-content\/uploads\/2013\/09\/enerji-verimliliginden-2030-yilina-kadar-2-milyon-istihdam-saglanacak-cevdet-yilmaz-300x212.jpg\" alt=\"\" width=\"300\" height=\"212\" srcset=\"https:\/\/www.enerjigazetesi.ist\/wp-content\/uploads\/2013\/09\/enerji-verimliliginden-2030-yilina-kadar-2-milyon-istihdam-saglanacak-cevdet-yilmaz-300x212.jpg 300w, https:\/\/www.enerjigazetesi.ist\/wp-content\/uploads\/2013\/09\/enerji-verimliliginden-2030-yilina-kadar-2-milyon-istihdam-saglanacak-cevdet-yilmaz-70x50.jpg 70w, https:\/\/www.enerjigazetesi.ist\/wp-content\/uploads\/2013\/09\/enerji-verimliliginden-2030-yilina-kadar-2-milyon-istihdam-saglanacak-cevdet-yilmaz.jpg 494w\" sizes=\"(max-width: 300px) 100vw, 300px\" \/><\/a><\/p>\n<p>D\u00f6rd\u00fcnc\u00fc boyut ise kalk\u0131nma ve i\u015fbirli\u011fi. B\u00fct\u00fcn bunlar\u0131 tek ba\u015f\u0131n\u0131za yapmazs\u0131n\u0131z. B\u00fct\u00fcn d\u00fcnya ile tecr\u00fcbeleriniz payla\u015fmak, onlar\u0131n tecr\u00fcbelerinden faydalanmak ve i\u015fbirlikleri geli\u015ftirmek durumundas\u0131n\u0131z. Kapsay\u0131c\u0131 bir kalk\u0131nma anlay\u0131\u015f\u0131 i\u00e7inde herkesin katk\u0131s\u0131 ald\u0131\u011f\u0131m\u0131z ve herkese de kalk\u0131nman\u0131n nimetlerinden olabildi\u011fince sundu\u011fumuz bir s\u00fcre\u00e7ten bahsediyoruz.\u201d<\/p>\n<p>Bakan Y\u0131lmaz, sadece eski \u00e7evre meselelerini tart\u0131\u015farak gelecekteki meydan okumalara cevap olu\u015fturulamayaca\u011f\u0131n\u0131 dile getirerek, d\u00fcnyan\u0131n, kaynaklar\u0131n s\u00fcrd\u00fcr\u00fclebilirli\u011fi konusunda iyi bir yere gitmedi\u011fini, bu konuda k\u00fcresel bir sorumluluk \u00fcstlenilmesi gerekti\u011fini s\u00f6yledi.<\/p>\n<p>T\u00fcrkiye\u2019nin do\u011fal kaynaklar\u0131 k\u0131s\u0131tl\u0131 ve enerji ba\u011f\u0131ml\u0131s\u0131 bir \u00fclke oldu\u011funu anlatan Y\u0131lmaz, \u201cDolay\u0131s\u0131yla do\u011fal kaynaklar\u0131 verimli kullanmak bizim ekonomimizin bir gere\u011fi. Yenilenebilir enerjiye daha a\u011f\u0131rl\u0131k verdi\u011finiz, enerji verimli\u011fini \u00f6n plana \u00e7\u0131kard\u0131\u011f\u0131n\u0131z zaman sadece \u00e7evreyi korumu\u015f olmuyorsunuz, asl\u0131nda maliyetlerinizi d\u00fc\u015f\u00fcr\u00fcyorsunuz, daha rekabet\u00e7i ekonomik yap\u0131 olu\u015fturuyorsunuz, d\u0131\u015fa ba\u011f\u0131ml\u0131l\u0131\u011f\u0131n\u0131z\u0131 azalt\u0131yorsunuz.<\/p>\n<p>Enerji verimlili\u011fi, neresinden bakarsan\u0131z bak\u0131n T\u00fcrkiye i\u00e7in son derece kritik bir konu. Yenilenebilir enerji de ayn\u0131 \u015fekilde \u00f6nemli. Sadeceenerji verimli\u011finin, b\u00fct\u00fcn s\u00fcre\u00e7leri T\u00fcrkiye\u2019de yap\u0131lmak kayd\u0131yla 2030 y\u0131l\u0131na kadar 2 milyonun \u00fczerinde bir istihdam olu\u015fturaca\u011f\u0131n\u0131 hesaplad\u0131k\u201d \u015feklinde konu\u015ftu.<\/p>\n<p>Kaynak: <a href=\"http:\/\/enerjienstitusu.com\/2013\/09\/17\/yilmaz-enerji-verimliliginden-2030-yilina-kadar-2-milyon-istihdam-saglanacak\/\" target=\"_blank\">Enerji Enstit\u00fcs\u00fc<\/a><\/p>","protected":false},"excerpt":{"rendered":"<p>Sorry, this entry is only available in Turkish. For the sake of viewer convenience, the content is shown below in the alternative language. You may click the link to switch the active language.S\u00fcrd\u00fcr\u00fclebilirlik Akademisi\u2019nin ev sahipli\u011finde bu y\u0131l be\u015finci kez d\u00fczenlenen Ye\u015fil \u0130\u015f: S\u00fcrd\u00fcr\u00fclebilir \u0130\u015f Bulu\u015fmas\u0131, Kalk\u0131nma Bakan\u0131 Cevdet Y\u0131lmaz\u2019\u0131n kat\u0131l\u0131m\u0131yla ger\u00e7ekle\u015ftirildi. Bakan Y\u0131lmaz, 10. [&hellip;]<\/p>\n","protected":false},"author":1,"featured_media":15432,"comment_status":"open","ping_status":"open","sticky":false,"template":"","format":"standard","meta":[],"categories":[53,52],"tags":[6361,8683,63,67,1009,165,12,6362,6134,1423,793,105,90,8682],"views":618,"_links":{"self":[{"href":"https:\/\/www.enerjigazetesi.ist\/en\/wp-json\/wp\/v2\/posts\/15431"}],"collection":[{"href":"https:\/\/www.enerjigazetesi.ist\/en\/wp-json\/wp\/v2\/posts"}],"about":[{"href":"https:\/\/www.enerjigazetesi.ist\/en\/wp-json\/wp\/v2\/types\/post"}],"author":[{"embeddable":true,"href":"https:\/\/www.enerjigazetesi.ist\/en\/wp-json\/wp\/v2\/users\/1"}],"replies":[{"embeddable":true,"href":"https:\/\/www.enerjigazetesi.ist\/en\/wp-json\/wp\/v2\/comments?post=15431"}],"version-history":[{"count":2,"href":"https:\/\/www.enerjigazetesi.ist\/en\/wp-json\/wp\/v2\/posts\/15431\/revisions"}],"predecessor-version":[{"id":15434,"href":"https:\/\/www.enerjigazetesi.ist\/en\/wp-json\/wp\/v2\/posts\/15431\/revisions\/15434"}],"wp:featuredmedia":[{"embeddable":true,"href":"https:\/\/www.enerjigazetesi.ist\/en\/wp-json\/wp\/v2\/media\/15432"}],"wp:attachment":[{"href":"https:\/\/www.enerjigazetesi.ist\/en\/wp-json\/wp\/v2\/media?parent=15431"}],"wp:term":[{"taxonomy":"category","embeddable":true,"href":"https:\/\/www.enerjigazetesi.ist\/en\/wp-json\/wp\/v2\/categories?post=15431"},{"taxonomy":"post_tag","embeddable":true,"href":"https:\/\/www.enerjigazetesi.ist\/en\/wp-json\/wp\/v2\/tags?post=15431"}],"curies":[{"name":"wp","href":"https:\/\/api.w.org\/{rel}","templated":true}]}}