{"id":154307,"date":"2022-04-17T11:03:26","date_gmt":"2022-04-17T08:03:26","guid":{"rendered":"https:\/\/www.enerjigazetesi.ist\/?p=154307"},"modified":"2022-04-17T11:06:04","modified_gmt":"2022-04-17T08:06:04","slug":"gelecegin-tohumlarini-golbasili-kadinlar-toprakla-bulusturdu","status":"publish","type":"post","link":"https:\/\/www.enerjigazetesi.ist\/en\/gelecegin-tohumlarini-golbasili-kadinlar-toprakla-bulusturdu\/","title":{"rendered":"(Turkish) Videolu: Gelece\u011fin Tohumlar\u0131n\u0131 Kad\u0131nlar\u0131m\u0131z Toprakla Bulu\u015fturdu\u2026"},"content":{"rendered":"<p class=\"qtranxs-available-languages-message qtranxs-available-languages-message-en\">Sorry, this entry is only available in <a href=\"https:\/\/www.enerjigazetesi.ist\/tr\/wp-json\/wp\/v2\/posts\/154307\" class=\"qtranxs-available-language-link qtranxs-available-language-link-tr\" title=\"Turkish\">Turkish<\/a>. For the sake of viewer convenience, the content is shown below in the alternative language. You may click the link to switch the active language.<\/p><p><\/p>\n<h2>G\u00f6lba\u015f\u0131 Belediye Ba\u015fkan\u0131 Ramazan \u015eim\u015fek ye\u015fil bir G\u00f6lba\u015f\u0131 i\u00e7in \u00e7al\u0131\u015fmalar\u0131na h\u0131z kesmeden devam ediyor. <em>\u201cG\u00f6lba\u015f\u0131l\u0131 Kad\u0131nlar Hat\u0131ra Orman\u0131\u201d projesini<\/em> hayata ge\u00e7iren Ba\u015fkan \u015eim\u015fek 1000&#8217;lerce fideyi G\u00f6lba\u015f\u0131l\u0131 kad\u0131nlarla birlikte toprakla bulu\u015fturdu.<\/h2>\n<p><em>G\u00f6lba\u015f\u0131 Belediye Ba\u015fkan\u0131 <\/em>ve e\u015fi\u00a0ev sahipli\u011finde ba\u015flat\u0131lan <strong>&#8220;Gelece\u011fimiz G\u00f6lba\u015f\u0131l\u0131 Kad\u0131nlar\u0131n Ellerinde Ye\u015feriyor&#8221; kampanyas\u0131<\/strong> kapsam\u0131nda olu\u015fturulan <strong>&#8220;Kad\u0131nlar Hat\u0131ra Orman\u0131&#8221;<\/strong>nda a\u011fa\u00e7 <img loading=\"lazy\" class=\"alignright wp-image-154310\" src=\"https:\/\/www.enerjigazetesi.ist\/wp-content\/uploads\/2022\/04\/gelecegin-tohumlarini-golbasili-kadinlar-toprakla-bulusturdu-2.jpg\" alt=\"\" width=\"320\" height=\"213\" srcset=\"https:\/\/www.enerjigazetesi.ist\/wp-content\/uploads\/2022\/04\/gelecegin-tohumlarini-golbasili-kadinlar-toprakla-bulusturdu-2.jpg 550w, https:\/\/www.enerjigazetesi.ist\/wp-content\/uploads\/2022\/04\/gelecegin-tohumlarini-golbasili-kadinlar-toprakla-bulusturdu-2-300x200.jpg 300w, https:\/\/www.enerjigazetesi.ist\/wp-content\/uploads\/2022\/04\/gelecegin-tohumlarini-golbasili-kadinlar-toprakla-bulusturdu-2-500x333.jpg 500w, https:\/\/www.enerjigazetesi.ist\/wp-content\/uploads\/2022\/04\/gelecegin-tohumlarini-golbasili-kadinlar-toprakla-bulusturdu-2-75x50.jpg 75w, https:\/\/www.enerjigazetesi.ist\/wp-content\/uploads\/2022\/04\/gelecegin-tohumlarini-golbasili-kadinlar-toprakla-bulusturdu-2-450x300.jpg 450w\" sizes=\"(max-width: 320px) 100vw, 320px\" \/>dikim t\u00f6reni ger\u00e7ekle\u015ftirildi. <strong>100 bin metrekare<\/strong> alan\u0131n a\u011fa\u00e7land\u0131r\u0131lmak i\u00e7in ayr\u0131ld\u0131\u011f\u0131 G\u00f6lba\u015f\u0131\u2019nda <strong>20 bin metrekare<\/strong> d\u00fczenlenen etkinlikle<strong> a\u011fa\u00e7land\u0131r\u0131ld\u0131.<\/strong> <strong>Eymir Mahallesi\u2019nde<\/strong> ger\u00e7ekle\u015ftirilen t\u00f6rene, <em>G\u00f6lba\u015f\u0131 Kaymakam\u0131\u00a0T\u00fclay Baydar\u00a0Bilgihan, Belediye Ba\u015fkan\u0131 \u015eim\u015fek ve e\u015fi Ye\u015fim \u015eim\u015fek, Eymir Mahalle Muhtar\u0131 Arzu Dervi\u015fo\u011flu ve G\u00f6lba\u015f\u0131l\u0131 kad\u0131nlar<\/em> kat\u0131ld\u0131. <em>Kaymakam Bilgihan<\/em>, t\u00f6rende yapt\u0131\u011f\u0131 konu\u015fmada \u015funlar\u0131 s\u00f6yledi: <em>&#8220;Ben b\u00fct\u00fcn kad\u0131nlar\u0131m\u0131z ad\u0131na G\u00f6lba\u015f\u0131 Belediye Ba\u015fkan\u0131m\u0131z Ramazan \u015eim\u015fek\u2019e te\u015fekk\u00fcr ediyorum. \u00c7ok g\u00fczel bir d\u00fc\u015f\u00fcnce. Kad\u0131n\u0131n oldu\u011fu yer, <strong>ye\u015filin, do\u011fall\u0131\u011f\u0131n, g\u00fczelli\u011fin<\/strong> oldu\u011fu yerdir. Fakat ya\u015fam kad\u0131n ve erkekle birlikte anlaml\u0131d\u0131r. Dolay\u0131s\u0131yla <strong>bizler omuz omuza \u015fehrimizi<\/strong>,<strong> \u00fclkemizi<\/strong> ve<strong> d\u00fcnyam\u0131z\u0131<\/strong> daha da g\u00fczelle\u015ftirece\u011fiz&#8221;<\/em> ifadelerini kulland\u0131.<\/p>\n<h2><strong>\u201cGelecek nesillere ye\u015fil bir d\u00fcnya b\u0131rakaca\u011f\u0131z\u201d<\/strong><\/h2>\n<p>Ba\u015fkan Ramazan \u015eim\u015fek ise G\u00f6lba\u015f\u0131 Belediyesi olarak ama\u00e7lar\u0131n\u0131n <strong>ye\u015fil alanlar\u0131 korumak<\/strong> ve \u00e7o\u011faltmak oldu\u011funu ifade ederek <em>&#8220;Gelecek nesillere daha ye\u015fil bir G\u00f6lba\u015f\u0131 b\u0131rakmak i\u00e7in<strong> gece g\u00fcnd\u00fcz<\/strong> \u00e7al\u0131\u015f\u0131yoruz. Biz g\u00f6reve geldi\u011fimizde G\u00f6lba\u015f\u0131&#8217;nda ki\u015fi ba\u015f\u0131na ye\u015fil alan <strong>20 metrekareydi<\/strong>. 2021 y\u0131l\u0131 sonu itibar\u0131yla biz bu rakam\u0131 <strong>28 metrekareye<\/strong> \u00e7\u0131kartt\u0131k. Hedefimiz ise bu rakam\u0131 ki\u015fi ba\u015f\u0131 <strong>30 metrekare<\/strong> alana \u00e7\u0131kartmak. Bug\u00fcn d\u00fczenledi\u011fimiz etkinli\u011fimizde <strong>100 bin metrekare<\/strong> alan\u0131n 20 bin metrekaresini a\u011fa\u00e7land\u0131rd\u0131k. Kalan<strong> 80 bin metrekare<\/strong> alan\u0131nda a\u011fa\u00e7land\u0131r\u0131lmas\u0131n\u0131 h\u0131zl\u0131ca yapaca\u011f\u0131z\u201d<\/em> a\u00e7\u0131klamas\u0131nda bulundu.<\/p>\n<p><strong>G\u00f6lba\u015f\u0131l\u0131 kad\u0131nlar\u0131n<\/strong> adlar\u0131n\u0131n ekilen fideler ile sonsuza dek ya\u015fayaca\u011f\u0131n\u0131 s\u00f6yleyen Ba\u015fkan Ramazan \u015eim\u015fek: <em>\u201cG\u00f6lba\u015f\u0131l\u0131 kad\u0131nlar\u0131m\u0131z i\u00e7in <strong>hat\u0131ra orman\u0131<\/strong> olu\u015fturduk. \u201cGelece\u011fimiz G\u00f6lba\u015f\u0131l\u0131 kad\u0131nlar\u0131m\u0131z\u0131n ellerinde ye\u015ferdi. Bundan sonra da <strong>yemye\u015fil bir gelecek<\/strong> i\u00e7in<strong> fidelerimizi toprakla bulu\u015fturmaya<\/strong> devam edece\u011fiz. B\u00fct\u00fcn vatanda\u015flar\u0131m\u0131z\u0131 da bu bilin\u00e7te olmaya ve a\u011fa\u00e7 dikmeye davet ediyorum\u201d<\/em> diyerek s\u00f6zlerini noktalad\u0131.<\/p>\n<p style=\"text-align: center;\"><iframe loading=\"lazy\" title=\"YouTube video player\" src=\"https:\/\/www.youtube.com\/embed\/Savi1iTHtko\" width=\"560\" height=\"315\" frameborder=\"0\" allowfullscreen=\"allowfullscreen\"><\/iframe><\/p>\n<p><\/p>","protected":false},"excerpt":{"rendered":"<p>Sorry, this entry is only available in Turkish. For the sake of viewer convenience, the content is shown below in the alternative language. You may click the link to switch the active language. G\u00f6lba\u015f\u0131 Belediye Ba\u015fkan\u0131 Ramazan \u015eim\u015fek ye\u015fil bir G\u00f6lba\u015f\u0131 i\u00e7in \u00e7al\u0131\u015fmalar\u0131na h\u0131z kesmeden devam ediyor. \u201cG\u00f6lba\u015f\u0131l\u0131 Kad\u0131nlar Hat\u0131ra Orman\u0131\u201d projesini hayata ge\u00e7iren Ba\u015fkan [&hellip;]<\/p>\n","protected":false},"author":1,"featured_media":154311,"comment_status":"open","ping_status":"open","sticky":false,"template":"","format":"standard","meta":[],"categories":[53,4],"tags":[98778,102725,70511,98616,102724,84459],"views":132,"_links":{"self":[{"href":"https:\/\/www.enerjigazetesi.ist\/en\/wp-json\/wp\/v2\/posts\/154307"}],"collection":[{"href":"https:\/\/www.enerjigazetesi.ist\/en\/wp-json\/wp\/v2\/posts"}],"about":[{"href":"https:\/\/www.enerjigazetesi.ist\/en\/wp-json\/wp\/v2\/types\/post"}],"author":[{"embeddable":true,"href":"https:\/\/www.enerjigazetesi.ist\/en\/wp-json\/wp\/v2\/users\/1"}],"replies":[{"embeddable":true,"href":"https:\/\/www.enerjigazetesi.ist\/en\/wp-json\/wp\/v2\/comments?post=154307"}],"version-history":[{"count":0,"href":"https:\/\/www.enerjigazetesi.ist\/en\/wp-json\/wp\/v2\/posts\/154307\/revisions"}],"wp:featuredmedia":[{"embeddable":true,"href":"https:\/\/www.enerjigazetesi.ist\/en\/wp-json\/wp\/v2\/media\/154311"}],"wp:attachment":[{"href":"https:\/\/www.enerjigazetesi.ist\/en\/wp-json\/wp\/v2\/media?parent=154307"}],"wp:term":[{"taxonomy":"category","embeddable":true,"href":"https:\/\/www.enerjigazetesi.ist\/en\/wp-json\/wp\/v2\/categories?post=154307"},{"taxonomy":"post_tag","embeddable":true,"href":"https:\/\/www.enerjigazetesi.ist\/en\/wp-json\/wp\/v2\/tags?post=154307"}],"curies":[{"name":"wp","href":"https:\/\/api.w.org\/{rel}","templated":true}]}}