{"id":154296,"date":"2022-04-16T17:39:45","date_gmt":"2022-04-16T14:39:45","guid":{"rendered":"https:\/\/www.enerjigazetesi.ist\/?p=154296"},"modified":"2022-04-16T17:39:45","modified_gmt":"2022-04-16T14:39:45","slug":"gsn-yeni-gunes-yatirimlari-ve-iklim-degisikligiyle-mucadelesini-surduruyor","status":"publish","type":"post","link":"https:\/\/www.enerjigazetesi.ist\/en\/gsn-yeni-gunes-yatirimlari-ve-iklim-degisikligiyle-mucadelesini-surduruyor\/","title":{"rendered":"(Turkish) &#8217;GSN&#8217; Yeni G\u00fcne\u015f Yat\u0131r\u0131mlar\u0131 ve \u0130klim De\u011fi\u015fikli\u011fiyle M\u00fccadelesini S\u00fcrd\u00fcr\u00fcyor"},"content":{"rendered":"<p class=\"qtranxs-available-languages-message qtranxs-available-languages-message-en\">Sorry, this entry is only available in <a href=\"https:\/\/www.enerjigazetesi.ist\/tr\/wp-json\/wp\/v2\/posts\/154296\" class=\"qtranxs-available-language-link qtranxs-available-language-link-tr\" title=\"Turkish\">Turkish<\/a>. For the sake of viewer convenience, the content is shown below in the alternative language. You may click the link to switch the active language.<\/p><p><\/p>\n<h2><strong>T\u00fcrkiye\u2019nin uluslararas\u0131 de\u011fer ta\u015f\u0131yan ve g\u00fcne\u015f sekt\u00f6r\u00fcnde \u00f6nc\u00fc bir sivil toplum kurulu\u015fu a\u011f\u0131 olan Green Solar Network (GSN), \u00f6zellikle yeni g\u00fcne\u015f enerjisi yat\u0131r\u0131mlar\u0131 ve iklim de\u011fi\u015fikli\u011fi ile m\u00fccadele konusunda, ge\u00e7ti\u011fimiz Mart ay\u0131nda \u00f6nemli \u00e7al\u0131\u015fmalara imza att\u0131.<\/strong><\/h2>\n<p>T\u00fcrkiye\u2019de g\u00fcne\u015f sekt\u00f6r\u00fcnde <em>\u00f6nc\u00fc bir sivil toplum kurulu\u015fu a\u011f\u0131 olan<\/em> ve uluslararas\u0131 de\u011fer ta\u015f\u0131yan<strong> Green Solar Network (GSN)<\/strong>, hayata ge\u00e7irdi\u011fi <strong>yenilikler<\/strong> ve<strong> projelerle<\/strong> b\u00fcy\u00fck dikkat \u00e7ekiyor. <strong><img loading=\"lazy\" class=\"alignright wp-image-154298\" src=\"https:\/\/www.enerjigazetesi.ist\/wp-content\/uploads\/2022\/04\/gsn-yeni-gunes-yatirimlari-ve-iklim-degisikligiyle-mucadelesini-surduruyor.jpeg\" alt=\"\" width=\"320\" height=\"218\" srcset=\"https:\/\/www.enerjigazetesi.ist\/wp-content\/uploads\/2022\/04\/gsn-yeni-gunes-yatirimlari-ve-iklim-degisikligiyle-mucadelesini-surduruyor.jpeg 956w, https:\/\/www.enerjigazetesi.ist\/wp-content\/uploads\/2022\/04\/gsn-yeni-gunes-yatirimlari-ve-iklim-degisikligiyle-mucadelesini-surduruyor-300x205.jpeg 300w, https:\/\/www.enerjigazetesi.ist\/wp-content\/uploads\/2022\/04\/gsn-yeni-gunes-yatirimlari-ve-iklim-degisikligiyle-mucadelesini-surduruyor-768x524.jpeg 768w, https:\/\/www.enerjigazetesi.ist\/wp-content\/uploads\/2022\/04\/gsn-yeni-gunes-yatirimlari-ve-iklim-degisikligiyle-mucadelesini-surduruyor-500x341.jpeg 500w, https:\/\/www.enerjigazetesi.ist\/wp-content\/uploads\/2022\/04\/gsn-yeni-gunes-yatirimlari-ve-iklim-degisikligiyle-mucadelesini-surduruyor-73x50.jpeg 73w\" sizes=\"(max-width: 320px) 100vw, 320px\" \/>Avrupa Birli\u011fi<\/strong> ve <strong>T\u00fcrkiye<\/strong> taraf\u0131ndan finanse edilen Green Solar Network, \u00fcyelerine b\u00fcy\u00fck ayr\u0131cal\u0131klar tan\u0131yor.<\/p>\n<p>Konuyla ilgili olarak bir a\u00e7\u0131klama yapan GSN Y\u00f6neticisi<strong> Fatih \u00dcnal<\/strong>,<em> &#8220;Ye\u015fil enerjiye a\u00e7\u0131lan kap\u0131m\u0131z\u2019\u2019 mottosu ve inanc\u0131 ile hareket eden GSN, bu anlamda ge\u00e7ti\u011fimiz ay i\u00e7erinde de birbirinden \u00f6nemli etkinliklere imza att\u0131. GSN taraf\u0131ndan <strong>30 Mart\u2019ta<\/strong> d\u00fczenlenen<strong> Yenilenebilir Enerjide Finansman Webinar\u0131<\/strong>nda, birbirinden \u00f6nemli konu ve konuklar\u0131yla sekt\u00f6rde \u00f6nemli geli\u015fmeler ve hedefler payla\u015f\u0131ld\u0131. GSN taraf\u0131ndan d\u00fczenlenen ve b\u00fcy\u00fck ilgi g\u00f6ren Webinarda, <strong>g\u00fcne\u015f enerjisine yat\u0131r\u0131m<\/strong> yapmak isteyen ancak <strong>yeterli finansman kayna\u011f\u0131<\/strong> olmayan yat\u0131r\u0131mc\u0131lara y\u00f6nelik \u00f6nemli f\u0131rsatlar anlatalarak, sekt\u00f6rle ilgili son geli\u015fmeler hakk\u0131nda bilgi verildi&#8221;<\/em> dedi.<\/p>\n<h3>GER\u00c7EK B\u0130LG\u0130 PROFESYONEL SONU\u00c7<\/h3>\n<p>Avrupa Birli\u011fi taraf\u0131ndan desteklenen ve Green Solar Network projesi kapsam\u0131nda sekiz konu\u015fmac\u0131n\u0131n birbirinden farkl\u0131 konular\u0131 ele ald\u0131\u011f\u0131 webinarda; Ye\u015fil finansman ba\u015fl\u0131kl\u0131 konularda TURSEFF&#8217;den Seyran Hatipo\u011flu ve DenizBank&#8217;tan Alper Berkman ile Ba\u015far Y\u0131lmaz \u00f6nemli a\u00e7\u0131klamalar yaparak, g\u00fcne\u015f enerji santral yat\u0131r\u0131mlar\u0131nda<strong> finansman modelleri<\/strong> \u00fczerinde bilgi verildi. Ayr\u0131ca GSN Teknik Uzman\u0131 Mustafa K\u00f6ker, Ye\u015fil Hidrojen Ekonomisi ve Emrah \u00c7elik de GSN Solar Hesaplama Mod\u00fcl\u00fc ile ilgili sunumlar\u0131n\u0131 ger\u00e7ekle\u015ftirdi. Webinar\u0131 yakla\u015f\u0131k <strong>250 ki\u015fi<\/strong> canl\u0131 olarak izledi.<\/p>\n<h3><strong>4 N 1 G\u00dcNE\u015e D\u0130J\u0130TAL YAYINI S\u0130ZLERLE BULU\u015eUYOR<\/strong><\/h3>\n<p>GSN ayr\u0131ca,<strong> iklim de\u011fi\u015fikli\u011fi ile m\u00fccadelede<\/strong> g\u00fcne\u015f enerjisi kullan\u0131m\u0131n\u0131 yayg\u0131nla\u015ft\u0131rmak konusunda fark\u0131ndal\u0131k olu\u015fturmak amac\u0131yla <strong>iyi uygulama \u00f6rneklerini<\/strong>, sorunlara y\u00f6nelik <strong>\u00e7\u00f6z\u00fcm \u00f6nerilerini<\/strong> ve <strong>en \u00e7ok merak edilen g\u00fcne\u015f enerjisi bilgilerini<\/strong> bir yay\u0131nda derledi.<\/p>\n<p>Yay\u0131n\u0131n i\u00e7eri\u011finin olu\u015fturulmas\u0131nda \u2018<em><strong>\u00e7al\u0131\u015fma komitesi\u2019<\/strong><\/em> taraf\u0131ndan haz\u0131rlanan<strong> anket \u00e7al\u0131\u015fmas\u0131<\/strong> ile beklentileri ve ihtiya\u00e7 duyulan konular da <strong>iki y\u00f6nl\u00fc ileti\u015fim stratejisi<\/strong> ile belirlendi. Yakla\u015f\u0131k <strong>300 kat\u0131l\u0131mc\u0131n\u0131n g\u00f6r\u00fc\u015fleri<\/strong> sonucunda ger\u00e7ekle\u015ftirilen ankette \u00f6ne \u00e7\u0131kan g\u00fcne\u015f enerjisi sistemler<em>i Y\u00fczer GES, Agro-PV, Solar Kiremitler, Binalarla Entegre Fotovoltaik Sistemler ve Enerji depolama sistemleri<\/em> oldu. G\u00fcne\u015f enerjisi kullan\u0131m\u0131n\u0131n \u00f6n\u00fcndeki engeller olarak <strong>yasal s\u00fcre\u00e7ler, y\u00fcksek maliyetler<\/strong> ve <strong>finansman deste\u011fi<\/strong> konular\u0131 \u00f6n plana \u00e7\u0131kt\u0131. Uygulama \u00e7al\u0131\u015fmas\u0131 olarak da en \u00e7ok sanayide, tar\u0131mda, binalarda ve ula\u015f\u0131mda <strong>g\u00fcne\u015f enerji uygulamalar\u0131<\/strong> dikkat \u00e7ekti. <strong>4 N 1 G\u00fcne\u015f \u00e7al\u0131\u015fmas\u0131<\/strong>, <strong>GSN \u00fcyelerinin<\/strong> <strong>talepleri<\/strong>, <strong>g\u00f6r\u00fc\u015f<\/strong> ve <strong>\u00f6nerileri<\/strong> do\u011frultusunda geli\u015ftirilerek, <strong>Nisan ay\u0131<\/strong> sonunda sizlerle bulu\u015facak.<\/p>\n<h3><strong>GSN, SOLAR \u0130STANBUL FUARI\u2019NDA\u00a0<\/strong><\/h3>\n<p>GSN, T\u00fcrkiye\u2019nin sekt\u00f6rel anlamda b\u00f6lgesindeki en \u00f6nemli uluslar aras\u0131 etkinliklerinden olan<strong> Solar \u0130stanbul 2022 Fuar\u0131<\/strong>\u2019na da kat\u0131larak, <strong>Green Solar Network<\/strong> payda\u015flar\u0131yla i\u015fbirli\u011fi konusunda \u00f6nemli geli\u015fmeler sa\u011fland\u0131.\u00a0\u00dcnal,\u00a0<em>\u201cSolar \u0130stanbul 2022\u2019de bulunmam\u0131z network\u00fcm\u00fcz\u00fcn de\u011ferine de\u011fer kataca\u011f\u0131na ve yeni payda\u015flarla \u00f6nemli mesafeleri kat edece\u011fimize inan\u0131yorum\u2019\u2019<\/em> ifadelerini kulland\u0131.<\/p>\n<h3><strong>EKO \u0130KL\u0130M FUARI\u2019NDA GREEN SOLAR NETWORK R\u00dcZGARI\u00a0<\/strong><\/h3>\n<p>Dopdolu bir <strong>Mart ay\u0131<\/strong> ge\u00e7iren GNS,\u00a0ve<strong> 30-31 Mart<\/strong> tarihleri aras\u0131nda <strong>Ankara\u2019da<\/strong> yap\u0131lan,<strong> iklim de\u011fi\u015fikli\u011fine kar\u015f\u0131<\/strong> fark\u0131ndal\u0131\u011f\u0131n yarat\u0131laca\u011f\u0131, <strong>sorunlar\u0131n tart\u0131\u015f\u0131laca\u011f\u0131<\/strong> ve <strong>\u00e7\u00f6z\u00fcm yollar\u0131n\u0131n bulunmas\u0131<\/strong>n\u0131n hedeflendi\u011fi <strong>Eko \u0130klim Ekonomi ve \u0130klim De\u011fi\u015fikli\u011fi Zirvesi<\/strong>\u2019ne de kat\u0131ld\u0131.<strong> 10<\/strong> ayr\u0131 alanda <strong>321<\/strong> konu\u015fmac\u0131yla bulu\u015fan binlerce kat\u0131l\u0131mc\u0131ya <strong>Kad\u0131n \u0130\u015fveren ve Sanayicileri Derne\u011fi (KA\u0130SDER)<\/strong> taraf\u0131ndan Green Solar Network tan\u0131t\u0131ld\u0131. GSN\u2019in T\u00fcrkiye\u2019ye kazand\u0131rd\u0131\u011f\u0131 \u00f6nemli ve pratik bir hesaplama arac\u0131 olan <strong>\u2018\u2019g\u00fcne\u015f enerjisi yat\u0131r\u0131m\u0131 hesaplama\u2019\u2019<\/strong> ba\u015fl\u0131\u011f\u0131 b\u00fcy\u00fck dikkat \u00e7ekti. Ayr\u0131ca gerek GSN payda\u015flar\u0131 gerekse sekt\u00f6r\u00fcn di\u011fer profesyonelleri ve giri\u015fimciler <strong>GSN<\/strong>\u2019nin <strong>webinar etkinliklerine<\/strong> kat\u0131l\u0131mc\u0131 olmak istediklerini belirttiler.<\/p>\n<h3><strong>GREEN SOLAR NETWORK YE\u015e\u0130L ENERJ\u0130YE A\u00c7ILAN KAPIMIZ<\/strong><\/h3>\n<p><strong>GSN \u00fcyeleri<\/strong> aralar\u0131nda \u00e7e\u015fitli i\u015f kollar\u0131ndan<strong> STK, kurumlar<\/strong> ve <strong>\u00f6zel \u015firketler<\/strong> bulunuyor. \u00dcyeleriyle s\u0131k\u0131 bir diyalog geli\u015ftiren network i\u00e7in <em>M\u00dcKAD Enerji Komisyonu Ba\u015fkan\u0131<\/em><strong> \u015eebnem \u00d6zkal<\/strong> g\u00f6r\u00fc\u015flerini belirtti. \u0130klim de\u011fi\u015fikli\u011fi ile m\u00fccadelede, g\u00fcne\u015f enerjisinin kullan\u0131m\u0131n\u0131n yayg\u0131nla\u015ft\u0131r\u0131lmas\u0131 amac\u0131 ile kurulmu\u015f bir network olu\u015fumu olmas\u0131 sebebiyle M\u00dcKAD olarak ilgilerinin \u00e7ekildi\u011fini belirten \u00d6zkal \u201cGSN \u00fcyesi de\u011ferli STK gruplar\u0131 ile ayn\u0131 platformda olmay\u0131, ortak \u00e7al\u0131\u015fmalar \u00fcretmek a\u00e7\u0131s\u0131ndan kolayla\u015ft\u0131r\u0131c\u0131 bir olu\u015fum olarak de\u011ferlendiriyorum. M\u00dcKAD bu network platformuna <strong>2021 Aral\u0131k ay\u0131nda<\/strong> dahil oldu, eminim i\u015f birli\u011fi ile yapaca\u011f\u0131m\u0131z pek \u00e7ok faydal\u0131 proje \u00fcretece\u011fiz\u201d dedi.<\/p>","protected":false},"excerpt":{"rendered":"<p>Sorry, this entry is only available in Turkish. For the sake of viewer convenience, the content is shown below in the alternative language. You may click the link to switch the active language. T\u00fcrkiye\u2019nin uluslararas\u0131 de\u011fer ta\u015f\u0131yan ve g\u00fcne\u015f sekt\u00f6r\u00fcnde \u00f6nc\u00fc bir sivil toplum kurulu\u015fu a\u011f\u0131 olan Green Solar Network (GSN), \u00f6zellikle yeni g\u00fcne\u015f enerjisi [&hellip;]<\/p>\n","protected":false},"author":1,"featured_media":154299,"comment_status":"open","ping_status":"open","sticky":false,"template":"","format":"standard","meta":[],"categories":[51,53,49],"tags":[71373,102718,102715,2206,102717,5982,102716,64978,39177],"views":234,"_links":{"self":[{"href":"https:\/\/www.enerjigazetesi.ist\/en\/wp-json\/wp\/v2\/posts\/154296"}],"collection":[{"href":"https:\/\/www.enerjigazetesi.ist\/en\/wp-json\/wp\/v2\/posts"}],"about":[{"href":"https:\/\/www.enerjigazetesi.ist\/en\/wp-json\/wp\/v2\/types\/post"}],"author":[{"embeddable":true,"href":"https:\/\/www.enerjigazetesi.ist\/en\/wp-json\/wp\/v2\/users\/1"}],"replies":[{"embeddable":true,"href":"https:\/\/www.enerjigazetesi.ist\/en\/wp-json\/wp\/v2\/comments?post=154296"}],"version-history":[{"count":0,"href":"https:\/\/www.enerjigazetesi.ist\/en\/wp-json\/wp\/v2\/posts\/154296\/revisions"}],"wp:featuredmedia":[{"embeddable":true,"href":"https:\/\/www.enerjigazetesi.ist\/en\/wp-json\/wp\/v2\/media\/154299"}],"wp:attachment":[{"href":"https:\/\/www.enerjigazetesi.ist\/en\/wp-json\/wp\/v2\/media?parent=154296"}],"wp:term":[{"taxonomy":"category","embeddable":true,"href":"https:\/\/www.enerjigazetesi.ist\/en\/wp-json\/wp\/v2\/categories?post=154296"},{"taxonomy":"post_tag","embeddable":true,"href":"https:\/\/www.enerjigazetesi.ist\/en\/wp-json\/wp\/v2\/tags?post=154296"}],"curies":[{"name":"wp","href":"https:\/\/api.w.org\/{rel}","templated":true}]}}