{"id":154214,"date":"2022-04-15T10:35:27","date_gmt":"2022-04-15T07:35:27","guid":{"rendered":"https:\/\/www.enerjigazetesi.ist\/?p=154214"},"modified":"2022-04-15T10:37:18","modified_gmt":"2022-04-15T07:37:18","slug":"dunya-enerji-pazarlari-ve-kuresel-enerji-donusumu-ele-alindi","status":"publish","type":"post","link":"https:\/\/www.enerjigazetesi.ist\/en\/dunya-enerji-pazarlari-ve-kuresel-enerji-donusumu-ele-alindi\/","title":{"rendered":"(Turkish) D\u00fcnya Enerji Pazarlar\u0131 ve K\u00fcresel Enerji D\u00f6n\u00fc\u015f\u00fcm\u00fc Ele Al\u0131nd\u0131"},"content":{"rendered":"<p class=\"qtranxs-available-languages-message qtranxs-available-languages-message-en\">Sorry, this entry is only available in <a href=\"https:\/\/www.enerjigazetesi.ist\/tr\/wp-json\/wp\/v2\/posts\/154214\" class=\"qtranxs-available-language-link qtranxs-available-language-link-tr\" title=\"Turkish\">Turkish<\/a>. For the sake of viewer convenience, the content is shown below in the alternative language. You may click the link to switch the active language.<\/p><p><\/p>\n<div class=\"itemIntroText\">\n<h2>T\u00dcS\u0130AD, <em>\u201cRusya\u2019n\u0131n Ukrayna\u2019y\u0131 i\u015fgali, D\u00fcnya Enerji Pazarlar\u0131 ve K\u00fcresel Enerji D\u00f6n\u00fc\u015f\u00fcm\u00fc\u201d<\/em> temal\u0131 toplant\u0131da Uluslararas\u0131 Enerji Ajans\u0131 \u0130cra Direkt\u00f6r\u00fc Dr. Fatih Birol\u2019u a\u011f\u0131rlad\u0131.<\/h2>\n<\/div>\n<div class=\"itemFullText\">\n<p>A\u00e7\u0131l\u0131\u015f konu\u015fmas\u0131n\u0131 <em>T\u00dcS\u0130AD Y\u00f6netim Kurulu Ba\u015fkan\u0131<\/em> <strong>Orhan Turan<\/strong>\u2019\u0131n, ana tema konu\u015fmas\u0131n\u0131 Uluslararas\u0131 Enerji Ajans\u0131 \u0130cra Direkt\u00f6r\u00fc <strong>Dr. Fatih Birol<\/strong>\u2019un ger\u00e7ekle\u015ftirdi\u011fi etkinlikte, s\u00f6yle\u015fi oturumunun moderasyonu <em>T\u00dcS\u0130AD Y\u00f6netim Kurulu \u00dcyesi ve Sanayi Politikalar\u0131 ve \u015eirket \u0130\u015fleri Yuvarlak Masa Ba\u015fkan\u0131<\/em> <strong>Dr. Fatih Kemal Ebi\u00e7lio\u011flu<\/strong> taraf\u0131ndan yap\u0131ld\u0131.<\/p>\n<p><strong><img loading=\"lazy\" class=\"alignright wp-image-154217\" src=\"https:\/\/www.enerjigazetesi.ist\/wp-content\/uploads\/2022\/04\/dunya-enerji-pazarlari-ve-kuresel-enerji-donusumu-ele-alindi-1.jpg\" alt=\"\" width=\"300\" height=\"200\" srcset=\"https:\/\/www.enerjigazetesi.ist\/wp-content\/uploads\/2022\/04\/dunya-enerji-pazarlari-ve-kuresel-enerji-donusumu-ele-alindi-1.jpg 550w, https:\/\/www.enerjigazetesi.ist\/wp-content\/uploads\/2022\/04\/dunya-enerji-pazarlari-ve-kuresel-enerji-donusumu-ele-alindi-1-300x200.jpg 300w, https:\/\/www.enerjigazetesi.ist\/wp-content\/uploads\/2022\/04\/dunya-enerji-pazarlari-ve-kuresel-enerji-donusumu-ele-alindi-1-500x334.jpg 500w, https:\/\/www.enerjigazetesi.ist\/wp-content\/uploads\/2022\/04\/dunya-enerji-pazarlari-ve-kuresel-enerji-donusumu-ele-alindi-1-75x50.jpg 75w, https:\/\/www.enerjigazetesi.ist\/wp-content\/uploads\/2022\/04\/dunya-enerji-pazarlari-ve-kuresel-enerji-donusumu-ele-alindi-1-450x300.jpg 450w\" sizes=\"(max-width: 300px) 100vw, 300px\" \/>Fatih Birol:<\/strong> Enerji krizini \u00e7\u00f6zmek i\u00e7in at\u0131lacak ad\u0131mlar\u0131n iklim krizini \u00e7\u00f6zecek ad\u0131mlar da olmas\u0131 gerekiyor.<\/p>\n<p>Etkinli\u011fin ana tema konu\u015fmac\u0131s\u0131 <em>Uluslararas\u0131 Enerji Ajans\u0131 \u0130cra Direkt\u00f6r\u00fc<\/em> <strong>Fatih Birol<\/strong> konuyla ilgili de\u011ferlendirmelerinde <span style=\"text-decoration: underline;\">\u015funlar\u0131 s\u00f6yledi:<\/span><\/p>\n<p><em>\u201cUkrayna\u2019dan gelen resimlere bakt\u0131\u011f\u0131m\u0131zda b\u00fcy\u00fck bir <strong>insanl\u0131k dram\u0131,<\/strong> <strong>insanl\u0131k krizi<\/strong> ya\u015f\u0131yoruz. \u0130kincisi belki de ilk <strong>global bir enerji krizini<\/strong> ya\u015f\u0131yoruz. Ama bunlar<strong> 3&#8217;\u00fcnc\u00fc<\/strong> kriz olan <strong>iklim krizini unutmam\u0131z<\/strong> anlam\u0131na gelmez. Bu y\u00fczden <strong>enerji krizini \u00e7\u00f6zmek<\/strong> i\u00e7in at\u0131lacak ad\u0131mlar\u0131n iklim krizini \u00e7\u00f6zecek ad\u0131mlar da olmas\u0131 gerekiyor.\u201d<\/em><\/p>\n<p><strong>Orhan Turan:<\/strong> <em>K\u00fcresel enerji d\u00f6n\u00fc\u015f\u00fcm\u00fc <strong>arz g\u00fcvenli\u011fi, iklim de\u011fi\u015fikli\u011fi, jeopolitik, ekonomik, s\u00fcrd\u00fcr\u00fclebilirlik<\/strong> ve<strong> teknolojik boyutlar\u0131yla<\/strong><\/em> \u00f6n\u00fcm\u00fczdeki d\u00f6nemde stratejik \u00f6nem ta\u015f\u0131maya devam edecek.<\/p>\n<p><em><img loading=\"lazy\" class=\"alignleft wp-image-154218\" src=\"https:\/\/www.enerjigazetesi.ist\/wp-content\/uploads\/2022\/04\/dunya-enerji-pazarlari-ve-kuresel-enerji-donusumu-ele-alindi-2.jpg\" alt=\"\" width=\"300\" height=\"200\" srcset=\"https:\/\/www.enerjigazetesi.ist\/wp-content\/uploads\/2022\/04\/dunya-enerji-pazarlari-ve-kuresel-enerji-donusumu-ele-alindi-2.jpg 550w, https:\/\/www.enerjigazetesi.ist\/wp-content\/uploads\/2022\/04\/dunya-enerji-pazarlari-ve-kuresel-enerji-donusumu-ele-alindi-2-300x200.jpg 300w, https:\/\/www.enerjigazetesi.ist\/wp-content\/uploads\/2022\/04\/dunya-enerji-pazarlari-ve-kuresel-enerji-donusumu-ele-alindi-2-500x334.jpg 500w, https:\/\/www.enerjigazetesi.ist\/wp-content\/uploads\/2022\/04\/dunya-enerji-pazarlari-ve-kuresel-enerji-donusumu-ele-alindi-2-75x50.jpg 75w, https:\/\/www.enerjigazetesi.ist\/wp-content\/uploads\/2022\/04\/dunya-enerji-pazarlari-ve-kuresel-enerji-donusumu-ele-alindi-2-450x300.jpg 450w\" sizes=\"(max-width: 300px) 100vw, 300px\" \/>T\u00dcS\u0130AD Y\u00f6netim Kurulu Ba\u015fkan\u0131<\/em> <strong>Orhan Turan<\/strong> ise konu\u015fmas\u0131nda <span style=\"text-decoration: underline;\">\u015fu ifadeleri kulland\u0131:<\/span><\/p>\n<p><em>\u201c<strong>\u015eubat ay\u0131nda<\/strong> ger\u00e7ekle\u015ftirilen <strong>\u0130klim \u015euras\u0131 kararlar\u0131na da<\/strong> yans\u0131yan ve bu y\u0131l i\u00e7inde haz\u0131rlanmas\u0131 \u00f6ng\u00f6r\u00fclen <strong>Uzun D\u00f6nemli Enerji Plan\u0131<\/strong>\u2019n\u0131 stratejik \u00f6nemde g\u00f6r\u00fcyoruz. Bu plan\u0131n <strong>arz g\u00fcvenli\u011fi, \u00f6ng\u00f6r\u00fclebilirlik<\/strong> ve<strong> s\u00fcrd\u00fcr\u00fclebilirlik<\/strong> prensiplerini <strong>b\u00fct\u00fcnc\u00fcl g\u00f6zetmesi<\/strong> kritik \u00f6nem ta\u015f\u0131yor. Bu \u00e7er\u00e7evede, <strong>yenilenebilir enerji<\/strong> ve <strong>enerji verimlili\u011fi<\/strong> potansiyelimizin azami \u015fekilde kullan\u0131ld\u0131\u011f\u0131;<strong> enerji arz g\u00fcvenli\u011fine<\/strong> ve kalitesine y\u00f6nelik altyap\u0131n\u0131n g\u00fc\u00e7lendirildi\u011fi; <strong>serbest piyasa uygulamalar\u0131<\/strong>ndan uzakla\u015f\u0131lmayan bir Plan\u0131 hedeflemeliyiz. <strong>K\u00fcresel enerji d\u00f6n\u00fc\u015f\u00fcm\u00fc<\/strong> <strong>arz g\u00fcvenli\u011fi, iklim de\u011fi\u015fikli\u011fi, jeopolitik, ekonomik, s\u00fcrd\u00fcr\u00fclebilirlik<\/strong> ve<strong> teknolojik boyutlar\u0131yla<\/strong> \u00f6n\u00fcm\u00fczdeki d\u00f6nemde stratejik \u00f6nem ta\u015f\u0131maya devam edecek.&#8221;<\/em><\/p>\n<\/div>\n<p><\/p>","protected":false},"excerpt":{"rendered":"<p>Sorry, this entry is only available in Turkish. For the sake of viewer convenience, the content is shown below in the alternative language. You may click the link to switch the active language. T\u00dcS\u0130AD, \u201cRusya\u2019n\u0131n Ukrayna\u2019y\u0131 i\u015fgali, D\u00fcnya Enerji Pazarlar\u0131 ve K\u00fcresel Enerji D\u00f6n\u00fc\u015f\u00fcm\u00fc\u201d temal\u0131 toplant\u0131da Uluslararas\u0131 Enerji Ajans\u0131 \u0130cra Direkt\u00f6r\u00fc Dr. Fatih Birol\u2019u a\u011f\u0131rlad\u0131. [&hellip;]<\/p>\n","protected":false},"author":1,"featured_media":154219,"comment_status":"open","ping_status":"open","sticky":false,"template":"","format":"standard","meta":[],"categories":[53],"tags":[1364,1024,91146,102574,102662,102663,51633,1296,102664],"views":134,"_links":{"self":[{"href":"https:\/\/www.enerjigazetesi.ist\/en\/wp-json\/wp\/v2\/posts\/154214"}],"collection":[{"href":"https:\/\/www.enerjigazetesi.ist\/en\/wp-json\/wp\/v2\/posts"}],"about":[{"href":"https:\/\/www.enerjigazetesi.ist\/en\/wp-json\/wp\/v2\/types\/post"}],"author":[{"embeddable":true,"href":"https:\/\/www.enerjigazetesi.ist\/en\/wp-json\/wp\/v2\/users\/1"}],"replies":[{"embeddable":true,"href":"https:\/\/www.enerjigazetesi.ist\/en\/wp-json\/wp\/v2\/comments?post=154214"}],"version-history":[{"count":0,"href":"https:\/\/www.enerjigazetesi.ist\/en\/wp-json\/wp\/v2\/posts\/154214\/revisions"}],"wp:featuredmedia":[{"embeddable":true,"href":"https:\/\/www.enerjigazetesi.ist\/en\/wp-json\/wp\/v2\/media\/154219"}],"wp:attachment":[{"href":"https:\/\/www.enerjigazetesi.ist\/en\/wp-json\/wp\/v2\/media?parent=154214"}],"wp:term":[{"taxonomy":"category","embeddable":true,"href":"https:\/\/www.enerjigazetesi.ist\/en\/wp-json\/wp\/v2\/categories?post=154214"},{"taxonomy":"post_tag","embeddable":true,"href":"https:\/\/www.enerjigazetesi.ist\/en\/wp-json\/wp\/v2\/tags?post=154214"}],"curies":[{"name":"wp","href":"https:\/\/api.w.org\/{rel}","templated":true}]}}