{"id":154194,"date":"2022-04-14T13:35:15","date_gmt":"2022-04-14T10:35:15","guid":{"rendered":"https:\/\/www.enerjigazetesi.ist\/?p=154194"},"modified":"2022-04-14T13:35:15","modified_gmt":"2022-04-14T10:35:15","slug":"fitre-zekat-ve-bayram-bagislari-darussafakali-ogrencilere-gelecek-olsun","status":"publish","type":"post","link":"https:\/\/www.enerjigazetesi.ist\/en\/fitre-zekat-ve-bayram-bagislari-darussafakali-ogrencilere-gelecek-olsun\/","title":{"rendered":"(Turkish) Fitre, Zekat ve Bayram Ba\u011f\u0131\u015flar\u0131 Dar\u00fc\u015f\u015fafakal\u0131 \u00d6\u011frencilere Gelecek Olsun!"},"content":{"rendered":"<p class=\"qtranxs-available-languages-message qtranxs-available-languages-message-en\">Sorry, this entry is only available in <a href=\"https:\/\/www.enerjigazetesi.ist\/tr\/wp-json\/wp\/v2\/posts\/154194\" class=\"qtranxs-available-language-link qtranxs-available-language-link-tr\" title=\"Turkish\">Turkish<\/a>. For the sake of viewer convenience, the content is shown below in the alternative language. You may click the link to switch the active language.<\/p><p><\/p>\n<h2><strong>159 y\u0131ld\u0131r, &#8220;e\u011fitimde f\u0131rsat e\u015fitli\u011fi&#8221; misyonuyla annesi veya babas\u0131 hayatta olmayan, maddi olanaklar\u0131 yetersiz \u00f6\u011frencilere ortaokuldan ba\u015flayarak liseden mezun oluncaya kadar 8 y\u0131l boyunca \u00fccretsiz ve yat\u0131l\u0131 kolej d\u00fczeyinde\u00a0<\/strong><strong>e\u011fitim<\/strong><strong>\u00a0imk\u00e2n\u0131 sa\u011flayan\u00a0<\/strong><strong>Dar\u00fc\u015f\u015fafaka<\/strong><strong>\u00a0Cemiyeti, Ramazan ay\u0131nda bu misyona katk\u0131da bulunmak isteyen hay\u0131rseverleri deste\u011fe davet ediyor.<\/strong><\/h2>\n<p>Osmanl\u0131\u2019dan g\u00fcn\u00fcm\u00fcze uzanan 159 y\u0131ll\u0131k tarihiyle Dar\u00fc\u015f\u015fafaka Cemiyeti; annesi veya babas\u0131 hayatta olmayan, maddi olanaklar\u0131 yetersiz binlerce \u00f6\u011frencinin hayat\u0131n\u0131 nitelikli e\u011fitimle de\u011fi\u015ftirmeye devam <img loading=\"lazy\" class=\"alignright wp-image-154196\" src=\"https:\/\/www.enerjigazetesi.ist\/wp-content\/uploads\/2022\/04\/fitre-zekat-ve-bayram-bagislari-darussafakali-ogrencilere-gelecek-olsun-2.jpg\" alt=\"\" width=\"320\" height=\"214\" srcset=\"https:\/\/www.enerjigazetesi.ist\/wp-content\/uploads\/2022\/04\/fitre-zekat-ve-bayram-bagislari-darussafakali-ogrencilere-gelecek-olsun-2.jpg 550w, https:\/\/www.enerjigazetesi.ist\/wp-content\/uploads\/2022\/04\/fitre-zekat-ve-bayram-bagislari-darussafakali-ogrencilere-gelecek-olsun-2-300x200.jpg 300w, https:\/\/www.enerjigazetesi.ist\/wp-content\/uploads\/2022\/04\/fitre-zekat-ve-bayram-bagislari-darussafakali-ogrencilere-gelecek-olsun-2-500x334.jpg 500w, https:\/\/www.enerjigazetesi.ist\/wp-content\/uploads\/2022\/04\/fitre-zekat-ve-bayram-bagislari-darussafakali-ogrencilere-gelecek-olsun-2-75x50.jpg 75w, https:\/\/www.enerjigazetesi.ist\/wp-content\/uploads\/2022\/04\/fitre-zekat-ve-bayram-bagislari-darussafakali-ogrencilere-gelecek-olsun-2-450x300.jpg 450w\" sizes=\"(max-width: 320px) 100vw, 320px\" \/>etmek i\u00e7in bu <strong>ramazanda<\/strong> da <strong>fitre, zekat <\/strong>ve <strong>bayram<\/strong> ba\u011f\u0131\u015flar\u0131n\u0131 bekliyor.<\/p>\n<p>Bug\u00fcn T\u00fcrkiye\u2019nin d\u00f6rt bir k\u00f6\u015fesinden s\u0131navla belirlenmi\u015f <strong>1.000\u2019e yak\u0131n<\/strong> \u00f6\u011frenciye hem \u015fefkatli bir yuva olan hem de \u00e7a\u011f\u0131n en ileri e\u011fitim f\u0131rsat\u0131n\u0131 sunan <strong>Dar\u00fc\u015f\u015fafaka Cemiyeti<\/strong>, \u00fclkemizin gelecek nesillerini yeti\u015ftirmeye devam etmek i\u00e7in <strong>yard\u0131mla\u015fman\u0131n<\/strong> ve<strong> payla\u015fman\u0131n<\/strong> en yayg\u0131n oldu\u011fu Ramazan ay\u0131nda hay\u0131rsever<strong> kurum, kurulu\u015f<\/strong> ve <strong>bireyleri<\/strong> deste\u011fe \u00e7a\u011f\u0131r\u0131yor.<\/p>\n<h3><strong>O\u011fuz G\u00fcle\u00e7: \u201c<\/strong><strong>Ramazan ay\u0131nda da yapaca\u011f\u0131n\u0131z ba\u011f\u0131\u015flar, \u00f6\u011frencilerimizin giderleri i\u00e7in harcanacakt\u0131r<\/strong><strong>\u201d<\/strong><\/h3>\n<p>Dar\u00fc\u015f\u015fafaka Cemiyeti Y\u00f6netim Kurulu Ba\u015fkan\u0131 O\u011fuz G\u00fcle\u00e7, <em>\u201c<strong>Dar\u00fc\u015f\u015fafaka<\/strong> olarak 1863 y\u0131l\u0131ndan bu yana hay\u0131rseverlerin ba\u011f\u0131\u015flar\u0131yla <strong>maddi olanaklar\u0131<\/strong> s\u0131n\u0131rl\u0131, <strong>yetenekli \u00e7ocuklar\u0131m\u0131z\u0131<\/strong> ya\u015fam boyu <strong>\u00f6\u011frenen<\/strong>,<strong> evrensel de\u011ferleri benimsemi\u015f<\/strong>, <strong>\u00f6zg\u00fcvenli<\/strong>, \u00fclkesine ve topluma kar\u015f\u0131 sorumluluklar\u0131n\u0131n bilincinde liderler olarak yeti\u015ftiriyoruz. \u00c7ocuklar\u0131m\u0131za <strong>tam burslu, yat\u0131l\u0131, \u0130ngilizce a\u011f\u0131rl\u0131kl\u0131 e\u011fitim<\/strong> olana\u011f\u0131 sunuyor, <strong>robotik, yapay zeka, dijital d\u00f6n\u00fc\u015f\u00fcm, genetik, kodlama, 3D<\/strong> gibi yetenek at\u00f6lyelerimizle \u00f6\u011frencilerimizi <strong>21. y\u00fczy\u0131l becerileri<\/strong> ile donatarak yeti\u015ftiriyoruz. Milletimizin deste\u011fiyle <strong>\u2018e\u011fitimde f\u0131rsat e\u015fitli\u011fi\u2019<\/strong> ilkesini ya\u015fat\u0131yor ve birlikte i\u00e7imizdeki cevherleri, yar\u0131nlar\u0131 de\u011fi\u015ftirecek de\u011ferlere d\u00f6n\u00fc\u015ft\u00fcr\u00fcyoruz. Ramazan ay\u0131; hay\u0131rsever kurum, kurulu\u015f ve ki\u015filerin fitre, zek\u00e2t ve bayram ba\u011f\u0131\u015flar\u0131yla hayra dokundu\u011fu, ihtiya\u00e7 sahiplerinin dertlerine derman oldu\u011fu bir ay. Bu Ramazan ay\u0131nda da yapaca\u011f\u0131n\u0131z<strong> fitre, zek\u00e2t, fidye ve bayram ba\u011f\u0131\u015flar\u0131n\u0131zla<\/strong> anneleri ya da babalar\u0131 hayatta olmayan \u00e7ocuklar\u0131m\u0131z\u0131n iyi bir gelecekleri olmas\u0131na destek olabilirsiniz. Daha fazla \u00e7ocu\u011fumuza <strong>\u2018e\u011fitimde f\u0131rsat e\u015fitli\u011fi\u2019<\/strong> sa\u011flamak i\u00e7in bu \u00f6zel ayda toplumun her kesiminden gelecek ba\u011f\u0131\u015flar\u0131 bekliyoruz\u201d<\/em> dedi.<\/p>\n<p>Dar\u00fc\u015f\u015fafaka Cemiyeti&#8217;nin gelir kaynaklar\u0131n\u0131, ilk kuruldu\u011fu g\u00fcnden bu yana ki\u015fi, kurum ve kurulu\u015flardan al\u0131nan ba\u011f\u0131\u015flar\u0131n olu\u015fturdu\u011funu ifade eden G\u00fcle\u00e7, <em>&#8220;\u00d6\u011frencilerimizin e\u011fitiminin yan\u0131 s\u0131ra<strong> beslenme, bar\u0131nma, giyim, sa\u011fl\u0131k, cep har\u00e7l\u0131\u011f\u0131<\/strong> gibi t\u00fcm ihtiya\u00e7lar\u0131n\u0131 <strong>ba\u011f\u0131\u015flar\u0131n\u0131zla<\/strong> kar\u015f\u0131l\u0131yoruz. Ramazan ay\u0131nda da yapaca\u011f\u0131n\u0131z <strong>ba\u011f\u0131\u015flar, \u00f6\u011frencilerimizin giderleri<\/strong> i\u00e7in harcanacakt\u0131r.&#8221;<\/em> diyerek ba\u011f\u0131\u015f\u00e7\u0131lara hat\u0131rlatmada bulundu.<\/p>","protected":false},"excerpt":{"rendered":"<p>Sorry, this entry is only available in Turkish. For the sake of viewer convenience, the content is shown below in the alternative language. You may click the link to switch the active language. 159 y\u0131ld\u0131r, &#8220;e\u011fitimde f\u0131rsat e\u015fitli\u011fi&#8221; misyonuyla annesi veya babas\u0131 hayatta olmayan, maddi olanaklar\u0131 yetersiz \u00f6\u011frencilere ortaokuldan ba\u015flayarak liseden mezun oluncaya kadar 8 [&hellip;]<\/p>\n","protected":false},"author":1,"featured_media":154197,"comment_status":"open","ping_status":"open","sticky":false,"template":"","format":"standard","meta":[],"categories":[53,157],"tags":[38783,102658,70447,102657,89056,102656,102655],"views":65,"_links":{"self":[{"href":"https:\/\/www.enerjigazetesi.ist\/en\/wp-json\/wp\/v2\/posts\/154194"}],"collection":[{"href":"https:\/\/www.enerjigazetesi.ist\/en\/wp-json\/wp\/v2\/posts"}],"about":[{"href":"https:\/\/www.enerjigazetesi.ist\/en\/wp-json\/wp\/v2\/types\/post"}],"author":[{"embeddable":true,"href":"https:\/\/www.enerjigazetesi.ist\/en\/wp-json\/wp\/v2\/users\/1"}],"replies":[{"embeddable":true,"href":"https:\/\/www.enerjigazetesi.ist\/en\/wp-json\/wp\/v2\/comments?post=154194"}],"version-history":[{"count":0,"href":"https:\/\/www.enerjigazetesi.ist\/en\/wp-json\/wp\/v2\/posts\/154194\/revisions"}],"wp:featuredmedia":[{"embeddable":true,"href":"https:\/\/www.enerjigazetesi.ist\/en\/wp-json\/wp\/v2\/media\/154197"}],"wp:attachment":[{"href":"https:\/\/www.enerjigazetesi.ist\/en\/wp-json\/wp\/v2\/media?parent=154194"}],"wp:term":[{"taxonomy":"category","embeddable":true,"href":"https:\/\/www.enerjigazetesi.ist\/en\/wp-json\/wp\/v2\/categories?post=154194"},{"taxonomy":"post_tag","embeddable":true,"href":"https:\/\/www.enerjigazetesi.ist\/en\/wp-json\/wp\/v2\/tags?post=154194"}],"curies":[{"name":"wp","href":"https:\/\/api.w.org\/{rel}","templated":true}]}}