{"id":154151,"date":"2022-04-14T10:48:52","date_gmt":"2022-04-14T07:48:52","guid":{"rendered":"https:\/\/www.enerjigazetesi.ist\/?p=154151"},"modified":"2022-04-14T10:52:42","modified_gmt":"2022-04-14T07:52:42","slug":"endustriyel-catilarda-ges-uygulama-semineri-izmirde-duzenliyor","status":"publish","type":"post","link":"https:\/\/www.enerjigazetesi.ist\/en\/endustriyel-catilarda-ges-uygulama-semineri-izmirde-duzenliyor\/","title":{"rendered":"(Turkish) 18&#8217;inci &#8216;End\u00fcstriyel \u00c7at\u0131larda GES Uygulama&#8217; Semineri \u0130zmir\u2019de D\u00fczenleniyor"},"content":{"rendered":"<p class=\"qtranxs-available-languages-message qtranxs-available-languages-message-en\">Sorry, this entry is only available in <a href=\"https:\/\/www.enerjigazetesi.ist\/tr\/wp-json\/wp\/v2\/posts\/154151\" class=\"qtranxs-available-language-link qtranxs-available-language-link-tr\" title=\"Turkish\">Turkish<\/a>. For the sake of viewer convenience, the content is shown below in the alternative language. You may click the link to switch the active language.<\/p><p><\/p>\n<h2><strong>GENSED &#8211; G\u00fcne\u015f Enerjisi Sanayicileri ve End\u00fcstrisi Derne\u011fi, T\u00fcrkiye\u2019de y\u00fckselen elektrik fiyatlar\u0131na paralel olarak i\u015f d\u00fcnyas\u0131ndan gelen GES (G\u00fcne\u015f Enerji Santrali) yat\u0131r\u0131mlar\u0131 konusundaki bilgi erozyonunun \u00f6n\u00fcne ge\u00e7mek, s\u00fcre\u00e7lerin i\u015fleyi\u015fi konusunda i\u015f insanlar\u0131n\u0131 g\u00fcncel tutmak i\u00e7in, &#8220;End\u00fcstriyel \u00c7at\u0131larda GES Uygulama&#8221;<\/strong> <strong>seminerinin 18\u2019incisini \u0130zmir\u2019de d\u00fczenliyor.<\/strong><\/h2>\n<p>T\u00fcrkiye\u2019de artan <strong>elektrik fiyatlar\u0131<\/strong>,<strong> g\u00fcne\u015f enerjisi sekt\u00f6r\u00fc<\/strong>n\u00fcn \u00f6neminin her ge\u00e7en g\u00fcn daha da iyi anla\u015f\u0131lmas\u0131n\u0131 sa\u011fl\u0131yor. \u00d6zellikle i\u015fletmelerden gelen yo\u011fun<strong> GES yat\u0131r\u0131m talepleri<\/strong> nedeniyle <img loading=\"lazy\" class=\"alignright wp-image-154153\" src=\"https:\/\/www.enerjigazetesi.ist\/wp-content\/uploads\/2022\/04\/endustriyel-catilarda-ges-uygulama-semineri-izmirde-duzenliyor-1.jpg\" alt=\"\" width=\"320\" height=\"258\" srcset=\"https:\/\/www.enerjigazetesi.ist\/wp-content\/uploads\/2022\/04\/endustriyel-catilarda-ges-uygulama-semineri-izmirde-duzenliyor-1.jpg 550w, https:\/\/www.enerjigazetesi.ist\/wp-content\/uploads\/2022\/04\/endustriyel-catilarda-ges-uygulama-semineri-izmirde-duzenliyor-1-300x242.jpg 300w, https:\/\/www.enerjigazetesi.ist\/wp-content\/uploads\/2022\/04\/endustriyel-catilarda-ges-uygulama-semineri-izmirde-duzenliyor-1-497x400.jpg 497w, https:\/\/www.enerjigazetesi.ist\/wp-content\/uploads\/2022\/04\/endustriyel-catilarda-ges-uygulama-semineri-izmirde-duzenliyor-1-62x50.jpg 62w, https:\/\/www.enerjigazetesi.ist\/wp-content\/uploads\/2022\/04\/endustriyel-catilarda-ges-uygulama-semineri-izmirde-duzenliyor-1-500x403.jpg 500w\" sizes=\"(max-width: 320px) 100vw, 320px\" \/>yat\u0131r\u0131mc\u0131lar\u0131n <strong>do\u011fru bilgilendirilmesi<\/strong> ve<strong> mevzuattaki geli\u015fmelerin aktar\u0131lmas\u0131<\/strong> i\u00e7in<strong> GENSED seminerler<\/strong> d\u00fczenleyerek, bu konuda \u00f6nemli hizmetler veriyor.<\/p>\n<p>T\u00fcrkiye\u2019de g\u00fcne\u015f enerjisi sekt\u00f6r\u00fcn\u00fc temsil eden en \u00f6nemli derneklerden biri olan G\u00fcne\u015f Enerjisi Sanayicileri ve End\u00fcstrisi Derne\u011fi GENSED, <strong>&#8220;End\u00fcstriyel \u00c7at\u0131larda GES Uygulama&#8221;<\/strong> seminerlerinin 18&#8217;incisini <strong>20 Nisan 2022<\/strong> \u00c7ar\u015famba g\u00fcn\u00fc saat <strong>13:00-16:30<\/strong> aras\u0131nda <strong>KOSB\u0130-\u0130zmir Kemalpa\u015fa Organize Sanayi B\u00f6lgesi<\/strong>\u2019nin i\u015fbirli\u011fiyle <strong>Kemalpa\u015fa \u00d6zel Kocat\u00fcrk Koleji Konferans Salonu\u2019nda<\/strong> ger\u00e7ekle\u015ftiriyor.<\/p>\n<p><em>Seminerle ilgili a\u00e7\u0131klama yapan GENSED Genel Sekreteri Hakan Erkan, \u201cAB Ye\u015fil Mutabakat\u0131 kapsam\u0131nda 2023\u2019ten itibaren \u0130hracat\u00e7\u0131 firmalara uygulanacak <strong>S\u0131n\u0131rda Karbon d\u00fczenlemeleri<\/strong>, 2022 y\u0131l\u0131nda artan <strong>Elektrik fiyatlar\u0131<\/strong> ve <strong>Lisanss\u0131z GES yat\u0131r\u0131mlar\u0131<\/strong>n\u0131n 4.B\u00f6lge Te\u015fvikleri kapsam\u0131na al\u0131nmas\u0131 ile ilgili\u00a0i\u015fletmelerden gelen yo\u011fun <strong>GES kurulum taleplerini<\/strong> g\u00f6z \u00f6n\u00fcnde bulundurarak <strong>18\u2019nci<\/strong> seminerimizi<strong> \u0130zmir\u2019de<\/strong> ger\u00e7ekle\u015ftirece\u011fiz. Bu seminerimizde <strong>\u0130zmirli i\u015f insanlar\u0131yla yat\u0131r\u0131mlar\u0131<\/strong>, <strong>mevzuattaki geli\u015fmeleri<\/strong> ve <strong>de\u011fi\u015fiklikleri<\/strong> masaya yat\u0131raca\u011f\u0131z\u2019\u2019<\/em> diye konu\u015ftu.<\/p>\n<p style=\"text-align: center;\"><img loading=\"lazy\" class=\"aligncenter wp-image-154154\" src=\"https:\/\/www.enerjigazetesi.ist\/wp-content\/uploads\/2022\/04\/endustriyel-catilarda-ges-uygulama-semineri-izmirde-duzenliyor-2.jpg\" alt=\"\" width=\"500\" height=\"482\" srcset=\"https:\/\/www.enerjigazetesi.ist\/wp-content\/uploads\/2022\/04\/endustriyel-catilarda-ges-uygulama-semineri-izmirde-duzenliyor-2.jpg 550w, https:\/\/www.enerjigazetesi.ist\/wp-content\/uploads\/2022\/04\/endustriyel-catilarda-ges-uygulama-semineri-izmirde-duzenliyor-2-300x289.jpg 300w, https:\/\/www.enerjigazetesi.ist\/wp-content\/uploads\/2022\/04\/endustriyel-catilarda-ges-uygulama-semineri-izmirde-duzenliyor-2-415x400.jpg 415w, https:\/\/www.enerjigazetesi.ist\/wp-content\/uploads\/2022\/04\/endustriyel-catilarda-ges-uygulama-semineri-izmirde-duzenliyor-2-52x50.jpg 52w, https:\/\/www.enerjigazetesi.ist\/wp-content\/uploads\/2022\/04\/endustriyel-catilarda-ges-uygulama-semineri-izmirde-duzenliyor-2-500x482.jpg 500w\" sizes=\"(max-width: 500px) 100vw, 500px\" \/><\/p>\n<h3><strong>G\u00dcNE\u015e ENERJ\u0130S\u0130 YATIRIMLARI SON YILLARIN YATIRIM REKORUNA KO\u015eUYOR<\/strong><\/h3>\n<p>Son g\u00fcnlerde ya\u015fanan <strong>enerji fiyatlar\u0131<\/strong>ndaki y\u00fcksek art\u0131\u015f\u0131n mal ve hizmetlerin maliyetlerinde de art\u0131\u015fa sebep oldu\u011funa dikkat \u00e7eken Erkan, \u00fcretim ya da <strong>hizmet tesislerinin maliyetlerini<\/strong> belirleyen etkenlerin ba\u015f\u0131nda<strong> enerji fiyatlar\u0131n\u0131n<\/strong> geldi\u011fini belirterek, <strong>end\u00fcstriyel \u00e7at\u0131lardaki GES uygulamalar\u0131<\/strong>n\u0131n, <strong>enerji fiyatlar\u0131n\u0131n art\u0131\u015f\u0131ndan<\/strong> kaynakl\u0131 ekstra maliyetleri azaltaca\u011f\u0131n\u0131 s\u00f6yledi.<\/p>\n<p>Son y\u0131llarda t\u00fcm d\u00fcnyada oldu\u011fu gibi T\u00fcrkiye\u2019de de artan enerji fiyatlar\u0131n\u0131 g\u00f6z \u00f6n\u00fcnde bulunduruldu\u011funda, <strong>enerji maliyetlerinin \u00fcretimde<\/strong> \u00f6nemli bir girdi haline geldi\u011fini vurgulayan Erkan, <em>&#8220;Maliyetlerdeki y\u00fckseli\u015f rekabet\u00e7i ortam\u0131 etkileyen bir fakt\u00f6r olmu\u015ftur. Bundan sonra da enerji fiyatlar\u0131n\u0131n, artan enerji talebine ba\u011fl\u0131 olarak y\u00fckselece\u011fi bir ger\u00e7ektir. Oysa herhangi bir <strong>sanayi tesisi \u00e7at\u0131s\u0131na k<\/strong>urulacak bir <strong>GES yat\u0131r\u0131m\u0131n\u0131n<\/strong>, orta vadeden itibaren \u00e7ok \u00f6nemli ekonomik katk\u0131 sa\u011flayaca\u011f\u0131 kesindir. Santralin kendini finanse etme s\u00fcresi<strong> 5 y\u0131l\u0131n alt\u0131na inmi\u015f<\/strong> bulunmaktad\u0131r. K\u0131sa amortisman s\u00fcresine sahip<strong> end\u00fcstriyel \u00e7at\u0131lara<\/strong> uygulanacak <strong>GES<\/strong> ile<strong> i\u015fletmeler giderlerinin<\/strong> \u00e7ok \u00f6nemli bir k\u0131sm\u0131n\u0131 olu\u015fturan enerji tutar\u0131ndan <strong>tasarruf<\/strong> ederek karl\u0131l\u0131klar\u0131n\u0131 art\u0131racaklard\u0131r. G\u00fcne\u015f panellerinin<strong> 25 y\u0131l \u00f6mr\u00fc<\/strong> bulundu\u011fu i\u00e7in amortisman s\u00fcresi sonras\u0131nda <strong>20 y\u0131la yak\u0131n<\/strong> herhangi bir maliyet olmadan <strong>\u00fccretsiz elektrik kullanabilecekler<\/strong> ve fazlas\u0131n\u0131 da \u015febekeye vererek gelir elde edebilecektir. \u0130\u015f insanlar\u0131m\u0131z\u0131n bu konuda yat\u0131r\u0131mlar\u0131n\u0131 h\u0131zland\u0131racaklar\u0131n\u0131 g\u00f6r\u00fcyoruz. G\u00fcne\u015fi de\u011ferlendirmeli, fayda elde etmeliyiz&#8221;<\/em> dedi.<\/p>\n<p><strong>Yeni d\u00fczenleme<\/strong> ile \u00e7at\u0131lar\u0131nda yeterli alana sahip olmayan i\u015fletmelerin <strong>ayn\u0131 da\u011f\u0131t\u0131m b\u00f6lgesinde<\/strong> kalmak \u015fart\u0131yla <strong>arazi \u00fczerinde de GES kurulabilece\u011fini<\/strong> belirten Erkan, <strong>t\u00fcketim ama\u00e7l\u0131 arazi GES kurulumlar\u0131<\/strong>n\u0131n \u00f6n\u00fcn\u00fcn a\u00e7\u0131lm\u0131\u015f olmas\u0131 ile <strong>GES yat\u0131r\u0131mlar\u0131n\u0131n<\/strong> h\u0131zlanaca\u011f\u0131n\u0131 ifade etti.<\/p>\n<p><strong>Seminere Kat\u0131l\u0131m \u0130\u00e7in:<\/strong> <a href=\"http:\/\/www.gensed.org\" target=\"_blank\" rel=\"noopener\">www.gensed.org <\/a>web adresini ziyaret edebilirsiniz.<\/p>","protected":false},"excerpt":{"rendered":"<p>Sorry, this entry is only available in Turkish. For the sake of viewer convenience, the content is shown below in the alternative language. You may click the link to switch the active language. GENSED &#8211; G\u00fcne\u015f Enerjisi Sanayicileri ve End\u00fcstrisi Derne\u011fi, T\u00fcrkiye\u2019de y\u00fckselen elektrik fiyatlar\u0131na paralel olarak i\u015f d\u00fcnyas\u0131ndan gelen GES (G\u00fcne\u015f Enerji Santrali) yat\u0131r\u0131mlar\u0131 [&hellip;]<\/p>\n","protected":false},"author":1,"featured_media":154153,"comment_status":"open","ping_status":"open","sticky":false,"template":"","format":"standard","meta":[],"categories":[51,53,49],"tags":[24218,343,102631,727,102630,15237,2206,16928],"views":189,"_links":{"self":[{"href":"https:\/\/www.enerjigazetesi.ist\/en\/wp-json\/wp\/v2\/posts\/154151"}],"collection":[{"href":"https:\/\/www.enerjigazetesi.ist\/en\/wp-json\/wp\/v2\/posts"}],"about":[{"href":"https:\/\/www.enerjigazetesi.ist\/en\/wp-json\/wp\/v2\/types\/post"}],"author":[{"embeddable":true,"href":"https:\/\/www.enerjigazetesi.ist\/en\/wp-json\/wp\/v2\/users\/1"}],"replies":[{"embeddable":true,"href":"https:\/\/www.enerjigazetesi.ist\/en\/wp-json\/wp\/v2\/comments?post=154151"}],"version-history":[{"count":0,"href":"https:\/\/www.enerjigazetesi.ist\/en\/wp-json\/wp\/v2\/posts\/154151\/revisions"}],"wp:featuredmedia":[{"embeddable":true,"href":"https:\/\/www.enerjigazetesi.ist\/en\/wp-json\/wp\/v2\/media\/154153"}],"wp:attachment":[{"href":"https:\/\/www.enerjigazetesi.ist\/en\/wp-json\/wp\/v2\/media?parent=154151"}],"wp:term":[{"taxonomy":"category","embeddable":true,"href":"https:\/\/www.enerjigazetesi.ist\/en\/wp-json\/wp\/v2\/categories?post=154151"},{"taxonomy":"post_tag","embeddable":true,"href":"https:\/\/www.enerjigazetesi.ist\/en\/wp-json\/wp\/v2\/tags?post=154151"}],"curies":[{"name":"wp","href":"https:\/\/api.w.org\/{rel}","templated":true}]}}