{"id":15410,"date":"2013-09-17T09:06:54","date_gmt":"2013-09-17T06:06:54","guid":{"rendered":"https:\/\/www.enerjigazetesi.ist\/?p=15410"},"modified":"2013-09-17T09:06:54","modified_gmt":"2013-09-17T06:06:54","slug":"ruzgarin-fazla-esmesi-elektrik-fiyatlarini-asagi-cekti","status":"publish","type":"post","link":"https:\/\/www.enerjigazetesi.ist\/en\/ruzgarin-fazla-esmesi-elektrik-fiyatlarini-asagi-cekti\/","title":{"rendered":"(Turkish) \u201cR\u00fczgar\u0131n Fazla Esmesi Elektrik Fiyatlar\u0131n\u0131 A\u015fa\u011f\u0131 \u00c7ekti\u201d"},"content":{"rendered":"<p class=\"qtranxs-available-languages-message qtranxs-available-languages-message-en\">Sorry, this entry is only available in <a href=\"https:\/\/www.enerjigazetesi.ist\/tr\/wp-json\/wp\/v2\/posts\/15410\" class=\"qtranxs-available-language-link qtranxs-available-language-link-tr\" title=\"Turkish\">Turkish<\/a>. For the sake of viewer convenience, the content is shown below in the alternative language. You may click the link to switch the active language.<\/p><p><strong>T\u00fcrkiye R\u00fczgar Enerjisi Santral Birli\u011fi (T\u00dcREB) Ba\u015fkan\u0131 Mustafa Serdar Ataseven, r\u00fczgar\u0131n bu y\u0131l fazla esmesinin elektrik fiyatlar\u0131n\u0131 a\u015fa\u011f\u0131 \u00e7ekti\u011fini s\u00f6yledi. Ataseven, \u201cSantral yat\u0131r\u0131mlar\u0131n\u0131 \u00fclkemizde yayg\u0131nla\u015ft\u0131rabilirsek bu vatanda\u015f\u0131m\u0131z\u0131n cebine indirim olarak yans\u0131yacakt\u0131r\u201d dedi.<\/strong><\/p>\n<p>T\u00fcrkiye R\u00fczgar Enerjisi Santral Birli\u011fi (T\u00dcREB) Ba\u015fkan\u0131 Mustafa Serdar Ataseven, r\u00fczgar\u0131n bu y\u0131l fazla esmesi ve fazla \u00fcretimin sa\u011flanmas\u0131ndan dolay\u0131 elektrik fiyatlar\u0131n\u0131n a\u015fa\u011f\u0131 indi\u011fini s\u00f6yledi. Mustafa Serdar Ataseven, \u201cR\u00fczgardan elde edilen enerji fazla oldu\u011fundan r\u00fczgara arz oluyor. Talep de d\u00fc\u015f\u00fck oldu\u011fundan, fiyatlar a\u015fa\u011f\u0131 \u00e7ekiliyor. Santral yat\u0131r\u0131mlar\u0131n\u0131 \u00fclkemizde yayg\u0131nla\u015ft\u0131rabilirsek bu vatanda\u015f\u0131m\u0131z cebine indirim olarak yans\u0131yacakt\u0131r\u201d dedi.<\/p>\n<h2>\u2018Yat\u0131r\u0131mlar h\u0131zla artacak\u2019<\/h2>\n<p>T\u00dcREB Ba\u015fkan\u0131, temmuz sonu itibariyle T\u00fcrkiye\u2019de 2 bin 700 MW\u2019lik r\u00fczgar santralinin i\u015fletmede oldu\u011fun<a href=\"https:\/\/www.enerjigazetesi.ist\/wp-content\/uploads\/2013\/05\/ruzgar-hem-turkiyeye-hem-yatirimcisina-kazandiriyor.jpg\"><img loading=\"lazy\" class=\"alignright size-medium wp-image-10590\" title=\"ruzgarin-fazla-esmesi-elektrik-fiyatlarini-asagi-cekti\" src=\"https:\/\/www.enerjigazetesi.ist\/wp-content\/uploads\/2013\/05\/ruzgar-hem-turkiyeye-hem-yatirimcisina-kazandiriyor-300x203.jpg\" alt=\"\" width=\"300\" height=\"203\" srcset=\"https:\/\/www.enerjigazetesi.ist\/wp-content\/uploads\/2013\/05\/ruzgar-hem-turkiyeye-hem-yatirimcisina-kazandiriyor-300x203.jpg 300w, https:\/\/www.enerjigazetesi.ist\/wp-content\/uploads\/2013\/05\/ruzgar-hem-turkiyeye-hem-yatirimcisina-kazandiriyor-73x50.jpg 73w, https:\/\/www.enerjigazetesi.ist\/wp-content\/uploads\/2013\/05\/ruzgar-hem-turkiyeye-hem-yatirimcisina-kazandiriyor.jpg 459w\" sizes=\"(max-width: 300px) 100vw, 300px\" \/><\/a>u s\u00f6yledi. Bunun 2 bin MW\u2019lik k\u0131sm\u0131n\u0131n son 4 y\u0131lda yap\u0131ld\u0131\u011f\u0131n\u0131 kaydeden Ataseven, yat\u0131r\u0131mlar\u0131n bundan sonra ivme kazanarak devam edece\u011finin alt\u0131n\u0131 \u00e7izdi. Ataseven, \u201cBu y\u0131l i\u015fletmeye ge\u00e7en 400 MW\u2019nin haricinde 750 MW\u2019de yap\u0131m\u0131 devam eden r\u00fczgar santralimiz var. Bu y\u0131l sonu itibar\u0131 ile 750-800 MW r\u00fczgar santralini devreye alm\u0131\u015f olaca\u011f\u0131z. Bundan sonraki y\u0131llarda da, ekspiyonel olarak yat\u0131r\u0131mlar artacak\u201d diye konu\u015ftu.<\/p>\n<h2>\u2018T\u00fcrkiye\u2019de montaj istihdam\u0131 art\u0131r\u0131r\u2019<\/h2>\n<p>Ataseven, RES yat\u0131r\u0131mlar\u0131n\u0131n istihdama yapaca\u011f\u0131 katk\u0131 hakk\u0131nda da a\u00e7\u0131klamalarda bulundu. Her RES\u2019te 20-25 ki\u015fi \u00e7al\u0131\u015ft\u0131\u011f\u0131n\u0131 ifade eden Ataseven, \u201cBunu bir kenara b\u0131rakal\u0131m. As\u0131l istihdam\u0131 sa\u011flayacak k\u0131s\u0131m, in\u015faat s\u00fcreci. Daha da ilerisi, sanayide istihdama katk\u0131s\u0131 var. \u00d6zellikle kanat ve kuleler, emek yo\u011fun bir i\u015f. Bir kule fabrikas\u0131nda ortalama olarak 150 ki\u015fi \u00e7al\u0131\u015f\u0131yor. Kanat fabrikas\u0131nda bu say\u0131 daha fazla. \u0130stihdama as\u0131l katk\u0131 sa\u011flayacak \u015feyler, bu alanlar. Montajlanmay\u0131 da T\u00fcrkiye\u2019de yapabilirsek, istihdam\u0131m\u0131z daha da artacakt\u0131r. Biz, bunun sanayisini de yerli yapmak zorunday\u0131z\u201d de\u011ferlendirmesini yapt\u0131.<\/p>\n<h2>\u2018RES\u2019ler \u00e7evreye daha az zararl\u0131\u2019<\/h2>\n<p>Ataseven, \u00e7evrecilerin \u2018RES\u2019ler g\u00f6r\u00fcnt\u00fc kirlili\u011fi olu\u015fturuyor\u2019 ele\u015ftirilerine de cevap verdi. RES\u2019lerin, di\u011fer elektrik \u00fcr\u00fcten santrallere oranla daha az \u00e7evre kirlili\u011fine sebep oldu\u011funu vurgulayan Ataseven, \u015f\u00f6yle devam etti: \u201cBiz, \u00e7ocuklarm\u0131za karbon emisyonu az bir d\u00fcnya b\u0131rakmak istiyorsak, r\u00fczgar yat\u0131r\u0131mlar\u0131n\u0131 bir an \u00f6nce hayata ge\u00e7irmeliyiz. R\u00fczgar enerjisi hem maliyeti hem de \u00e7evreye verdi\u011fi katk\u0131dan dolay\u0131, \u00fclkemiz ekonomisine katk\u0131 sa\u011flayan \u00f6nemli sekt\u00f6rlerden biri.\u201d<\/p>\n<p>Kaynak: <a href=\"http:\/\/enerjienstitusu.com\/2013\/09\/17\/ruzgarin-fazla-esmesi-elektrik-fiyatlarini-asagi-cekti\/\" target=\"_blank\">Enerji Enstit\u00fcs\u00fc<\/a><\/p>","protected":false},"excerpt":{"rendered":"<p>Sorry, this entry is only available in Turkish. For the sake of viewer convenience, the content is shown below in the alternative language. You may click the link to switch the active language.T\u00fcrkiye R\u00fczgar Enerjisi Santral Birli\u011fi (T\u00dcREB) Ba\u015fkan\u0131 Mustafa Serdar Ataseven, r\u00fczgar\u0131n bu y\u0131l fazla esmesinin elektrik fiyatlar\u0131n\u0131 a\u015fa\u011f\u0131 \u00e7ekti\u011fini s\u00f6yledi. Ataseven, \u201cSantral yat\u0131r\u0131mlar\u0131n\u0131 [&hellip;]<\/p>\n","protected":false},"author":1,"featured_media":10590,"comment_status":"open","ping_status":"open","sticky":false,"template":"","format":"standard","meta":[],"categories":[51,53,50],"tags":[68,343,63,67,1009,165,474,69,16,312,1682,8669,8670],"views":755,"_links":{"self":[{"href":"https:\/\/www.enerjigazetesi.ist\/en\/wp-json\/wp\/v2\/posts\/15410"}],"collection":[{"href":"https:\/\/www.enerjigazetesi.ist\/en\/wp-json\/wp\/v2\/posts"}],"about":[{"href":"https:\/\/www.enerjigazetesi.ist\/en\/wp-json\/wp\/v2\/types\/post"}],"author":[{"embeddable":true,"href":"https:\/\/www.enerjigazetesi.ist\/en\/wp-json\/wp\/v2\/users\/1"}],"replies":[{"embeddable":true,"href":"https:\/\/www.enerjigazetesi.ist\/en\/wp-json\/wp\/v2\/comments?post=15410"}],"version-history":[{"count":1,"href":"https:\/\/www.enerjigazetesi.ist\/en\/wp-json\/wp\/v2\/posts\/15410\/revisions"}],"predecessor-version":[{"id":15411,"href":"https:\/\/www.enerjigazetesi.ist\/en\/wp-json\/wp\/v2\/posts\/15410\/revisions\/15411"}],"wp:featuredmedia":[{"embeddable":true,"href":"https:\/\/www.enerjigazetesi.ist\/en\/wp-json\/wp\/v2\/media\/10590"}],"wp:attachment":[{"href":"https:\/\/www.enerjigazetesi.ist\/en\/wp-json\/wp\/v2\/media?parent=15410"}],"wp:term":[{"taxonomy":"category","embeddable":true,"href":"https:\/\/www.enerjigazetesi.ist\/en\/wp-json\/wp\/v2\/categories?post=15410"},{"taxonomy":"post_tag","embeddable":true,"href":"https:\/\/www.enerjigazetesi.ist\/en\/wp-json\/wp\/v2\/tags?post=15410"}],"curies":[{"name":"wp","href":"https:\/\/api.w.org\/{rel}","templated":true}]}}