{"id":154083,"date":"2022-04-12T12:33:17","date_gmt":"2022-04-12T09:33:17","guid":{"rendered":"https:\/\/www.enerjigazetesi.ist\/?p=154083"},"modified":"2022-04-12T12:41:00","modified_gmt":"2022-04-12T09:41:00","slug":"guc-elektronigi-nde-semikron-ve-danfoss-silicon-power-dan-ortak-girisim","status":"publish","type":"post","link":"https:\/\/www.enerjigazetesi.ist\/en\/guc-elektronigi-nde-semikron-ve-danfoss-silicon-power-dan-ortak-girisim\/","title":{"rendered":"(Turkish) SEMIKRON ve Danfoss Silicon Power&#8217;dan G\u00fc\u00e7 Elektroni\u011fi Ortak Giri\u015fimi"},"content":{"rendered":"<p class=\"qtranxs-available-languages-message qtranxs-available-languages-message-en\">Sorry, this entry is only available in <a href=\"https:\/\/www.enerjigazetesi.ist\/tr\/wp-json\/wp\/v2\/posts\/154083\" class=\"qtranxs-available-language-link qtranxs-available-language-link-tr\" title=\"Turkish\">Turkish<\/a>. For the sake of viewer convenience, the content is shown below in the alternative language. You may click the link to switch the active language.<\/p><p><\/p>\n<h2>SEMIKRON ve Danfoss Silicon Power, g\u00fc\u00e7 yar\u0131 iletken mod\u00fcllerine odaklanan g\u00fc\u00e7 elektroni\u011fi alan\u0131nda uzmanla\u015fm\u0131\u015f bir ortak giri\u015fim kurmak amac\u0131yla harekete ge\u00e7ti. 3500&#8217;den fazla profesyoneli bir araya getiren yeni SEMIKRON-Danfoss, g\u00fc\u00e7 elektroni\u011finde lider ortak olarak d\u00fcnya standartlar\u0131nda teknoloji uzmanl\u0131\u011f\u0131 yaratacak.<\/h2>\n<p>Birle\u015fme, ye\u015fil b\u00fcy\u00fcmenin ve daha s\u00fcrd\u00fcr\u00fclebilir, enerji a\u00e7\u0131s\u0131ndan verimli ve karbondan ar\u0131nd\u0131r\u0131lm\u0131\u015f bir gelece\u011fin yolunu a\u00e7arak, bu y\u00f6nde yeni yat\u0131r\u0131mlara odaklanacak. SEMIKRON-Danfoss, ye\u015fil enerjiye ge\u00e7i\u015fin merkezi sa\u011flay\u0131c\u0131s\u0131 olacak.<\/p>\n<h3><strong>\u2018Be\u015f y\u0131lda i\u015fimizi 2&#8217;ye katlayacak potansiyele sahibiz\u2019<\/strong><\/h3>\n<h3><strong><img loading=\"lazy\" class=\"alignright wp-image-154085\" src=\"https:\/\/www.enerjigazetesi.ist\/wp-content\/uploads\/2022\/04\/guc-elektronigi-nde-semikron-ve-danfoss-silicon-power-dan-ortak-girisim.jpg\" alt=\"\" width=\"320\" height=\"214\" srcset=\"https:\/\/www.enerjigazetesi.ist\/wp-content\/uploads\/2022\/04\/guc-elektronigi-nde-semikron-ve-danfoss-silicon-power-dan-ortak-girisim.jpg 550w, https:\/\/www.enerjigazetesi.ist\/wp-content\/uploads\/2022\/04\/guc-elektronigi-nde-semikron-ve-danfoss-silicon-power-dan-ortak-girisim-300x200.jpg 300w, https:\/\/www.enerjigazetesi.ist\/wp-content\/uploads\/2022\/04\/guc-elektronigi-nde-semikron-ve-danfoss-silicon-power-dan-ortak-girisim-500x334.jpg 500w, https:\/\/www.enerjigazetesi.ist\/wp-content\/uploads\/2022\/04\/guc-elektronigi-nde-semikron-ve-danfoss-silicon-power-dan-ortak-girisim-75x50.jpg 75w, https:\/\/www.enerjigazetesi.ist\/wp-content\/uploads\/2022\/04\/guc-elektronigi-nde-semikron-ve-danfoss-silicon-power-dan-ortak-girisim-450x300.jpg 450w\" sizes=\"(max-width: 320px) 100vw, 320px\" \/><\/strong><\/h3>\n<p>Yeni ortakl\u0131kla ilgili de\u011ferlendirmede bulunan <strong>Danfoss Ba\u015fkan\u0131 ve CEO&#8217;su Kim Fausing,\u00a0<\/strong><em>\u201cYeni SEMIKRON-Danfoss, g\u00fc\u00e7l\u00fc uzun vadeli bir <strong>ortakl\u0131k<\/strong> ve <strong>g\u00fc\u00e7 mod\u00fcl\u00fc paketleme, inovasyon<\/strong> ve <strong>m\u00fc\u015fteri uygulama uzmanl\u0131\u011f\u0131nda<\/strong> 90 y\u0131l\u0131 a\u015fk\u0131n <strong>birle\u015fik teknoloji liderli\u011fi<\/strong> temelinde y\u00fckseliyor. <strong>Ye\u015fil ge\u00e7i\u015fi<\/strong> sa\u011flayan <strong>elektrifikasyon<\/strong> ile<strong> SEMIKRON-Danfoss<\/strong>, m\u00fc\u015fteriler i\u00e7in tercih edilen <strong>karbonsuzla\u015ft\u0131rma orta\u011f\u0131<\/strong> olmay\u0131 hedefliyor. <strong>5 y\u0131lda<\/strong> i\u015fimizi <strong>2&#8217;ye katlayacak<\/strong> tutkuya, yetkinliklere ve teknolojilere sahibiz\u201d<\/em> dedi.<\/p>\n<h3><strong>\u2018Birbirini tamamlayan g\u00fc\u00e7l\u00fc bir ekip olduk\u2019<\/strong><\/h3>\n<p><strong>SEMIKRON CEO&#8217;su Karl-Heinz Gaubatz\u00a0<\/strong>da \u015f\u00f6yle konu\u015ftu: \u201c<em>Bu ger\u00e7ekten heyecan verici bir an. Son aylardaki yak\u0131n ve g\u00fcvenilir g\u00f6r\u00fc\u015fmelere dayanarak, SEMIKRON ve Danfoss&#8217;un birbirini tamamlayan varl\u0131klar, g\u00fc\u00e7l\u00fc bir ekip ve payla\u015f\u0131lan de\u011ferlerle benzersiz bir uyum i\u00e7inde oldu\u011funu belirledik. SEMIKRON&#8217;un <strong>birinci s\u0131n\u0131f g\u00fc\u00e7 mod\u00fclleri<\/strong> ve<strong> sistemlerinin<\/strong> geli\u015ftirilmesinde 70 y\u0131ldan fazla deneyimi ile<strong> yar\u0131 iletken teknolojisinin<\/strong> \u00f6nc\u00fcs\u00fc olarak uzmanl\u0131\u011f\u0131n\u0131, Danfoss Silicon Power ve Danfoss Group&#8217;un g\u00fcc\u00fc, yenilik\u00e7ili\u011fi ve h\u0131zl\u0131 operasyonlar\u0131 ile birle\u015ftirerek g\u00fc\u00e7 elektroni\u011finde en g\u00fc\u00e7l\u00fc oyunculardan biri olmak i\u00e7in ideal bir \u015fekilde konumland\u0131k.\u201d\u00a0<\/em><\/p>\n<h3><strong>Elektrikli ara\u00e7larla talep her y\u0131l % 30 artacak<\/strong><\/h3>\n<p><strong>Elektrik g\u00fcc\u00fc<\/strong> gelecekteki <strong>en \u00f6nemli enerji kayna\u011f\u0131<\/strong> olacak. <em>G\u00fc\u00e7 yar\u0131 iletken mod\u00fcl\u00fc, t\u00fcm g\u00fc\u00e7 elektroni\u011fi \u00e7\u00f6z\u00fcmlerinin merkezinde<\/em> yer al\u0131yor. Mod\u00fcl, <strong>elektrik g\u00fcc\u00fcn\u00fc d\u00f6n\u00fc\u015ft\u00fcrmeyi<\/strong> ve <strong>kontrol etmeyi<\/strong> m\u00fcmk\u00fcn k\u0131lan<strong> g\u00fc\u00e7 yar\u0131 iletkenlerinden<\/strong> sa\u011flan\u0131yor. <strong>E-mobilitenin<\/strong> artmas\u0131yla birlikte elektrikli ara\u00e7lara olan talebin \u00f6n\u00fcm\u00fczdeki y\u0131llarda her y\u0131l <strong>%30<\/strong> artmas\u0131 bekleniyor (<a href=\"https:\/\/bnef.turtl.co\/!HuHit0\/\">BloombergNEF, EVO 2021<\/a>). Bu, <strong>elektrik motoruna<\/strong> ve<strong> ara\u00e7 \u015farj cihazlar\u0131na<\/strong> g\u00fc\u00e7 sa\u011flamak i\u00e7in \u00f6nemli bir bile\u015fen olduklar\u0131ndan, g\u00fc\u00e7 mod\u00fcllerinin muazzam b\u00fcy\u00fcme potansiyeline i\u015faret ediyor.<\/p>\n<h3><strong>T\u00fcm g\u00fcne\u015f ve r\u00fczgar enerjisi \u015febekelerinde gerekli<\/strong><\/h3>\n<p><strong>End\u00fcstriyel motorlar<\/strong> d\u00fcnyadaki elektrik enerjisinin <strong>%50<\/strong>&#8216;sini t\u00fcketiyor ve bu motorlar\u0131n sadece <strong>%20&#8217;si<\/strong> de\u011fi\u015fken devirli motor kontrolleri ile donat\u0131lm\u0131\u015f olup,<strong> enerji verimlili\u011fini art\u0131rmak<\/strong> ve <strong>CO<sub>2<\/sub> emisyonlar\u0131n\u0131 azaltmak<\/strong> i\u00e7in yararlan\u0131lmayan b\u00fcy\u00fck bir potansiyel i\u00e7eriyor. <strong>G\u00fc\u00e7 mod\u00fcl\u00fc<\/strong>, <strong>elektrik motorlar\u0131<\/strong> i\u00e7in herhangi bir <strong>de\u011fi\u015fken h\u0131z kontrol\u00fcnde<\/strong> anahtar bile\u015fen olarak yer al\u0131yor. Enerji verimlili\u011fini ve yenilenebilir kaynaklar\u0131n iddial\u0131 kullan\u0131m\u0131n\u0131 geli\u015ftirme yoluyla fosil yak\u0131tlar\u0131n yerini almay\u0131 hedefleyerek devam eden <strong>k\u00fcresel ge\u00e7i\u015f s\u00fcreci, g\u00fc\u00e7 mod\u00fcllerine olan talebi de<\/strong> art\u0131r\u0131yor. G\u00fc\u00e7 mod\u00fcl\u00fc, t\u00fcm <strong>g\u00fcne\u015f enerjisi kurulumlar\u0131nda<\/strong> ve t\u00fcm <strong>r\u00fczgar t\u00fcrbinlerinde<\/strong>, <strong>g\u00fcc\u00fcn \u015febekelere d\u00f6n\u00fc\u015ft\u00fcr\u00fclmesini<\/strong> ve <strong>enerji depolamas\u0131n\u0131 sa\u011flamak<\/strong> i\u00e7in kritik \u00f6neme sahiptir.<\/p>\n<h3><strong>Otomotiv g\u00fc\u00e7 mod\u00fcllerinde liderli\u011fi hedefliyor<\/strong><\/h3>\n<p><strong>SEMIKRON-Danfoss<\/strong>, end\u00fcstriyel ve <strong>yenilenebilir g\u00fc\u00e7 mod\u00fcl\u00fc uygulamalar\u0131nda<\/strong> g\u00fc\u00e7l\u00fc ana faaliyet alan\u0131n\u0131 geli\u015ftirecek ve <strong>otomotiv g\u00fc\u00e7 mod\u00fcllerinde<\/strong> lider bir konumu hedeflemek i\u00e7in bu ortakl\u0131\u011f\u0131 kullanacak. SEMIKRON-Danfoss, trendi belirleyecek ve hem <strong>end\u00fcstriyel<\/strong> hem de <strong>otomotiv<\/strong> uygulamalar\u0131nda teknoloji de\u011fi\u015fimini <strong>Silisyum Karb\u00fcr \u00e7\u00f6z\u00fcmlerine<\/strong> y\u00f6nlendirecek. Yeni kurulan <strong>SEMIKRON-Danfoss<\/strong> ortak giri\u015fimi, SEMIKRON&#8217;un mevcut sahibi-aileleri ve Danfoss Grubu&#8217;na ait olacak ve \u00e7o\u011funluk hissedar\u0131 Danfoss olacak.<\/p>","protected":false},"excerpt":{"rendered":"<p>Sorry, this entry is only available in Turkish. For the sake of viewer convenience, the content is shown below in the alternative language. You may click the link to switch the active language. SEMIKRON ve Danfoss Silicon Power, g\u00fc\u00e7 yar\u0131 iletken mod\u00fcllerine odaklanan g\u00fc\u00e7 elektroni\u011fi alan\u0131nda uzmanla\u015fm\u0131\u015f bir ortak giri\u015fim kurmak amac\u0131yla harekete ge\u00e7ti. 3500&#8217;den [&hellip;]<\/p>\n","protected":false},"author":1,"featured_media":154089,"comment_status":"open","ping_status":"open","sticky":false,"template":"","format":"standard","meta":[],"categories":[51,53],"tags":[102602,71877,102604,102603,102606,102601,102607,102605],"views":72,"_links":{"self":[{"href":"https:\/\/www.enerjigazetesi.ist\/en\/wp-json\/wp\/v2\/posts\/154083"}],"collection":[{"href":"https:\/\/www.enerjigazetesi.ist\/en\/wp-json\/wp\/v2\/posts"}],"about":[{"href":"https:\/\/www.enerjigazetesi.ist\/en\/wp-json\/wp\/v2\/types\/post"}],"author":[{"embeddable":true,"href":"https:\/\/www.enerjigazetesi.ist\/en\/wp-json\/wp\/v2\/users\/1"}],"replies":[{"embeddable":true,"href":"https:\/\/www.enerjigazetesi.ist\/en\/wp-json\/wp\/v2\/comments?post=154083"}],"version-history":[{"count":0,"href":"https:\/\/www.enerjigazetesi.ist\/en\/wp-json\/wp\/v2\/posts\/154083\/revisions"}],"wp:featuredmedia":[{"embeddable":true,"href":"https:\/\/www.enerjigazetesi.ist\/en\/wp-json\/wp\/v2\/media\/154089"}],"wp:attachment":[{"href":"https:\/\/www.enerjigazetesi.ist\/en\/wp-json\/wp\/v2\/media?parent=154083"}],"wp:term":[{"taxonomy":"category","embeddable":true,"href":"https:\/\/www.enerjigazetesi.ist\/en\/wp-json\/wp\/v2\/categories?post=154083"},{"taxonomy":"post_tag","embeddable":true,"href":"https:\/\/www.enerjigazetesi.ist\/en\/wp-json\/wp\/v2\/tags?post=154083"}],"curies":[{"name":"wp","href":"https:\/\/api.w.org\/{rel}","templated":true}]}}