{"id":153993,"date":"2022-04-11T11:34:14","date_gmt":"2022-04-11T08:34:14","guid":{"rendered":"https:\/\/www.enerjigazetesi.ist\/?p=153993"},"modified":"2022-04-11T11:34:14","modified_gmt":"2022-04-11T08:34:14","slug":"turkiye-de-turist-cekmeyi-12-aya-yayarak-milyarca-dolar-gelir-saglayabiliriz","status":"publish","type":"post","link":"https:\/\/www.enerjigazetesi.ist\/en\/turkiye-de-turist-cekmeyi-12-aya-yayarak-milyarca-dolar-gelir-saglayabiliriz\/","title":{"rendered":"(Turkish) T\u00fcrkiye&#8217;ye Turist \u00c7ekmeyi 12 Aya Yayarak Milyarca Dolar Gelir Sa\u011flayabiliriz"},"content":{"rendered":"<p class=\"qtranxs-available-languages-message qtranxs-available-languages-message-en\">Sorry, this entry is only available in <a href=\"https:\/\/www.enerjigazetesi.ist\/tr\/wp-json\/wp\/v2\/posts\/153993\" class=\"qtranxs-available-language-link qtranxs-available-language-link-tr\" title=\"Turkish\">Turkish<\/a>. For the sake of viewer convenience, the content is shown below in the alternative language. You may click the link to switch the active language.<\/p><p><\/p>\n<h2>T\u00fcrkiye do\u011fusundan bat\u0131s\u0131na her b\u00f6lgesinde d\u00f6rt mevsim sundu\u011fu g\u00fczelliklerle dikkat \u00e7ekiyor. Buna ra\u011fmen yaz turizmine odaklan\u0131ld\u0131\u011f\u0131 i\u00e7in T\u00fcrkiye\u2019nin potansiyelinin kullan\u0131lamad\u0131\u011f\u0131n\u0131 belirten Ulusal \u0130ktisadi D\u00fc\u015f\u00fcnce Kurulu\u015fu Ba\u015fkan\u0131 (UL\u0130KAD) \u00d6mer Niziplio\u011flu do\u011fru yat\u0131r\u0131mlarla 12 ay boyunca turist \u00e7ekip milyarca dolar gelir elde edilebilece\u011fini s\u00f6yledi.<\/h2>\n<h3>\u2018Yanl\u0131\u015f alg\u0131y\u0131 de\u011fi\u015ftirelim\u2019<\/h3>\n<p>T\u00fcrkiye\u2019de turizm denince genelde <strong>deniz, g\u00fcne\u015f, kum <\/strong>ve<strong> yaz\u0131n geldi\u011fini<\/strong> belirten Niziplio\u011flu,<em> \u201cYaz bitince <strong>turizm mevsimi bitti<\/strong> denir. Bu yanl\u0131\u015f alg\u0131y\u0131 de\u011fi\u015ftirmeliyiz. Ba\u015fta<strong> k\u0131\u015f kayak, inan\u00e7, k\u00fclt\u00fcr, tarih, yayla turizmi<\/strong>ni planlay\u0131p yat\u0131r\u0131mc\u0131lara sunmal\u0131y\u0131z. B\u00f6ylelikle hem yurdumuzun <img loading=\"lazy\" class=\"alignright wp-image-153996\" src=\"https:\/\/www.enerjigazetesi.ist\/wp-content\/uploads\/2022\/04\/Pieria_Sahili_hatay_samanda__.jpg\" alt=\"\" width=\"320\" height=\"214\" srcset=\"https:\/\/www.enerjigazetesi.ist\/wp-content\/uploads\/2022\/04\/Pieria_Sahili_hatay_samanda__.jpg 500w, https:\/\/www.enerjigazetesi.ist\/wp-content\/uploads\/2022\/04\/Pieria_Sahili_hatay_samanda__-300x200.jpg 300w, https:\/\/www.enerjigazetesi.ist\/wp-content\/uploads\/2022\/04\/Pieria_Sahili_hatay_samanda__-75x50.jpg 75w, https:\/\/www.enerjigazetesi.ist\/wp-content\/uploads\/2022\/04\/Pieria_Sahili_hatay_samanda__-450x300.jpg 450w\" sizes=\"(max-width: 320px) 100vw, 320px\" \/>bir\u00e7ok ilini kalk\u0131nd\u0131rm\u0131\u015f hem de turizmi <strong>12 aya<\/strong> yaym\u0131\u015f oluruz\u201d <\/em>ifadelerini kulland\u0131.<\/p>\n<h3>\u2018Da\u011f zengini \u00fclkeyiz\u2019<\/h3>\n<p>T\u00fcrkiye\u2019de <strong>274<\/strong> tane <strong>3 bin metrenin<\/strong> \u00fcst\u00fcnde <strong>da\u011f oldu\u011funu<\/strong> kaydeden Niziplio\u011flu, <em>\u201cBunlar\u0131n birka\u00e7\u0131nda<strong> k\u0131\u015f<\/strong> ve<strong> kayak turizmi<\/strong> olarak de\u011ferlendiriliyor ve genelde yurt i\u00e7ine hitap ediyor. Da\u011flar\u0131m\u0131z\u0131 <strong>uluslararas\u0131 standartta kar turizmine<\/strong> g\u00f6re planlar\u0131nsa <strong>Erzurum Paland\u00f6ken, Kayseri Erciyes, Kocaeli Kartepe, Bolu Kartalkaya Erzincan Ergen, Kastamonu Ilgaz Da\u011f\u0131<\/strong> kayak merkezlerine d\u00f6n\u00fc\u015ft\u00fcrebiliriz. D\u00fcnya kayak turizminin <strong>y\u00fczde 75\u2019<\/strong>ini Avrupa al\u0131yor. Bunun nedeni <strong>Alp Da\u011f\u0131<\/strong>\u2019n\u0131<strong> \u0130talya \u0130svi\u00e7re<\/strong> ve <strong>Avusturya<\/strong> ortak kullanarak kazan\u00e7 sa\u011fl\u0131yorlar. <strong>Hollanda\u2019n\u0131n<\/strong> y\u00fcksek da\u011f\u0131 olmad\u0131\u011f\u0131 i\u00e7in at\u0131k malzemeden tepecik yaparak kayak\u00e7\u0131lara sunarken <strong>Dubai<\/strong> al\u0131\u015fveri\u015f merkezinin i\u00e7ine <strong>kayak pisti yaparak<\/strong> misafir \u00e7ekmeye \u00e7al\u0131\u015f\u0131yor. Yurdumuz da\u011f zengini bir \u00fclkedir. Kilometrelerce uzunlukta pistleri dik e\u011fimli da\u011flar\u0131 vard\u0131r. Bunlar\u0131 ekonomimize kazand\u0131rmal\u0131 en az <strong>5-6 ilin i\u015fsizlik meselesi<\/strong>nin \u00e7\u00f6zmeliyiz\u201d<\/em> diye konu\u015ftu.<\/p>\n<h3>\u2018K\u00fclt\u00fcre odaklanal\u0131m\u2019<\/h3>\n<div id=\"attachment_153998\" style=\"width: 330px\" class=\"wp-caption alignleft\"><img aria-describedby=\"caption-attachment-153998\" loading=\"lazy\" class=\"wp-image-153998\" src=\"https:\/\/www.enerjigazetesi.ist\/wp-content\/uploads\/2022\/04\/ulikad-Baskani-omer-niziplioglu.jpg\" alt=\"\" width=\"320\" height=\"198\" srcset=\"https:\/\/www.enerjigazetesi.ist\/wp-content\/uploads\/2022\/04\/ulikad-Baskani-omer-niziplioglu.jpg 566w, https:\/\/www.enerjigazetesi.ist\/wp-content\/uploads\/2022\/04\/ulikad-Baskani-omer-niziplioglu-300x186.jpg 300w, https:\/\/www.enerjigazetesi.ist\/wp-content\/uploads\/2022\/04\/ulikad-Baskani-omer-niziplioglu-500x309.jpg 500w, https:\/\/www.enerjigazetesi.ist\/wp-content\/uploads\/2022\/04\/ulikad-Baskani-omer-niziplioglu-80x50.jpg 80w\" sizes=\"(max-width: 320px) 100vw, 320px\" \/><p id=\"caption-attachment-153998\" class=\"wp-caption-text\">Ulusal \u0130ktisadi D\u00fc\u015f\u00fcnce Kurulu\u015fu Ba\u015fkan\u0131 (UL\u0130KAD) &#8211; \u00d6mer Niziplio\u011flu<\/p><\/div>\n<p><strong>\u0130nan\u00e7, k\u00fclt\u00fcr, tarih turizmi<\/strong>nin de \u00f6nemsenmesi gerekti\u011fini aktaran Niziplio\u011flu,<em> \u201c\u00c7\u00fcnk\u00fc deniz yaz aylar\u0131nda kayak k\u0131\u015f aylar\u0131nda yap\u0131l\u0131r. Geri kalan ve ayn\u0131 zamanda bu mevsimlerde de turizm i\u00e7in yeni destinasyonlar yap\u0131lmal\u0131. \u00dclkemizde <strong>77<\/strong> tane <strong>antik kent<\/strong> var. Yeni bulunanlarla bu <strong>100\u2019e<\/strong> \u00e7\u0131k\u0131yor. <strong>81 ilimiz<\/strong> oldu\u011fu d\u00fc\u015f\u00fcn\u00fcld\u00fc\u011f\u00fcnde \u015fehirlerimizden \u00e7ok <strong>antik kente<\/strong> sahibiz. Yurdumuzun<strong> y\u00fczde 8<\/strong>\u2019i sit alan\u0131 bu \u00f6zelli\u011fi ile bile <strong>a\u00e7\u0131k hava m\u00fcze<\/strong> konumundad\u0131r. Bir\u00e7ok tarihi eserimizin y\u0131pran\u0131p yok oldu\u011funu biliyoruz. <strong>Yap iyile\u015ftir devret<\/strong> modeliyle t\u00fcm bu eserleri<strong> iyile\u015ftirmeli, tarih inan\u00e7<\/strong> ve <strong>k\u00fclt\u00fcre<\/strong> merakl\u0131 misafirlere sunmal\u0131y\u0131z. B\u00f6ylelikle<strong> Anadolu\u2019daki<\/strong> bir\u00e7ok ili <strong>turizmle<\/strong> tan\u0131\u015ft\u0131rm\u0131\u015f oluruz\u201d<\/em> ifadelerini kulland\u0131.<\/p>\n<h3>\u2018Uzak Do\u011fuya odaklanal\u0131m\u2019<\/h3>\n<p>Turizm verileri incelendi\u011finde \u00f6zellikle <strong>Uzak Do\u011fulu misafirlerin<\/strong> yaz turizmini sevmedi\u011fini dile getiren \u00a0Niziplio\u011flu, <em>\u201cOnlar daha \u00e7ok k\u00fclt\u00fcr ve tarihe merakl\u0131d\u0131rlar. <strong>\u00c7inli, Hintli, Japon turistler<\/strong>i denizde g\u00fcne\u015flenirken g\u00f6rmek \u00e7ok pek m\u00fcmk\u00fcn de\u011fildir. Bu sayd\u0131\u011f\u0131m\u0131z \u00fclkelerin bile n\u00fcfus <strong>3-4 milyar\u0131<\/strong> a\u015far. Nerdeyse d\u00fcnya n\u00fcfusunun yar\u0131s\u0131 sadece \u00fclkemizde e\u015fi benzeri olmayan de\u011ferlerle ilgilenir <strong>insanl\u0131k tarihi, inan\u00e7 g\u00fczergah\u0131<\/strong> ve <strong>medeniyetler be\u015fi\u011fidir<\/strong> bu topraklar\u201d<\/em> dedi.<\/p>\n<p><strong>Orta Do\u011fulu turistlerin<\/strong> de yaz turizmi yerine<strong> do\u011fa<\/strong> ve<strong> yaylayla<\/strong> ilgilendi\u011fine dikkat \u00e7eken Niziplio\u011flu, <em>\u201cKaradeniz boylu boyuna do\u011fal yayla \u00f6zelli\u011fi ta\u015f\u0131mas\u0131na ra\u011fmen hi\u00e7bir yeri uluslararas\u0131 turizmine a\u00e7\u0131lmam\u0131\u015ft\u0131r. En az\u0131ndan <strong>1-2 tanesi<\/strong> planlay\u0131p yat\u0131r\u0131mc\u0131lara sunmal\u0131y\u0131z. B\u00f6ylece hem yurt i\u00e7i hem yurt d\u0131\u015f\u0131 misafirlerimiz \u00e7ok memnun olacakt\u0131r. Bu haliyle <strong>4 bin kilometrelik<\/strong> at\u0131l\u0131 bir alan olarak b\u0131rakmak \u00e7ok yanl\u0131\u015f olacakt\u0131r\u201d<\/em> diye konu\u015ftu.<\/p>\n<h3>Gastronomi merkezi \u015fehirler<\/h3>\n<p><strong>Niziplio\u011flu, Mardin Gaziantep, \u015eanl\u0131urfa<\/strong>\u2019n\u0131n <strong>k\u00fclt\u00fcr<\/strong> ve <strong>gastronomi merkezi<\/strong> oldu\u011funu da s\u00f6zlerine ekleyerek <em>\u201cAyn\u0131 \u015fekilde inan\u00e7 da ba\u015fl\u0131 ba\u015f\u0131na turizm koludur. Roma Vatikan veya Kabe\u2019nin o <strong>\u00fclkeye ekonomik olarak<\/strong> katk\u0131s\u0131 ne denli b\u00fcy\u00fck oldu\u011fu ortadad\u0131r. D\u00fcnyan\u0131n ilk kilisesi <strong>Antakya<\/strong>\u2019dad\u0131r \u0130ncil\u2019de ad\u0131 ge\u00e7en <strong>7 kilise<\/strong> bat\u0131 <strong>Anadolu\u2019dad\u0131r<\/strong>. ilk <strong>Hristiyanlar\u0131n<\/strong> yurdu <strong>Kapadokya\u2019<\/strong>d\u0131r <strong>Noel Baba Demrelidir<\/strong> ve kilisesi de <strong>Demre<\/strong>\u2019dedir.<strong> Aziz Paul Tarsuslu&#8217;<\/strong>dur. <strong>Meryem Ana<\/strong>\u2019n\u0131n evi <strong>Efes<\/strong>\u2019tedir. Ortodokslar\u0131n ruhani lideri <strong>Fener Rum Patri\u011fi \u0130stanbul Balat<\/strong>\u2019tad\u0131r. Bunlar\u0131 daha \u00e7ok de\u011ferlendirmeli <strong>12 ay turizmini<\/strong> yakalamal\u0131y\u0131z\u201d<\/em> dedi.<\/p>\n<h3>Spor ve fuar turizmi<\/h3>\n<p>D\u00fcnyada<strong> spor<\/strong> ve <strong>festivaller de<\/strong> \u00f6nemli misafir \u00e7eken<strong> turizm kolu<\/strong> oldu\u011funu aktaran Niziplio\u011flu \u015funlar\u0131 s\u00f6yledi: <em>\u201c<strong>Bisiklet, y\u00fcr\u00fcy\u00fc\u015f, ko\u015fu, da\u011fc\u0131l\u0131k, s\u00f6rf, yelken, kayak, dal\u0131\u015f, yama\u00e7 para\u015f\u00fct\u00fc<\/strong> ad\u0131na m\u00fcsabakalar d\u00fczenlenmeli. Bu sporlar\u0131n yap\u0131laca\u011f\u0131 yerler<strong> uluslararas\u0131 standarda<\/strong> getirilmelidir. \u00a0Ayr\u0131ca <strong>deniz turizmi<\/strong>ni de yeniden ele almak gerekir. Antalya\u2019da \u0130spanya\u2019n\u0131n <strong>2 kat\u0131<\/strong> kadar yatak kapasitesi varken <strong>Hatay, Mersin, Adana\u2019da<\/strong> deniz turizmi yok. <strong>Hatay Samanda\u011f\u0131<\/strong> d\u00fcnyan\u0131n en uzun \u00a0<strong>12. plaj\u0131<\/strong>d\u0131r. Ayn\u0131 \u015fekilde <strong>Yumurtal\u0131k, Karata\u015f, Anamur, Silifke, Erdemli<\/strong> gibi il\u00e7eleri<strong> deniz turizmi<\/strong> i\u00e7in planlamal\u0131y\u0131z. Sahillerde <strong>yazl\u0131k<\/strong> ve<strong> konut in\u015faatlar\u0131na<\/strong> izin vermemeliyiz. <strong>Do\u011fu Akdeniz<\/strong> gemi turuna <strong>Hatay\u2019\u0131<\/strong> da eklemeli<strong> 1-2 milyon misafirin \u00e7ekilmesi<\/strong> sa\u011flanmal\u0131d\u0131r. \u00a0D\u00fcnya da en \u00e7ok para harcayan <strong>turist i\u015f insan\u0131d\u0131r<\/strong> yeteri kadar hotel, havaliman\u0131 ve alt yap\u0131s\u0131 olan <strong>Antalya<\/strong> ve <strong>\u0130stanbul\u2019a<\/strong> konferans ve fuar alanlar\u0131 yap\u0131lmal\u0131 b\u00f6ylelikle <strong>her ay milyonlarca<\/strong> i\u015f insan\u0131 a\u011f\u0131rlaman\u0131n imk\u00e2n\u0131 yaratmal\u0131y\u0131z.\u201d<\/em><\/p>","protected":false},"excerpt":{"rendered":"<p>Sorry, this entry is only available in Turkish. For the sake of viewer convenience, the content is shown below in the alternative language. You may click the link to switch the active language. T\u00fcrkiye do\u011fusundan bat\u0131s\u0131na her b\u00f6lgesinde d\u00f6rt mevsim sundu\u011fu g\u00fczelliklerle dikkat \u00e7ekiyor. Buna ra\u011fmen yaz turizmine odaklan\u0131ld\u0131\u011f\u0131 i\u00e7in T\u00fcrkiye\u2019nin potansiyelinin kullan\u0131lamad\u0131\u011f\u0131n\u0131 belirten Ulusal [&hellip;]<\/p>\n","protected":false},"author":1,"featured_media":153997,"comment_status":"open","ping_status":"open","sticky":false,"template":"","format":"standard","meta":[],"categories":[53],"tags":[102532,102534,102542,102537,102543,102528,102539,102540,102535,102530,102536,102527,102531,44253,102541,102529,99022,102526,102525,102533,102538],"views":112,"_links":{"self":[{"href":"https:\/\/www.enerjigazetesi.ist\/en\/wp-json\/wp\/v2\/posts\/153993"}],"collection":[{"href":"https:\/\/www.enerjigazetesi.ist\/en\/wp-json\/wp\/v2\/posts"}],"about":[{"href":"https:\/\/www.enerjigazetesi.ist\/en\/wp-json\/wp\/v2\/types\/post"}],"author":[{"embeddable":true,"href":"https:\/\/www.enerjigazetesi.ist\/en\/wp-json\/wp\/v2\/users\/1"}],"replies":[{"embeddable":true,"href":"https:\/\/www.enerjigazetesi.ist\/en\/wp-json\/wp\/v2\/comments?post=153993"}],"version-history":[{"count":0,"href":"https:\/\/www.enerjigazetesi.ist\/en\/wp-json\/wp\/v2\/posts\/153993\/revisions"}],"wp:featuredmedia":[{"embeddable":true,"href":"https:\/\/www.enerjigazetesi.ist\/en\/wp-json\/wp\/v2\/media\/153997"}],"wp:attachment":[{"href":"https:\/\/www.enerjigazetesi.ist\/en\/wp-json\/wp\/v2\/media?parent=153993"}],"wp:term":[{"taxonomy":"category","embeddable":true,"href":"https:\/\/www.enerjigazetesi.ist\/en\/wp-json\/wp\/v2\/categories?post=153993"},{"taxonomy":"post_tag","embeddable":true,"href":"https:\/\/www.enerjigazetesi.ist\/en\/wp-json\/wp\/v2\/tags?post=153993"}],"curies":[{"name":"wp","href":"https:\/\/api.w.org\/{rel}","templated":true}]}}