{"id":153892,"date":"2022-04-09T12:22:42","date_gmt":"2022-04-09T09:22:42","guid":{"rendered":"https:\/\/www.enerjigazetesi.ist\/?p=153892"},"modified":"2022-04-09T12:48:50","modified_gmt":"2022-04-09T09:48:50","slug":"yapay-zeka-destegi-ile-turkiye-nin-isg-alaninda-sifir-kazaya-yolculuk-sureci","status":"publish","type":"post","link":"https:\/\/www.enerjigazetesi.ist\/en\/yapay-zeka-destegi-ile-turkiye-nin-isg-alaninda-sifir-kazaya-yolculuk-sureci\/","title":{"rendered":"(Turkish) Yapay Zeka Deste\u011fi ile T\u00fcrkiye&#8217;nin \u0130SG Alan\u0131nda S\u0131f\u0131r Kazaya Yolculuk S\u00fcreci"},"content":{"rendered":"<p class=\"qtranxs-available-languages-message qtranxs-available-languages-message-en\">Sorry, this entry is only available in <a href=\"https:\/\/www.enerjigazetesi.ist\/tr\/wp-json\/wp\/v2\/posts\/153892\" class=\"qtranxs-available-language-link qtranxs-available-language-link-tr\" title=\"Turkish\">Turkish<\/a>. For the sake of viewer convenience, the content is shown below in the alternative language. You may click the link to switch the active language.<\/p><p><\/p>\n<h2><strong>T\u00fcrkiye \u0130\u015fveren Sendikalar\u0131 Konfederasyonu (T\u0130SK) ve T\u0130SK Mikrocerrahi Vakf\u0131\u2019n\u0131n intenseye i\u015f birli\u011fi ile hayata ge\u00e7irdi\u011fi, \u2018\u0130SG Teknolojilerini Yayg\u0131nla\u015ft\u0131rma Projesi\u2019nin \u0130mza T\u00f6reni, GEBK\u0130M OSB\u2019nin ev sahipli\u011finde ger\u00e7ekle\u015ftirildi. <\/strong><\/h2>\n<p>\u0130\u015f kazalar\u0131n\u0131n teknoloji kullan\u0131m\u0131yla \u00f6n\u00fcne ge\u00e7ilmesi amac\u0131yla y\u00fcr\u00fct\u00fclen T\u00fcrkiye\u2019nin <strong>\u2018S\u0131f\u0131r Kazaya Yolculuk\u2019<\/strong> s\u00fcreci, GEBK\u0130M OSB ev sahipli\u011finde d\u00fczenlenen imza t\u00f6reniyle ba\u015flad\u0131. <strong>T\u00fcrkiye \u0130\u015fveren Sendikalar\u0131 Konfederasyonu (T\u0130SK)<\/strong> ve <strong>T\u0130SK Mikrocerrahi Vakf\u0131<\/strong>\u2019n\u0131n <strong>intenseye<\/strong> i\u015f birli\u011fi ile hayata ge\u00e7irilecek proje sayesinde <strong>maddi<\/strong> ve <strong>manevi<\/strong> olarak b\u00fcy\u00fck kay\u0131plara yol a\u00e7an <strong>kazalar\u0131n \u00f6n\u00fcne ge\u00e7ilecek<\/strong>. Proje kapsam\u0131nda i\u015f yerlerindeki g\u00fcvenlik kameralar\u0131na<strong> yapay zeka sistemi<\/strong> <img loading=\"lazy\" class=\"alignright wp-image-153894\" src=\"https:\/\/www.enerjigazetesi.ist\/wp-content\/uploads\/2022\/04\/yapay-zeka-destegi-ile-turkiye-nin-isg-alaninda-sifir-kazaya-yolculuk-sureci-2.jpg\" alt=\"\" width=\"320\" height=\"214\" srcset=\"https:\/\/www.enerjigazetesi.ist\/wp-content\/uploads\/2022\/04\/yapay-zeka-destegi-ile-turkiye-nin-isg-alaninda-sifir-kazaya-yolculuk-sureci-2.jpg 550w, https:\/\/www.enerjigazetesi.ist\/wp-content\/uploads\/2022\/04\/yapay-zeka-destegi-ile-turkiye-nin-isg-alaninda-sifir-kazaya-yolculuk-sureci-2-300x200.jpg 300w, https:\/\/www.enerjigazetesi.ist\/wp-content\/uploads\/2022\/04\/yapay-zeka-destegi-ile-turkiye-nin-isg-alaninda-sifir-kazaya-yolculuk-sureci-2-500x334.jpg 500w, https:\/\/www.enerjigazetesi.ist\/wp-content\/uploads\/2022\/04\/yapay-zeka-destegi-ile-turkiye-nin-isg-alaninda-sifir-kazaya-yolculuk-sureci-2-75x50.jpg 75w, https:\/\/www.enerjigazetesi.ist\/wp-content\/uploads\/2022\/04\/yapay-zeka-destegi-ile-turkiye-nin-isg-alaninda-sifir-kazaya-yolculuk-sureci-2-450x300.jpg 450w\" sizes=\"(max-width: 320px) 100vw, 320px\" \/>entegre edilerek \u00e7al\u0131\u015fanlar yak\u0131n takibe al\u0131nacak ve yapay zeka muhtemel bir kazay\u0131 \u00f6nceden tahmin ederek \u00e7al\u0131\u015fanlar\u0131 uyaracak. T\u00f6rene ev sahipli\u011fi yapan <strong>GEBK\u0130M OSB<\/strong>\u2019nin <em>Y\u00f6netim Kurulu Ba\u015fkan\u0131<\/em> <strong>Vefa \u0130brahim Arac\u0131<\/strong> da yapt\u0131\u011f\u0131 a\u00e7\u0131klamada \u00e7al\u0131\u015fanlar\u0131n\u0131n ve onlar\u0131n <strong>can g\u00fcvenliklerinin<\/strong> kendileri i\u00e7in b\u00fcy\u00fck \u00f6neme sahip oldu\u011funu belirterek, benzer \u015fekilde T\u00fcrkiye\u2019de ilk olma \u00f6zelli\u011fini ta\u015f\u0131yan<strong> \u2018Acil M\u00fcdahale Yaz\u0131l\u0131m\u0131\u2019 projesi<\/strong>nin de kendileri taraf\u0131ndan hayata ge\u00e7irilece\u011fini vurgulad\u0131.<\/p>\n<p>GEBK\u0130M OSB\u2019nin ev sahipli\u011finde ger\u00e7ekle\u015fen t\u00f6ren <em>Kocaeli Vali Yard\u0131mc\u0131s\u0131<\/em> <strong>\u0130smail G\u00fcltekin<\/strong>, <em>Dilovas\u0131 Kaymakam\u0131<\/em> <strong>Metin Kubilay<\/strong>, <em>\u0130\u015f Sa\u011fl\u0131\u011f\u0131 ve G\u00fcvenli\u011fi Genel M\u00fcd\u00fcr Vekili<\/em><strong> Do\u00e7. Dr. Muhittin Bilge<\/strong> ve <em>GEBK\u0130M OSB Y\u00f6netim Kurulu Ba\u015fkan\u0131<\/em><strong> Vefa \u0130brahim Arac\u0131<\/strong>\u2019n\u0131n kat\u0131l\u0131m\u0131 ile ger\u00e7ekle\u015fti. T\u00f6rende, projenin ana payda\u015flar\u0131ndan <em>T\u0130SK MCV Y\u00f6netim Kurulu Ba\u015fkan\u0131<\/em><strong> F. Fethi Hinginar<\/strong>, <em>T\u0130SK \u0130cra Kurulu \u00dcyesi<\/em> <strong>Levent Kocag\u00fcl<\/strong> ve <em>intenseye CEO<\/em>\u2019su Say\u0131n<strong> Sercan Esen<\/strong> a\u00e7\u0131l\u0131\u015f konu\u015fmalar\u0131n\u0131 yaparak protokol\u00fc imzalad\u0131.<\/p>\n<h3><strong>YAPAY ZEKA YAZILIMI R\u0130SKLER\u0130 \u00d6NCEDEN BEL\u0130RLEYECEK<\/strong><\/h3>\n<p>\u0130SG alan\u0131nda teknolojik bir \u00e7\u00f6z\u00fcm sunan proje ile yapay zeka destekli <strong>\u0130SG video analiz yaz\u0131l\u0131m platformu<\/strong> intenseye teknolojisi kullan\u0131larak i\u015fletmelerde ya\u015fanan<strong> i\u015f kazalar\u0131<\/strong> \u00f6nlenebilir hale gelecek. <strong>Ek donan\u0131m gereksinimi<\/strong> olmadan, <strong>yaz\u0131l\u0131m platformunun<\/strong> i\u015f yerlerindeki mevcut kameralarla entegrasyonu ile \u00fcretim sahas\u0131ndaki<strong> i\u015f kazas\u0131 riskleri<\/strong> \u00f6nceden belirlenebilecek. Proje ile i\u015fletmelere, salg\u0131n s\u00fcrecinde <strong>sosyal mesafe kurallar\u0131, koruyucu ekipman kontrol\u00fc, alan y\u00f6netimi, ara\u00e7<\/strong> ve <strong>ekipman takibi<\/strong> gibi konular ba\u015fta olmak \u00fczere i\u015f yerinin ihtiya\u00e7lar\u0131na<strong> \u00f6zel yakla\u015f\u0131mlar<\/strong> sunuluyor. Ayr\u0131ca, projede ki\u015fisel verilerin gizlili\u011fi ve \u00e7al\u0131\u015fanlar i\u00e7in <strong>bilgi g\u00fcvenli\u011fi<\/strong> de \u00f6n planda tutuluyor. <strong>T\u0130SK ekosisteminde<\/strong> yer alan farkl\u0131 sekt\u00f6rlerden 200 tesisin teknoloji entegrasyonu, proje kapsam\u0131nda <strong>T\u0130SK Mikrocerrahi<\/strong> ve <strong>Rekonstr\u00fcksiyon Vakf\u0131nca<\/strong> desteklenecek.<\/p>\n<h3><strong>\u201cYAKINDAN VE TAKD\u0130RLE TAK\u0130P ED\u0130YORUZ\u201d<\/strong><\/h3>\n<p>T\u00f6rende konu\u015fan <em>T\u0130SK MCV Y\u00f6netim Kurulu Ba\u015fkan\u0131<\/em> <strong>F. Fethi Hinginar<\/strong> <em>GEBK\u0130M OSB\u2019nin Y\u00f6netim Kurulu Ba\u015fkan\u0131<\/em> <strong>Vefa \u0130brahim Arac\u0131<\/strong>\u2019ya misafirperverlikleri i\u00e7in te\u015fekk\u00fcr ederek, <em>\u201cGEBK\u0130M\u2019in<strong> i\u015f sa\u011fl\u0131\u011f\u0131 ve g\u00fcvenli\u011fi<\/strong> konusunu \u00e7ok \u00f6nemsedi\u011fini biliyoruz. \u0130brahim Bey liderli\u011finde y\u00fcr\u00fct\u00fclen gayretli \u00e7al\u0131\u015fmalar\u0131 yak\u0131ndan ve takdirle takip ediyoruz. Ayr\u0131ca bizim de bir fabrikam\u0131z\u0131n burada olmas\u0131ndan dolay\u0131 da \u00e7ok mutluluk duyuyoruz.\u201d<\/em> ifadelerini kulland\u0131.<\/p>\n<h3><strong>\u201cHAYAT\u0130 \u00d6NEME SAH\u0130P\u201d<\/strong><\/h3>\n<p>Yap\u0131lan ara\u015ft\u0131rmalara g\u00f6re d\u00fcnyada her <strong>7<\/strong> saniyede <strong>1<\/strong> \u00e7al\u0131\u015fan\u0131n <strong>i\u015f kazas\u0131 ge\u00e7irdi\u011fini<\/strong> belirten T\u0130SK \u0130cra Kurulu \u00dcyesi <strong>Levent Kocag\u00fcl<\/strong> ise, <em>\u201cT\u0130SK\u2019\u0130N kuruldu\u011fu ilk g\u00fcnden bu yana <strong>\u0130SG<\/strong> konusunda \u00fczerimize d\u00fc\u015fen g\u00f6revi lay\u0131k\u0131yla yerine getirmek i\u00e7in \u00e7abal\u0131yoruz. Bu projemiz gibi daha nicelerini hayata ge\u00e7irmemiz hayati \u00f6neme sahip.\u201d<\/em> a\u00e7\u0131klamas\u0131nda bulundu.<\/p>\n<h3><strong>\u201cGEBK\u0130M\u2019\u0130N EV SAH\u0130PL\u0130\u011e\u0130 BEN\u0130M \u0130\u00c7\u0130N AYRI B\u0130R \u00d6NEME SAH\u0130P\u201d<\/strong><\/h3>\n<p>GEBK\u0130M\u2019in ev sahipli\u011finin kendisi ve T\u0130SK i\u00e7in ayr\u0131 bir \u00f6neme sahip oldu\u011funu da belirten Kocag\u00fcl, \u201cRahmetli T\u0130SK ve K\u0130PLAS Ba\u015fkan\u0131m\u0131z Say\u0131n Refik Baydur\u2019un GEBK\u0130M\u2019in kurulu\u015funda \u00e7ok eme\u011fi vard\u0131r. Say\u0131n \u0130brahim Arac\u0131 Ba\u015fkan\u0131m\u0131z K\u0130PLAS Y\u00f6netim ekibimizin \u00e7ok de\u011ferli bir \u00fcyesidir. K\u0130PLAS Y\u00f6netim Kurulu Ba\u015fkan Yard\u0131mc\u0131s\u0131 ve Uluslararas\u0131 \u0130\u015fverenler \u00d6rg\u00fct\u00fc\u2019n\u00fcn Onursal Ba\u015fkan\u0131 Say\u0131n Erol Kiresepi de GEBK\u0130M\u2019lidir. GEBK\u0130M \u00fcyeleri gerek \u0130SG alan\u0131nda gerekse<strong> GEBK\u0130M Teknoloji Geli\u015ftirme ve \u00c7\u00f6z\u00fcm Merkezi (GEBTEK)<\/strong> gibi \u00f6nc\u00fc \u00e7al\u0131\u015fmalarda liderlik etmektedirler. Ayr\u0131ca<strong> \u0130SG<\/strong> alan\u0131nda da kendilerinin \u00e7ok de\u011ferli \u00e7al\u0131\u015fmalar\u0131 var. GEBK\u0130M\u2019in kimya sekt\u00f6r\u00fcnde <strong>\u2018Acil M\u00fcdahale Yaz\u0131l\u0131m\u0131 \u00c7al\u0131\u015fmas\u0131\u2019<\/strong> T\u0130SK\u2019in Ortak Yar\u0131nlar \u00d6d\u00fcl\u00fc s\u00fcrecinde birincilik alm\u0131\u015ft\u0131r.\u201d \u015feklinde konu\u015ftu.<\/p>\n<h3><strong>\u201cT\u0130SK B\u0130Z\u0130M \u0130\u00c7\u0130N B\u00dcY\u00dcK \u00d6NEM TA\u015eIYOR\u201d<\/strong><\/h3>\n<p>Organizasyona ev sahipli\u011fi yapan GEBK\u0130M OSB\u2019nin Y\u00f6netim Kurulu Ba\u015fkan\u0131 Vefa \u0130brahim Arac\u0131 ise konu\u015fmas\u0131nda <span style=\"text-decoration: underline;\">\u015fu ifadelere yer verdi:<\/span><\/p>\n<p>\u201cBug\u00fcn T\u00fcrkiye\u2019nin en de\u011ferli ve en g\u00fczide kurumlar\u0131ndan <strong>T\u0130SK<\/strong>\u2019in, \u0130\u015f Sa\u011fl\u0131\u011f\u0131 ve G\u00fcvenli\u011fi a\u00e7\u0131s\u0131ndan b\u00fcy\u00fck \u00f6nem ta\u015f\u0131yan <strong>\u201c\u0130SG Alan\u0131nda S\u0131f\u0131r Kazaya Yolculuk\u201d<\/strong> s\u00fcrecine ev sahipli\u011fi yapmaktan dolay\u0131 b\u00fcy\u00fck mutluluk duyuyoruz.<\/p>\n<p>T\u0130SK bizim i\u00e7in b\u00fcy\u00fck \u00f6nem ta\u015f\u0131yor. T\u0130SK\u2019te Y\u00f6netim Kurulu Ba\u015fkanl\u0131\u011f\u0131 g\u00f6revinde de bulunan rahmetli Ba\u015fkan\u0131m\u0131z Say\u0131n Refik Baydur\u2019un <strong>T\u0130SK\u2019<\/strong>e verdi\u011fi \u00f6nem ve <strong>GEBK\u0130M OSB<\/strong>\u2019nin olu\u015fmas\u0131nda en b\u00fcy\u00fck etkiye sahip olmas\u0131n\u0131 unutamay\u0131z. GEBK\u0130M OSB bug\u00fcn T\u00fcrkiye\u2019de \u00f6nc\u00fc ve rol model bir yap\u0131ya sahip olmas\u0131n\u0131, bunun temellerini atan Kurucu Ba\u015fkan\u0131m\u0131z Refik Baydur Bey\u2019e bor\u00e7ludur. T\u0130SK ile ortak de\u011ferimiz olan rahmetli Refik Baydur\u2019u huzurlar\u0131n\u0131zda tekrar rahmetle an\u0131yorum.<\/p>\n<h3><strong>\u201cBENZER B\u0130R \u00c7ALI\u015eMAYI DA GEBK\u0130M B\u00dcNYES\u0130NDE HAYATA GE\u00c7\u0130R\u0130YORUZ\u201d<\/strong><\/h3>\n<p>GEBK\u0130M OSB olarak <strong>\u2018\u0130\u015f Sa\u011fl\u0131\u011f\u0131 ve G\u00fcvenli\u011fi\u2019<\/strong> bizim \u00e7al\u0131\u015fmalar\u0131m\u0131z\u0131n ana maddesini olu\u015fturuyor. Hatta bu alanda benzer bir \u00e7al\u0131\u015fmay\u0131 da GEBK\u0130M b\u00fcnyesinde hayata ge\u00e7iriyoruz. GEBK\u0130M olarak biz de <strong>\u2018S\u0131f\u0131r Kazaya Yolculuk\u2019<\/strong> s\u00fcrecimizi 2021 y\u0131l\u0131n\u0131n ba\u015f\u0131nda ba\u015flatt\u0131k.<\/p>\n<h3><strong>OSB \u0130\u00c7ER\u0130S\u0130NDE \u0130NSANSIZ HAVA ARA\u00c7LARI OTONOM \u015eEK\u0130LDE DEVR\u0130YE ATACAK<\/strong><\/h3>\n<p><strong>\u2018Acil M\u00fcdahale Yaz\u0131l\u0131m\u0131\u2019<\/strong> projemizle OSB\u2019miz i\u00e7erisinde otonom \u015fekilde devriye atacak insans\u0131z hava ara\u00e7lar\u0131 herhangi bir tehlike durumunda otomatik olarak yetkililere haber ula\u015ft\u0131racak \u015fekilde tasarland\u0131. B\u00f6ylece acil durumlar\u0131 erken a\u015famada g\u00f6zlemleyip, <strong>etkili<\/strong> ve <strong>g\u00fcvenli<\/strong> \u015fekilde m\u00fcdahale edebilece\u011fiz. T\u00fcrkiye\u2019de ilk olan, <strong>\u00c7al\u0131\u015fma ve Sosyal G\u00fcvenlik Bakanl\u0131\u011f\u0131<\/strong> ile <strong>Avrupa Birli\u011fi<\/strong> taraf\u0131ndan desteklenen projemiz, T\u0130SK\u2019in d\u00fczenledi\u011fi<strong> \u2018Ortak Yar\u0131nlar 2021\u2019 \u00d6d\u00fclleri\u2019<\/strong>nde <strong>\u0130\u015f Sa\u011fl\u0131\u011f\u0131 ve G\u00fcvenli\u011fi<\/strong> kategorisinde \u00f6d\u00fcle lay\u0131k g\u00f6r\u00fcld\u00fc.<\/p>\n<h3><strong>\u201cBU HER \u015eEYDEN \u00d6NCE \u00c7ALI\u015eANLARA KAR\u015eI BORCUMUZDUR\u201d<\/strong><\/h3>\n<p>\u00c7al\u0131\u015fanlar\u0131m\u0131z ve onlar\u0131n can g\u00fcvenlikleri bizim i\u00e7in \u00f6nemli. Bu her \u015feyden \u00f6nce y\u0131lmadan, usanmadan emeklerini ortaya koyan \u00e7al\u0131\u015fanlar\u0131m\u0131za kar\u015f\u0131 borcumuzdur. Bu sorumluluk bilinciyle hareket ederek ortaya \u00e7\u0131kar\u0131lan bu g\u00fczide projede eme\u011fi ge\u00e7en<strong> T\u0130SK, T\u0130SK Mikrocerrahi Vakf\u0131<\/strong> ve <strong>intenseye<\/strong> te\u015fekk\u00fcrlerimizi sunuyoruz.<\/p>\n<h3><strong>\u201cINTENSEYE\u2019N\u0130N YAZILIMININ \u00d6\u011eRENC\u0130LERE \u00d6\u011eRET\u0130LMES\u0130 B\u00dcY\u00dcK \u00d6NEM TA\u015eIYOR\u201d<\/strong><\/h3>\n<p>Bir ilave de Say\u0131n Valimizin \u00f6nderli\u011finde Kocaeli\u2019de yap\u0131lan <strong>\u2018Modern Fabrika Projesi\u2019<\/strong> de san\u0131r\u0131m yak\u0131nda ba\u015flayacak. Bu modern fabrikalarda <strong>intenseye<\/strong>\u2019nin bu<strong> yaz\u0131l\u0131m\u0131n\u0131n \u00f6\u011fretilmesi<\/strong> ve kullan\u0131lmas\u0131 b\u00fcy\u00fck \u00f6nem ta\u015f\u0131yor.<\/p>\n<p>Bu yaz\u0131l\u0131m\u0131n daha i\u015f yerlerine gelmeden <strong>mesleki<\/strong> ve<strong> teknik Anadolu liselerinden<\/strong> ba\u015flan\u0131larak tan\u0131t\u0131m\u0131n\u0131n yap\u0131lmas\u0131 \u00e7ok \u00f6nemli olacakt\u0131r. Gen\u00e7 \u00f6\u011frencilerimizin, ara eleman dedi\u011fimiz elemanlar\u0131m\u0131z\u0131n b\u00f6yle bir yaz\u0131l\u0131m\u0131n varl\u0131\u011f\u0131 konusunda bilgilendirilerek, <strong>i\u015f<\/strong> ve <strong>i\u015f g\u00fcvenli\u011fi<\/strong>ne ne kadar \u00f6nem verildi\u011fi fark\u0131ndal\u0131\u011f\u0131n\u0131 yaratmak \u00e7ok iyi olacakt\u0131r.<\/p>\n<p><em>T\u00fcrkiye Kimya Petrol Lastik ve Plastik Sanayii \u0130\u015fverenleri Sendikas\u0131<\/em> <strong>K\u0130PLAS<\/strong> vas\u0131tas\u0131 ile organik ba\u011f\u0131m\u0131z bulunan <strong>T\u0130SK<\/strong>\u2019i<strong> OSB<\/strong>\u2019mizde a\u011f\u0131rlamaktan gurur duyuyor, bu de\u011ferli organizasyonun imza t\u00f6reninin OSB\u2019mizde yap\u0131lmas\u0131ndan dolay\u0131 te\u015fekk\u00fcrlerimi iletiyorum.<\/p>","protected":false},"excerpt":{"rendered":"<p>Sorry, this entry is only available in Turkish. For the sake of viewer convenience, the content is shown below in the alternative language. You may click the link to switch the active language. T\u00fcrkiye \u0130\u015fveren Sendikalar\u0131 Konfederasyonu (T\u0130SK) ve T\u0130SK Mikrocerrahi Vakf\u0131\u2019n\u0131n intenseye i\u015f birli\u011fi ile hayata ge\u00e7irdi\u011fi, \u2018\u0130SG Teknolojilerini Yayg\u0131nla\u015ft\u0131rma Projesi\u2019nin \u0130mza T\u00f6reni, GEBK\u0130M [&hellip;]<\/p>\n","protected":false},"author":1,"featured_media":153895,"comment_status":"open","ping_status":"open","sticky":false,"template":"","format":"standard","meta":[],"categories":[53,157],"tags":[102471,83185,17299,3264,19241,33050,102469,102472,51411,91471,36111,102470],"views":99,"_links":{"self":[{"href":"https:\/\/www.enerjigazetesi.ist\/en\/wp-json\/wp\/v2\/posts\/153892"}],"collection":[{"href":"https:\/\/www.enerjigazetesi.ist\/en\/wp-json\/wp\/v2\/posts"}],"about":[{"href":"https:\/\/www.enerjigazetesi.ist\/en\/wp-json\/wp\/v2\/types\/post"}],"author":[{"embeddable":true,"href":"https:\/\/www.enerjigazetesi.ist\/en\/wp-json\/wp\/v2\/users\/1"}],"replies":[{"embeddable":true,"href":"https:\/\/www.enerjigazetesi.ist\/en\/wp-json\/wp\/v2\/comments?post=153892"}],"version-history":[{"count":0,"href":"https:\/\/www.enerjigazetesi.ist\/en\/wp-json\/wp\/v2\/posts\/153892\/revisions"}],"wp:featuredmedia":[{"embeddable":true,"href":"https:\/\/www.enerjigazetesi.ist\/en\/wp-json\/wp\/v2\/media\/153895"}],"wp:attachment":[{"href":"https:\/\/www.enerjigazetesi.ist\/en\/wp-json\/wp\/v2\/media?parent=153892"}],"wp:term":[{"taxonomy":"category","embeddable":true,"href":"https:\/\/www.enerjigazetesi.ist\/en\/wp-json\/wp\/v2\/categories?post=153892"},{"taxonomy":"post_tag","embeddable":true,"href":"https:\/\/www.enerjigazetesi.ist\/en\/wp-json\/wp\/v2\/tags?post=153892"}],"curies":[{"name":"wp","href":"https:\/\/api.w.org\/{rel}","templated":true}]}}