{"id":153860,"date":"2022-04-08T13:45:29","date_gmt":"2022-04-08T10:45:29","guid":{"rendered":"https:\/\/www.enerjigazetesi.ist\/?p=153860"},"modified":"2022-04-08T13:45:59","modified_gmt":"2022-04-08T10:45:59","slug":"elektra-elektronik-ar-ge-merkezi-oldu","status":"publish","type":"post","link":"https:\/\/www.enerjigazetesi.ist\/en\/elektra-elektronik-ar-ge-merkezi-oldu\/","title":{"rendered":"(Turkish) Elektra Elektronik Ar-Ge Merkezi Oldu"},"content":{"rendered":"<p class=\"qtranxs-available-languages-message qtranxs-available-languages-message-en\">Sorry, this entry is only available in <a href=\"https:\/\/www.enerjigazetesi.ist\/tr\/wp-json\/wp\/v2\/posts\/153860\" class=\"qtranxs-available-language-link qtranxs-available-language-link-tr\" title=\"Turkish\">Turkish<\/a>. For the sake of viewer convenience, the content is shown below in the alternative language. You may click the link to switch the active language.<\/p><p><\/p>\n<h2><strong>T\u00fcm s\u00fcre\u00e7lerini tamamlayarak Ar-Ge merkezi olmay\u0131 ba\u015faran \u015firket, bu yolda son 5 y\u0131lda cirosunun % 3\u2019\u00fcn\u00fc Ar-Ge\u2019ye harcad\u0131. Ar-Ge merkezi olmalar\u0131ndan \u00f6t\u00fcr\u00fc olduk\u00e7a mutlu olduklar\u0131n\u0131 dile getiren <em>Elektra Elektronik Ar-Ge M\u00fcd\u00fcr\u00fc<\/em> Dr. Tutku B\u00fcy\u00fckde\u011firmenci, \u00f6n\u00fcm\u00fczdeki d\u00f6nemde orta gerilim sarg\u0131l\u0131 eleman \u00fcr\u00fcnleri ve denizcilik sekt\u00f6r\u00fcne y\u00f6nelik ni\u015f \u00fcr\u00fcnler geli\u015ftirmeye a\u011f\u0131rl\u0131k vereceklerini a\u00e7\u0131klad\u0131. <\/strong><\/h2>\n<p><strong>Trafo<\/strong> ve <strong>enerji kalitesine<\/strong> y\u00f6nelik yeni nesil \u00fcr\u00fcn ve \u00e7\u00f6z\u00fcmler geli\u015ftiren Elektra Elektronik, Ar-Ge merkezi olma s\u00fcrecini tamamlad\u0131. Ar-Ge merkezi olan \u015firket, bu kapsamda y\u00fcksek katma de\u011ferli \u00fcr\u00fcnler \u00fcretmeye artan bir ivmeyle devam edecek. <strong>Elektra Elektronik Ar-Ge M\u00fcd\u00fcr\u00fc Dr. Tutku <img loading=\"lazy\" class=\"alignright wp-image-153862\" src=\"https:\/\/www.enerjigazetesi.ist\/wp-content\/uploads\/2022\/04\/elektra-elektronik-ar-ge-merkezi-oldu-1.jpg\" alt=\"\" width=\"250\" height=\"261\" srcset=\"https:\/\/www.enerjigazetesi.ist\/wp-content\/uploads\/2022\/04\/elektra-elektronik-ar-ge-merkezi-oldu-1.jpg 550w, https:\/\/www.enerjigazetesi.ist\/wp-content\/uploads\/2022\/04\/elektra-elektronik-ar-ge-merkezi-oldu-1-287x300.jpg 287w, https:\/\/www.enerjigazetesi.ist\/wp-content\/uploads\/2022\/04\/elektra-elektronik-ar-ge-merkezi-oldu-1-383x400.jpg 383w, https:\/\/www.enerjigazetesi.ist\/wp-content\/uploads\/2022\/04\/elektra-elektronik-ar-ge-merkezi-oldu-1-48x50.jpg 48w, https:\/\/www.enerjigazetesi.ist\/wp-content\/uploads\/2022\/04\/elektra-elektronik-ar-ge-merkezi-oldu-1-500x522.jpg 500w\" sizes=\"(max-width: 250px) 100vw, 250px\" \/>B\u00fcy\u00fckde\u011firmenci<\/strong><em>, <\/em>Ar-Ge merkezi olmalar\u0131na ili\u015fkin gelecek d\u00f6nem hedeflerini a\u00e7\u0131klad\u0131.<\/p>\n<h3><strong>Orta gerilim sarg\u0131l\u0131 eleman \u00fcr\u00fcnlerine ve denizcilik sekt\u00f6r\u00fcne a\u011f\u0131rl\u0131k verecek<\/strong><\/h3>\n<p>\u00dcretim kapasitesi, \u00e7al\u0131\u015fan say\u0131s\u0131 ve ihracat oran\u0131 a\u00e7\u0131s\u0131ndan T\u00fcrkiye\u2019de <strong>al\u00e7ak gerilim trafo<\/strong> ve <strong>reakt\u00f6r sekt\u00f6r\u00fcn\u00fcn<\/strong> lider firmas\u0131 konumunda olan Elektra Elektronik\u2019in <strong>42 y\u0131ll\u0131k<\/strong> tecr\u00fcbesi ve <em>g\u00fc\u00e7l\u00fc m\u00fchendis kadrosuyla in\u015faat, end\u00fcstri, rayl\u0131 sistemler, otomasyon, medikal, askeriye ve denizcilik sekt\u00f6rlerine<\/em> y\u00fcksek katma de\u011fer sundu\u011funu belirten <strong>Dr. Tutku B\u00fcy\u00fckde\u011firmenci, <\/strong><em>\u201c\u015eirket olarak, t\u00fcm \u00e7al\u0131\u015fmalar\u0131m\u0131z neticesinde <strong>Ar-Ge merkezi<\/strong> olmay\u0131 ba\u015fard\u0131k. Bu nedenle \u00e7ok mutlu ve gururluyuz. Ar-Ge \u00e7al\u0131\u015fmalar\u0131m\u0131z kapsam\u0131nda g\u00fcn\u00fcm\u00fcz <strong>ihtiya\u00e7lar\u0131<\/strong> ve<strong> teknolojisinin<\/strong> yan\u0131 s\u0131ra \u00f6n\u00fcm\u00fczdeki <strong>10 senenin<\/strong> planlar\u0131na odakland\u0131k. Bug\u00fcne kadar yerli ve yabanc\u0131 bir\u00e7ok projeye imza att\u0131k. Yo\u011fun <strong>Ar-Ge \u00e7al\u0131\u015fmalar\u0131<\/strong>m\u0131z sonucunda T\u00fcrkiye\u2019de ilk ve tek yerli \u00fcretim olan aktif harmonik filtre Dynami<strong>X<\/strong>\u2019in \u00fcretimini ger\u00e7ekle\u015ftirdik. <strong>M\u00fchendisli\u011fini, tasar\u0131m\u0131n\u0131<\/strong> ve <strong>\u00fcretimini<\/strong> tamamen b\u00fcnyemizdeki <strong>uzman m\u00fchendis kadrosuyla<\/strong> ger\u00e7ekle\u015ftirdi\u011fimiz bu \u00fcr\u00fcnle, <strong>enerji kalitesi sorunlar\u0131<\/strong> ya\u015fayan firmalara y\u00fcksek katma de\u011ferli \u00e7\u00f6z\u00fcm sunuyoruz. <strong>Ar-Ge merkezi<\/strong> olmam\u0131zla \u00f6n\u00fcm\u00fczdeki d\u00f6nemde <strong>orta gerilim sarg\u0131l\u0131 eleman \u00fcr\u00fcnleri<\/strong> ve<strong> denizcilik sekt\u00f6r\u00fcne<\/strong> y\u00f6nelik ni\u015f \u00fcr\u00fcnler geli\u015ftirmeye a\u011f\u0131rl\u0131k vermeyi planl\u0131yoruz.\u201d<\/em> \u015feklinde konu\u015ftu.<\/p>\n<h3><strong>Ar-Ge ekibinin say\u0131s\u0131n\u0131 22\u2019ye \u00e7\u0131kard\u0131, \u00e7al\u0131\u015fanlar\u0131 i\u00e7in te\u015fvikler olu\u015fturdu<\/strong><\/h3>\n<p>Ar-Ge \u00e7al\u0131\u015fanlar\u0131n\u0131n say\u0131s\u0131n\u0131<strong> 22\u2019ye<\/strong> \u00e7\u0131kard\u0131klar\u0131n\u0131 a\u00e7\u0131klayan <strong>B\u00fcy\u00fckde\u011firmenci<\/strong>,<em> \u201cElektra Elektronik olarak, Ar-Ge ekibimizi \u015firketimizin bir yat\u0131r\u0131m\u0131 olarak g\u00f6r\u00fcyoruz. \u00c7al\u0131\u015fanlara yap\u0131lan yat\u0131r\u0131m\u0131n m\u00fckemmel <strong>i\u015f<\/strong> ve<strong> projeler<\/strong> olarak geri d\u00f6nd\u00fc\u011f\u00fcn\u00fc d\u00fc\u015f\u00fcn\u00fcyoruz. \u015eirketimizde,<strong> Ar-Ge faaliyetlerini<\/strong> desteklemek \u00fczere <strong>\u00e7e\u015fitli te\u015fvikler<\/strong> bulunuyor. Bu te\u015fvikler; \u00e7al\u0131\u015fanlar\u0131m\u0131z\u0131n <strong>ulusal<\/strong> ve <strong>uluslararas\u0131<\/strong> kongrelerde sunumlar yapmas\u0131n\u0131, dergi yay\u0131nlar\u0131 \u00e7\u0131karmalar\u0131n\u0131, yeni projeler \u00fcreterek te\u015fviklerden yararlanmalar\u0131n\u0131 ve <strong>lisans \u00fcst\u00fc e\u011fitimlerine<\/strong> devam ederek kendilerini geli\u015ftirmelerini destekliyor.\u201d<\/em> dedi.<\/p>\n<h3><strong>\u201cT\u00dcB\u0130TAK TEYTEB destekli \u00fc\u00e7 projemizin Ar-Ge \u00e7al\u0131\u015fmalar\u0131 devam ediyor\u201d<\/strong><\/h3>\n<p>\u015eimdiye kadar iki adet T\u00dcB\u0130TAK TEYDEB projesini tamamlad\u0131klar\u0131n\u0131 belirten <strong>Dr. Tutku B\u00fcy\u00fckde\u011firmenci<\/strong>, <em>\u201cToplamda ald\u0131\u011f\u0131m\u0131z destek <strong>5 Milyon TL<\/strong>\u2019yi a\u015ft\u0131. T\u00fcrkiye\u2019de T\u00dcB\u0130TAK TEYDEB (Teknoloji ve Yenilik Destek Programlar\u0131 Ba\u015fkanl\u0131\u011f\u0131) destekli \u00fc\u00e7 projemizin <strong>Ar-Ge \u00e7al\u0131\u015fmalar\u0131<\/strong> s\u00fcr\u00fcyor. \u0130ki adet yeni aktif proje ba\u015fvurumuz bulunuyor. Ve bu projelerimizde hakem atamalar\u0131 yap\u0131ld\u0131. Bir yandan da <strong>teknoloji geli\u015ftirme s\u00fcre\u00e7lerimizde<\/strong> bize son derece faydal\u0131 olan <strong>\u00fcniversite-sanayi i\u015f birli\u011fi<\/strong> \u00e7al\u0131\u015fmalar\u0131m\u0131z devam ediyor. Bu kapsamda <strong>\u0130stanbul Teknik \u00dcniversitesi<\/strong> ve<strong> I\u015f\u0131k \u00dcniversitesi<\/strong> ile ortak \u00e7al\u0131\u015fmalar y\u00fcr\u00fct\u00fcyoruz.\u201d<\/em> ifadelerini de kulland\u0131.<\/p>","protected":false},"excerpt":{"rendered":"<p>Sorry, this entry is only available in Turkish. For the sake of viewer convenience, the content is shown below in the alternative language. You may click the link to switch the active language. T\u00fcm s\u00fcre\u00e7lerini tamamlayarak Ar-Ge merkezi olmay\u0131 ba\u015faran \u015firket, bu yolda son 5 y\u0131lda cirosunun % 3\u2019\u00fcn\u00fc Ar-Ge\u2019ye harcad\u0131. Ar-Ge merkezi olmalar\u0131ndan \u00f6t\u00fcr\u00fc [&hellip;]<\/p>\n","protected":false},"author":1,"featured_media":153863,"comment_status":"open","ping_status":"open","sticky":false,"template":"","format":"standard","meta":[],"categories":[51,53],"tags":[102457,2059,11683,14412,102455,102458,52067,58947,102456,102454,1971],"views":117,"_links":{"self":[{"href":"https:\/\/www.enerjigazetesi.ist\/en\/wp-json\/wp\/v2\/posts\/153860"}],"collection":[{"href":"https:\/\/www.enerjigazetesi.ist\/en\/wp-json\/wp\/v2\/posts"}],"about":[{"href":"https:\/\/www.enerjigazetesi.ist\/en\/wp-json\/wp\/v2\/types\/post"}],"author":[{"embeddable":true,"href":"https:\/\/www.enerjigazetesi.ist\/en\/wp-json\/wp\/v2\/users\/1"}],"replies":[{"embeddable":true,"href":"https:\/\/www.enerjigazetesi.ist\/en\/wp-json\/wp\/v2\/comments?post=153860"}],"version-history":[{"count":0,"href":"https:\/\/www.enerjigazetesi.ist\/en\/wp-json\/wp\/v2\/posts\/153860\/revisions"}],"wp:featuredmedia":[{"embeddable":true,"href":"https:\/\/www.enerjigazetesi.ist\/en\/wp-json\/wp\/v2\/media\/153863"}],"wp:attachment":[{"href":"https:\/\/www.enerjigazetesi.ist\/en\/wp-json\/wp\/v2\/media?parent=153860"}],"wp:term":[{"taxonomy":"category","embeddable":true,"href":"https:\/\/www.enerjigazetesi.ist\/en\/wp-json\/wp\/v2\/categories?post=153860"},{"taxonomy":"post_tag","embeddable":true,"href":"https:\/\/www.enerjigazetesi.ist\/en\/wp-json\/wp\/v2\/tags?post=153860"}],"curies":[{"name":"wp","href":"https:\/\/api.w.org\/{rel}","templated":true}]}}