{"id":15374,"date":"2013-09-16T10:00:54","date_gmt":"2013-09-16T07:00:54","guid":{"rendered":"https:\/\/www.enerjigazetesi.ist\/?p=15374"},"modified":"2013-09-16T10:00:54","modified_gmt":"2013-09-16T07:00:54","slug":"japonya-son-nukleer-santralini-de-kapatti","status":"publish","type":"post","link":"https:\/\/www.enerjigazetesi.ist\/en\/japonya-son-nukleer-santralini-de-kapatti\/","title":{"rendered":"(Turkish) Japonya Son N\u00fckleer Santralini de Kapatt\u0131"},"content":{"rendered":"<p class=\"qtranxs-available-languages-message qtranxs-available-languages-message-en\">Sorry, this entry is only available in <a href=\"https:\/\/www.enerjigazetesi.ist\/tr\/wp-json\/wp\/v2\/posts\/15374\" class=\"qtranxs-available-language-link qtranxs-available-language-link-tr\" title=\"Turkish\">Turkish<\/a>. For the sake of viewer convenience, the content is shown below in the alternative language. You may click the link to switch the active language.<\/p><p><strong>Japonya\u2019da \u00e7al\u0131\u015f\u0131r durumdaki son n\u00fckleer reakt\u00f6r\u00fcn bak\u0131m i\u00e7in kapat\u0131laca\u011f\u0131 a\u00e7\u0131kland\u0131.<a href=\"https:\/\/www.enerjigazetesi.ist\/wp-content\/uploads\/2013\/02\/110220132154092838045_2.jpg\"><img loading=\"lazy\" class=\"alignright size-full wp-image-6642\" title=\"japonya-son-nukleer-santralini-de-kapatti\" src=\"https:\/\/www.enerjigazetesi.ist\/wp-content\/uploads\/2013\/02\/110220132154092838045_2.jpg\" alt=\"\" width=\"282\" height=\"215\" srcset=\"https:\/\/www.enerjigazetesi.ist\/wp-content\/uploads\/2013\/02\/110220132154092838045_2.jpg 282w, https:\/\/www.enerjigazetesi.ist\/wp-content\/uploads\/2013\/02\/110220132154092838045_2-65x50.jpg 65w\" sizes=\"(max-width: 282px) 100vw, 282px\" \/><\/a><\/strong><\/p>\n<p>Kansai Elektrik G\u00fc\u00e7 \u015eirketi\u2019nden yap\u0131lan a\u00e7\u0131klamada, Japonya\u2019n\u0131n bat\u0131s\u0131nda bulunan Ohi tesislerindeki 4 numaral\u0131 reakt\u00f6r\u00fcn kapat\u0131lmas\u0131 i\u00e7in bug\u00fcn i\u015flemlere ba\u015flanaca\u011f\u0131, reakt\u00f6r\u00fcn yar\u0131ndan itibaren elektrik \u00fcretimine son verece\u011fi belirtildi.<\/p>\n<p>Japonya\u2019da, 2011\u2032de meydana gelen deprem ve tsunami felaketi nedeniyle Fuku\u015fima N\u00fckleer Santral\u0131\u2019ndaki reakt\u00f6rlerin zarar g\u00f6rmesinden sonra santraller bak\u0131m i\u00e7in ya da g\u00fcvenlik endi\u015felerinden \u00f6t\u00fcr\u00fc kapat\u0131lm\u0131\u015f ve a\u00e7\u0131lmam\u0131\u015ft\u0131.<\/p>\n<p>Fuku\u015fima N\u00fckleer Santral\u0131\u2019n\u0131n i\u015fletmecisi Tokyo Elektrik Enerji (TEPCO), Ohi\u2019deki reakt\u00f6r\u00fcn ge\u00e7en y\u0131l Temmuz\u2019da yeniden a\u00e7\u0131lmas\u0131na izin vermi\u015fti.<\/p>\n<p>Deprem ve tsunami felaketinden \u00f6nce, n\u00fckleer santraller Japonya\u2019n\u0131n elektri\u011finin yakla\u015f\u0131k d\u00f6rtte birini \u00fcretiyordu.<\/p>\n<p>Kaynak: <a href=\"http:\/\/enerjienstitusu.com\/2013\/09\/16\/japonya-son-nukleer-santralini-de-kapatti\/\" target=\"_blank\">Enerji Enstitis\u00fc<\/a><\/p>","protected":false},"excerpt":{"rendered":"<p>Sorry, this entry is only available in Turkish. For the sake of viewer convenience, the content is shown below in the alternative language. You may click the link to switch the active language.Japonya\u2019da \u00e7al\u0131\u015f\u0131r durumdaki son n\u00fckleer reakt\u00f6r\u00fcn bak\u0131m i\u00e7in kapat\u0131laca\u011f\u0131 a\u00e7\u0131kland\u0131. Kansai Elektrik G\u00fc\u00e7 \u015eirketi\u2019nden yap\u0131lan a\u00e7\u0131klamada, Japonya\u2019n\u0131n bat\u0131s\u0131nda bulunan Ohi tesislerindeki 4 numaral\u0131 [&hellip;]<\/p>\n","protected":false},"author":1,"featured_media":6642,"comment_status":"open","ping_status":"open","sticky":false,"template":"","format":"standard","meta":[],"categories":[53,43],"tags":[8651,63,67,1009,165,1547,8648,71,21,8646,8647,8649,8650],"views":755,"_links":{"self":[{"href":"https:\/\/www.enerjigazetesi.ist\/en\/wp-json\/wp\/v2\/posts\/15374"}],"collection":[{"href":"https:\/\/www.enerjigazetesi.ist\/en\/wp-json\/wp\/v2\/posts"}],"about":[{"href":"https:\/\/www.enerjigazetesi.ist\/en\/wp-json\/wp\/v2\/types\/post"}],"author":[{"embeddable":true,"href":"https:\/\/www.enerjigazetesi.ist\/en\/wp-json\/wp\/v2\/users\/1"}],"replies":[{"embeddable":true,"href":"https:\/\/www.enerjigazetesi.ist\/en\/wp-json\/wp\/v2\/comments?post=15374"}],"version-history":[{"count":2,"href":"https:\/\/www.enerjigazetesi.ist\/en\/wp-json\/wp\/v2\/posts\/15374\/revisions"}],"predecessor-version":[{"id":15376,"href":"https:\/\/www.enerjigazetesi.ist\/en\/wp-json\/wp\/v2\/posts\/15374\/revisions\/15376"}],"wp:featuredmedia":[{"embeddable":true,"href":"https:\/\/www.enerjigazetesi.ist\/en\/wp-json\/wp\/v2\/media\/6642"}],"wp:attachment":[{"href":"https:\/\/www.enerjigazetesi.ist\/en\/wp-json\/wp\/v2\/media?parent=15374"}],"wp:term":[{"taxonomy":"category","embeddable":true,"href":"https:\/\/www.enerjigazetesi.ist\/en\/wp-json\/wp\/v2\/categories?post=15374"},{"taxonomy":"post_tag","embeddable":true,"href":"https:\/\/www.enerjigazetesi.ist\/en\/wp-json\/wp\/v2\/tags?post=15374"}],"curies":[{"name":"wp","href":"https:\/\/api.w.org\/{rel}","templated":true}]}}