{"id":153738,"date":"2022-04-06T13:50:47","date_gmt":"2022-04-06T10:50:47","guid":{"rendered":"https:\/\/www.enerjigazetesi.ist\/?p=153738"},"modified":"2022-04-06T13:50:47","modified_gmt":"2022-04-06T10:50:47","slug":"surdurulebilir-kalkinma-amaclari-nin-onundeki-engel-ve-cozumler-tartisildi","status":"publish","type":"post","link":"https:\/\/www.enerjigazetesi.ist\/en\/surdurulebilir-kalkinma-amaclari-nin-onundeki-engel-ve-cozumler-tartisildi\/","title":{"rendered":"(Turkish) &#8217;S\u00fcrd\u00fcr\u00fclebilir Kalk\u0131nma Ama\u00e7lar\u0131&#8217;n\u0131n \u00d6n\u00fcndeki Engel ve \u00c7\u00f6z\u00fcmler Tart\u0131\u015f\u0131ld\u0131"},"content":{"rendered":"<p class=\"qtranxs-available-languages-message qtranxs-available-languages-message-en\">Sorry, this entry is only available in <a href=\"https:\/\/www.enerjigazetesi.ist\/tr\/wp-json\/wp\/v2\/posts\/153738\" class=\"qtranxs-available-language-link qtranxs-available-language-link-tr\" title=\"Turkish\">Turkish<\/a>. For the sake of viewer convenience, the content is shown below in the alternative language. You may click the link to switch the active language.<\/p><p><\/p>\n<h2>Avrupa Birli\u011fi Ba\u015fkanl\u0131\u011f\u0131\u2019n\u0131n koordinasyonu ve deste\u011fiyle 1 Nisan 2021\u2019de T\u00fcrkiye \u0130MSAD ve \u00c7EDB\u0130K taraf\u0131ndan y\u00fcr\u00fct\u00fclmeye ba\u015flanan\u00a0<strong>\u201cS\u00fcrd\u00fcr\u00fclebilir Kalk\u0131nma i\u00e7in STK\u2019lar\u201d<\/strong>\u00a0isimli projede, sekt\u00f6r payda\u015flar\u0131n\u0131n bir araya gelmesi, S\u00fcrd\u00fcr\u00fclebilir Kalk\u0131nma Ama\u00e7lar\u0131 (SKA) hakk\u0131nda daha iyi bir anlay\u0131\u015f geli\u015ftirmesi ve SKA\u2019ya ula\u015fmada aktif kat\u0131l\u0131mlar\u0131n\u0131 te\u015fvik etmeleri hedeflendi.<\/h2>\n<p><strong>15 ay<\/strong> olarak programlanan projede, Anadolu\u2019daki <strong>sivil toplum kurulu\u015flar\u0131n\u0131n<\/strong> daha aktif olmalar\u0131, karar alma s\u00fcre\u00e7lerine daha kolay etki etmelerinin yolunun a\u00e7\u0131lmas\u0131, sekt\u00f6rler aras\u0131<strong> i\u015f birli\u011finin art\u0131r\u0131lmas\u0131<\/strong> ve <strong>geli\u015fimin desteklenmesine<\/strong> y\u00f6nelik \u00e7al\u0131\u015fmalar yap\u0131ld\u0131.<\/p>\n<p><img loading=\"lazy\" class=\"alignright wp-image-153740\" src=\"https:\/\/www.enerjigazetesi.ist\/wp-content\/uploads\/2022\/04\/surdurulebilir-kalkinma-amaclari-nin-onundeki-engel-ve-cozumler-tartisildi-1.jpg\" alt=\"\" width=\"320\" height=\"219\" srcset=\"https:\/\/www.enerjigazetesi.ist\/wp-content\/uploads\/2022\/04\/surdurulebilir-kalkinma-amaclari-nin-onundeki-engel-ve-cozumler-tartisildi-1.jpg 486w, https:\/\/www.enerjigazetesi.ist\/wp-content\/uploads\/2022\/04\/surdurulebilir-kalkinma-amaclari-nin-onundeki-engel-ve-cozumler-tartisildi-1-300x205.jpg 300w, https:\/\/www.enerjigazetesi.ist\/wp-content\/uploads\/2022\/04\/surdurulebilir-kalkinma-amaclari-nin-onundeki-engel-ve-cozumler-tartisildi-1-73x50.jpg 73w\" sizes=\"(max-width: 320px) 100vw, 320px\" \/>Farkl\u0131 illerde \u00f6nce fiziksel sonra da \u00e7evrimi\u00e7i olarak d\u00fczenlenen <strong>\u201cS\u00fcrd\u00fcr\u00fclebilir Kalk\u0131nma Ama\u00e7lar\u0131\u201d<\/strong> ba\u015fl\u0131kl\u0131 e\u011fitimlerde, kaynaklar\u0131n \u00f6nemi vurgulanarak, kurumlar\u0131n topluma sadece ekonomik fayda sa\u011flama konusunda de\u011fil, ayn\u0131 zamanda <strong>sosyal<\/strong> ve<strong> \u00e7evresel<\/strong> a\u00e7\u0131dan da sorumluluklar\u0131 oldu\u011funa dikkat \u00e7ekildi. <strong>S\u00fcrd\u00fcr\u00fclebilirlik<\/strong> ve<strong> iklim g\u00fcndemi<\/strong>nin; <strong>in\u015faat, \u00e7evre, mimarl\u0131k, enerji, enerji verimlili\u011fi<\/strong> ve <strong>s\u00fcrd\u00fcr\u00fclebilir kalk\u0131nma<\/strong> alanlar\u0131na etkileri de bu toplant\u0131larda t\u00fcm y\u00f6nleriyle de\u011ferlendirildi. Farkl\u0131 sekt\u00f6r ve meslek temsilcilerinin kat\u0131ld\u0131\u011f\u0131 <strong>\u201cSavunuculuk\u201d<\/strong> ba\u015fl\u0131kl\u0131 e\u011fitimlerde ise <strong>b\u00f6lgesel<\/strong> ve <strong>sekt\u00f6rel sorunlar, sekt\u00f6rler aras\u0131 diyalog<\/strong> olu\u015fturulmas\u0131yla ilgili g\u00f6r\u00fc\u015fler payla\u015f\u0131ld\u0131. <strong>SKA\u2019lar<\/strong>, in\u015faat alt sekt\u00f6rleri a\u00e7\u0131s\u0131ndan de\u011ferlendirilerek, neler yap\u0131labilece\u011fi, bu hedeflere ula\u015fmada ya\u015fanan zorluklar t\u00fcm y\u00f6nleriyle ele al\u0131nd\u0131.<\/p>\n<p>Proje kapsam\u0131nda <strong>01 Nisan 2022<\/strong> tarihinde \u0130stanbul\u2019da d\u00fczenlenen\u00a0<strong>\u201c<\/strong><strong>Diyalog G\u00fcn\u00fc\u201d<\/strong>nde ise y\u0131l boyunca yap\u0131lan t\u00fcm \u00e7al\u0131\u015fmalar ve e\u011fitimler sonras\u0131 elde edilen bilgiler, <strong>SKA\u2019lar\u0131n<\/strong> \u00f6n\u00fcndeki engelleri belirleme ve \u00e7\u00f6z\u00fcm \u00f6nerileri geli\u015ftirilmesi amac\u0131yla de\u011ferlendirildi.<\/p>\n<p>Toplant\u0131n\u0131n a\u00e7\u0131l\u0131\u015f\u0131nda konu\u015fan\u00a0<strong>T\u00fcrkiye \u0130MSAD Y\u00f6netim Kurulu \u00dcyesi ve S\u00fcrd\u00fcr\u00fclebilirlik Komitesi Ba\u015fkan\u0131 Prof. Dr. Ece Ceylan Baba<\/strong>, <strong>\u00c7EDB\u0130K<\/strong> ile y\u00fcr\u00fctt\u00fckleri projenin kapsam\u0131 ve kat\u0131l\u0131mc\u0131 \u00e7e\u015fitlili\u011fi a\u00e7\u0131s\u0131ndan sekt\u00f6r\u00fcn ilklerinden oldu\u011funu vurgulayarak, <em>\u201c17 K\u00fcresel Amac\u0131n tamam\u0131na etki eden<strong> in\u015faat sekt\u00f6r\u00fc, \u00f6zellikle s\u00fcrd\u00fcr\u00fclebilir \u015fehirler, s\u00fcrd\u00fcr\u00fclebilir \u00fcretim<\/strong> ve<strong> t\u00fcketim, iklim, su, enerji<\/strong> ve <strong>altyap\u0131<\/strong> konular\u0131ndaki ama\u00e7lar\u0131n ger\u00e7ekle\u015ftirilmesindeki en \u00f6nemli sekt\u00f6rlerden biri olarak kabul edilmektedir. <strong>Diyalog G\u00fcn\u00fc<\/strong>\u2019nde, <strong>in\u015faat, mimarl\u0131k, \u00e7evre<\/strong> ve <strong>enerji verimlili\u011fi sekt\u00f6rleri<\/strong>nde \u00fcretim ve hizmet gruplar\u0131nda faaliyet g\u00f6steren <strong>STK<\/strong>\u2019lar\u0131n, yerel y\u00f6netimlerin ve ilgili kurumlar\u0131n uzmanlar\u0131n\u0131 bir araya getirerek bir <strong>sinerji olu\u015fturmay\u0131<\/strong> ama\u00e7lad\u0131k\u201d<\/em> dedi.<\/p>\n<p><strong>Prof. Dr. Ece Ceylan Baba<\/strong>\u00a0s\u00f6zlerini \u015f\u00f6yle s\u00fcrd\u00fcrd\u00fc: <em>\u201cSon y\u0131llarda ya\u015fad\u0131klar\u0131m\u0131z, \u00f6nlem almaz ve baz\u0131 de\u011fi\u015fimleri ger\u00e7ekle\u015ftirmezsek gezegenimizin gelece\u011fini tehdit edecek risklerin k\u00fc\u00e7\u00fck bir \u00f6rne\u011fini te\u015fkil ediyor. T\u00fcm d\u00fcnya olarak i\u00e7inde bulundu\u011fumuz durumu bu g\u00f6zle de\u011ferlendirmeli gerek <strong>bireysel<\/strong> gerek <strong>sekt\u00f6rel<\/strong> gerekse \u00fclke baz\u0131nda sorumluluk alarak, <strong>d\u00fcnyam\u0131z\u0131 birlikte iyile\u015ftirmeliyiz.<\/strong>\u201d<\/em><\/p>\n<p><strong>A\u00e7\u0131l\u0131\u015f konu\u015fmac\u0131lar\u0131 aras\u0131nda yer alan \u00c7EDB\u0130K\u00a0Y\u00f6netim Kurulu Ba\u015fkan Yard\u0131mc\u0131s\u0131 Dr. Emre Il\u0131cal\u0131<\/strong>\u00a0<em>\u201c<strong>S\u00fcrd\u00fcr\u00fclebilir kalk\u0131nma hedeflerinde<\/strong> \u00f6zellikle s\u00fcrd\u00fcr\u00fclebilirlik k\u0131sm\u0131nda biraz geride kald\u0131\u011f\u0131m\u0131z\u0131 g\u00f6r\u00fcyoruz. Herkesin konunun bir taraf\u0131n\u0131 tutmas\u0131 ilerlemeyi yava\u015flat\u0131yor. Oysa ortak bir paydada bulu\u015fup <strong>ortak ak\u0131lla<\/strong> bir<strong> sinerji olu\u015fturulmas\u0131<\/strong> ve olay\u0131 farkl\u0131 y\u00f6nleriyle ele alacak, farkl\u0131 yetkinlikte ki\u015filerin bir araya gelmesi \u00e7ok \u00f6nemli. Bu proje, bu anlamda g\u00fczel bir yol haritas\u0131 sunacakt\u0131r.<strong> S\u00fcrd\u00fcr\u00fclebilirlik<\/strong> konusunun <strong>kurumsal sosyal sorumluluk projesi<\/strong> olmaktan \u00e7\u0131kmas\u0131 ve \u00f6zel sekt\u00f6rde olmazsa olmaz ve i\u015f yap\u0131\u015f \u015feklini de\u011fi\u015ftirecek bir konu oldu\u011funun anla\u015f\u0131lmas\u0131 laz\u0131m. Konuyu<strong> tabana yaymak<\/strong> ve <strong>fark\u0131ndal\u0131\u011f\u0131 art\u0131rmak<\/strong> ad\u0131na bu t\u00fcr projelerin \u00e7ok \u00f6nemli oldu\u011funu d\u00fc\u015f\u00fcn\u00fcyorum&#8221;<\/em> \u015feklinde konu\u015ftu.<\/p>\n<p><strong>Bo\u011fazi\u00e7i \u00dcniversitesi Ya\u015famboyu E\u011fitim Merkezi (B\u00dcYEM) ve UN-SDSN T\u00fcrkiye Direkt\u00f6r\u00fc Dr. Tamer Atabarut<\/strong>\u00a0ger\u00e7ekle\u015ftirdi\u011fi a\u00e7\u0131l\u0131\u015f konu\u015fmas\u0131nda <strong>S\u00fcrd\u00fcr\u00fclebilir Kalk\u0131nma Ama\u00e7lar\u0131<\/strong> ile ilgili bir sunum yapt\u0131 ve <strong>UN-SDSN<\/strong>\u2019nin (S\u00fcrd\u00fcr\u00fclebilir Kalk\u0131nma i\u00e7in Bilimsel Yakla\u015f\u0131mlar ve \u00c7\u00f6z\u00fcmler A\u011f\u0131) bu kapsamda yapt\u0131\u011f\u0131 \u00e7al\u0131\u015fmalara de\u011findi. <strong>Dr. Tamer Atabarut<\/strong> \u201cKarbonsuzla\u015fma yolunda at\u0131lacak ad\u0131mlarda,<strong> \u00fcniversitelere, kamu kurumlar\u0131<\/strong>na ve<strong> Ar-Ge<\/strong> yapan \u015firketlere b\u00fcy\u00fck sorumluluk d\u00fc\u015f\u00fcyor. Bu y\u00fczden bizler de \u00fcniversitelerin rol\u00fc olarak benimsedi\u011fimiz ara\u015ft\u0131rma ve e\u011fitim ba\u011flam\u0131nda \u00e7al\u0131\u015fmalar y\u00fcr\u00fct\u00fcyoruz. Her y\u0131l <strong>endeks<\/strong> ve<strong> raporlar<\/strong> yay\u0131ml\u0131yoruz. Bu raporlardan biri de <strong>S\u00fcrd\u00fcr\u00fclebilir Kalk\u0131nma Ama\u00e7lar\u0131 Raporu<\/strong>\u201d dedi ve sunumunda bu rapora yer verdi.<\/p>\n<p>A\u00e7\u0131l\u0131\u015f konu\u015fmac\u0131lar\u0131ndan <strong>Abdullah G\u00fcl \u00dcniversitesi \u0130n\u015faat M\u00fchendisli\u011fi B\u00f6l\u00fcm Ba\u015fkan\u0131 Prof. Dr. Burak Uzal\u00a0<\/strong>ise<strong>\u00a0<\/strong>ger\u00e7ekle\u015ftirdi\u011fi sunumda S\u00fcrd\u00fcr\u00fclebilir Kalk\u0131nma Ama\u00e7lar\u0131\u2019n\u0131n in\u015faat sekt\u00f6r\u00fcne yans\u0131malar\u0131n\u0131, bizleri nelerin bekledi\u011fini ve hangi alanlara \u00f6ncelikli e\u011filmemiz gerekti\u011fini, hem <strong>in\u015faat sekt\u00f6r\u00fc<\/strong> ve <strong>m\u00fcteahhit faaliyetleri<\/strong> taraf\u0131nda hem de <strong>in\u015faat malzemeleri sanayisi<\/strong> taraf\u0131nda de\u011ferlendirdi.<\/p>\n<p><strong>Uzman Tu\u011f\u00e7e Zeynep \u00c7ift\u00e7iba\u015f\u0131 G\u00fc\u00e7<\/strong>\u00a0ile <strong>Alparslan T\u00fcrke\u015f Bilim ve Teknoloji \u00dcniversitesi\u2019nden Selahattin Ciritci<\/strong> \u201cDiyalog G\u00fcn\u00fc\u201d format\u0131 hakk\u0131nda bilgilendirme yapt\u0131ktan sonra \u201c<strong>S\u00fcrd\u00fcr\u00fclebilir Ya\u015fam\u201d, \u201cToprak, Hava, Su Kirlili\u011fi\u201d, \u201cSera Gaz\u0131 Azalt\u0131m\u201d, \u201c\u0130nsana Yak\u0131\u015f\u0131r Ekonomik Geli\u015fme\u201d ve \u201cDayan\u0131\u015fma ve \u0130\u015fbirlikleri\u201d\u00a0<\/strong>ba\u015fl\u0131kl\u0131<strong>\u00a0<\/strong>5 farkl\u0131 masada gruplanan 17 SKA\u2019ya ula\u015fmada ya\u015fanan engeller ve \u00e7\u00f6z\u00fcm \u00f6nerileri kat\u0131l\u0131mc\u0131lar taraf\u0131ndan masaya yat\u0131r\u0131ld\u0131.<\/p>\n<p>\u201cDiyalog G\u00fcn\u00fc\u201dn\u00fcn ikinci yar\u0131s\u0131nda ise <strong>UN-SDSN T\u00fcrkiye Koordinat\u00f6r\u00fc Bahar \u00d6zay<\/strong>\u2019\u0131n moderat\u00f6rl\u00fc\u011f\u00fcnde kat\u0131l\u0131mc\u0131lar s\u00f6z alarak \u00f6\u011fleden \u00f6nceki oturumda tart\u0131\u015f\u0131lan <strong>engeller<\/strong> ve \u00e7<strong>\u00f6z\u00fcm \u00f6nerileriyle<\/strong> ilgili kendi alanlar\u0131 a\u00e7\u0131s\u0131ndan en \u00f6nemli g\u00f6rd\u00fckleri sorunlar\u0131 de\u011ferlendirdi.<\/p>\n<p>\u201c<strong>Diyalog G\u00fcn\u00fc<\/strong>\u201dnde T\u00fcrkiye\u2019nin<strong> 2053 Net S\u0131f\u0131r Hedefi ve Ye\u015fil Kalk\u0131nma Hamlesi<\/strong> ile uyumlu bir \u00e7er\u00e7evede <strong>T\u00fcrk in\u015faat sekt\u00f6r\u00fc<\/strong>n\u00fcn b\u00fcy\u00fcmesi, <strong>ekonomik, sosyal<\/strong> ve<strong> \u00e7evresel<\/strong> boyutlar\u0131yla ele al\u0131nd\u0131. Toplant\u0131da S\u00fcrd\u00fcr\u00fclebilir Kalk\u0131nma Ama\u00e7lar\u0131\u2019n\u0131n alt hedeflerinin ger\u00e7ekle\u015ftirilmesindeki engeller (mevzuat, i\u015fin niteli\u011fi, co\u011frafi ko\u015fullar, insan kayna\u011f\u0131, vb.) belirlenerek \u00e7\u00f6z\u00fcm \u00f6nerileri \u00fczerinde duruldu. Ortaya \u00e7\u0131kan <strong>sonu\u00e7lar raporlanarak<\/strong> k\u0131sa s\u00fcre i\u00e7inde kamuoyu ile payla\u015f\u0131lacak.<\/p>","protected":false},"excerpt":{"rendered":"<p>Sorry, this entry is only available in Turkish. For the sake of viewer convenience, the content is shown below in the alternative language. You may click the link to switch the active language. Avrupa Birli\u011fi Ba\u015fkanl\u0131\u011f\u0131\u2019n\u0131n koordinasyonu ve deste\u011fiyle 1 Nisan 2021\u2019de T\u00fcrkiye \u0130MSAD ve \u00c7EDB\u0130K taraf\u0131ndan y\u00fcr\u00fct\u00fclmeye ba\u015flanan\u00a0\u201cS\u00fcrd\u00fcr\u00fclebilir Kalk\u0131nma i\u00e7in STK\u2019lar\u201d\u00a0isimli projede, sekt\u00f6r payda\u015flar\u0131n\u0131n [&hellip;]<\/p>\n","protected":false},"author":1,"featured_media":153741,"comment_status":"open","ping_status":"open","sticky":false,"template":"","format":"standard","meta":[],"categories":[51,53,52],"tags":[98270,4240,102382,12,102383,59867,1296,25553],"views":236,"_links":{"self":[{"href":"https:\/\/www.enerjigazetesi.ist\/en\/wp-json\/wp\/v2\/posts\/153738"}],"collection":[{"href":"https:\/\/www.enerjigazetesi.ist\/en\/wp-json\/wp\/v2\/posts"}],"about":[{"href":"https:\/\/www.enerjigazetesi.ist\/en\/wp-json\/wp\/v2\/types\/post"}],"author":[{"embeddable":true,"href":"https:\/\/www.enerjigazetesi.ist\/en\/wp-json\/wp\/v2\/users\/1"}],"replies":[{"embeddable":true,"href":"https:\/\/www.enerjigazetesi.ist\/en\/wp-json\/wp\/v2\/comments?post=153738"}],"version-history":[{"count":0,"href":"https:\/\/www.enerjigazetesi.ist\/en\/wp-json\/wp\/v2\/posts\/153738\/revisions"}],"wp:featuredmedia":[{"embeddable":true,"href":"https:\/\/www.enerjigazetesi.ist\/en\/wp-json\/wp\/v2\/media\/153741"}],"wp:attachment":[{"href":"https:\/\/www.enerjigazetesi.ist\/en\/wp-json\/wp\/v2\/media?parent=153738"}],"wp:term":[{"taxonomy":"category","embeddable":true,"href":"https:\/\/www.enerjigazetesi.ist\/en\/wp-json\/wp\/v2\/categories?post=153738"},{"taxonomy":"post_tag","embeddable":true,"href":"https:\/\/www.enerjigazetesi.ist\/en\/wp-json\/wp\/v2\/tags?post=153738"}],"curies":[{"name":"wp","href":"https:\/\/api.w.org\/{rel}","templated":true}]}}