{"id":153611,"date":"2022-04-04T13:28:47","date_gmt":"2022-04-04T10:28:47","guid":{"rendered":"https:\/\/www.enerjigazetesi.ist\/?p=153611"},"modified":"2022-04-04T13:28:47","modified_gmt":"2022-04-04T10:28:47","slug":"ambalaj-atiklarimizi-degere-donusturmek-elimizde","status":"publish","type":"post","link":"https:\/\/www.enerjigazetesi.ist\/en\/ambalaj-atiklarimizi-degere-donusturmek-elimizde\/","title":{"rendered":"(Turkish) Ambalaj At\u0131klar\u0131m\u0131z\u0131 De\u011fere D\u00f6n\u00fc\u015ft\u00fcrmek Elimizde\u2026"},"content":{"rendered":"<p class=\"qtranxs-available-languages-message qtranxs-available-languages-message-en\">Sorry, this entry is only available in <a href=\"https:\/\/www.enerjigazetesi.ist\/tr\/wp-json\/wp\/v2\/posts\/153611\" class=\"qtranxs-available-language-link qtranxs-available-language-link-tr\" title=\"Turkish\">Turkish<\/a>. For the sake of viewer convenience, the content is shown below in the alternative language. You may click the link to switch the active language.<\/p><p><\/p>\n<h2><strong>\u00c7EVKO Vakf\u0131, geri d\u00f6n\u00fc\u015f\u00fcm k\u00fclt\u00fcr\u00fcn\u00fcn geli\u015fimine deste\u011fini s\u00fcrd\u00fcr\u00fcyor. T\u00fcrkiye\u2019de s\u00fcrd\u00fcr\u00fclebilir geri d\u00f6n\u00fc\u015f\u00fcm sisteminin \u00f6nc\u00fcs\u00fc olan \u00c7EVKO Vakf\u0131, haz\u0131rlad\u0131\u011f\u0131 7 e\u011fitici video ile, g\u00fcnl\u00fck ya\u015fam\u0131m\u0131zda olu\u015fan ambalaj at\u0131klar\u0131n\u0131n geri d\u00f6n\u00fc\u015f\u00fcm\u00fc konusunda bilgiler aktar\u0131yor.<\/strong><\/h2>\n<p>\u00c7EVKO Vakf\u0131, <strong>cam, plastik, metal, kompozit, ka\u011f\u0131t\/karton<\/strong> ve <strong>ah\u015fap malzemelerden<\/strong> \u00fcretilmi\u015f <strong>ambalajlar\u0131n at\u0131klar\u0131n\u0131n<\/strong>, <strong>geri d\u00f6n\u00fc\u015f\u00fcmle<\/strong> de\u011ferlendirilmesi konusunda haz\u0131rlad\u0131\u011f\u0131 7 e\u011fitim videosunu, <strong>YouTube kanal\u0131nda<\/strong> yay\u0131nlad\u0131. Videolarda,<strong> geri d\u00f6n\u00fc\u015f\u00fcm s\u00fcre\u00e7leri<\/strong> konusunda bilgiler yer al\u0131yor.<\/p>\n<p><img loading=\"lazy\" class=\"alignright wp-image-153613\" src=\"https:\/\/www.enerjigazetesi.ist\/wp-content\/uploads\/2022\/04\/ambalaj-atiklarimizi-degere-donusturmek-elimizde-03.jpg\" alt=\"\" width=\"270\" height=\"350\" srcset=\"https:\/\/www.enerjigazetesi.ist\/wp-content\/uploads\/2022\/04\/ambalaj-atiklarimizi-degere-donusturmek-elimizde-03.jpg 550w, https:\/\/www.enerjigazetesi.ist\/wp-content\/uploads\/2022\/04\/ambalaj-atiklarimizi-degere-donusturmek-elimizde-03-232x300.jpg 232w, https:\/\/www.enerjigazetesi.ist\/wp-content\/uploads\/2022\/04\/ambalaj-atiklarimizi-degere-donusturmek-elimizde-03-309x400.jpg 309w, https:\/\/www.enerjigazetesi.ist\/wp-content\/uploads\/2022\/04\/ambalaj-atiklarimizi-degere-donusturmek-elimizde-03-39x50.jpg 39w, https:\/\/www.enerjigazetesi.ist\/wp-content\/uploads\/2022\/04\/ambalaj-atiklarimizi-degere-donusturmek-elimizde-03-500x647.jpg 500w\" sizes=\"(max-width: 270px) 100vw, 270px\" \/>\u00c7EVKO Vakf\u0131 E\u011fitim Videolar\u0131, vakf\u0131n YouTube kanal\u0131ndaki oynatma listesinden izlenebiliyor.<\/p>\n<h3><strong>At\u0131k De\u011fil, \u00c7evre ve Ekonomi \u0130\u00e7in De\u011fer<\/strong><\/h3>\n<p>Modern ya\u015fam\u0131n g\u00fcnl\u00fck ritmi i\u00e7erisinde, evlerimizde ve i\u015f yerlerimizde s\u00fcrekli ambalaj at\u0131\u011f\u0131 \u00fcretiyoruz. Cam kavanozlar, plastik i\u00e7ecek, yo\u011furt, deterjan, \u015fampuan kaplar\u0131, metal i\u00e7ecek kutular\u0131 ve ya\u011f tenekeleri; ka\u011f\u0131t-karton koliler, kutular, kompozit malzemeden yap\u0131lm\u0131\u015f s\u00fct ve meyve suyu kutular\u0131 ya da ah\u015fap ambalaj kasalar\u0131\u2026 T\u00fcm bunlar, bilin\u00e7sizce bak\u0131ld\u0131\u011f\u0131nda \u00e7\u00f6p olarak g\u00f6r\u00fcnse de asl\u0131nda bunlar\u0131n \u00e7evre, ekonomi ve toplumsal kalk\u0131nmaya katk\u0131 sa\u011flayacak kaynaklar olarak de\u011ferlenmesi m\u00fcmk\u00fcn. G\u00fcnl\u00fck ya\u015fam\u0131m\u0131zda kulland\u0131\u011f\u0131m\u0131z \u00fcr\u00fcnlerin ambalajlar\u0131, geri d\u00f6n\u00fc\u015f\u00fcm yolu ile hammadde olarak ekonomiye kazand\u0131r\u0131labiliyor; bu sayede hem kaynak tasarrufu hem de \u00e7evrenin korunmas\u0131 sa\u011flan\u0131yor.<\/p>\n<h3><strong>Geri D\u00f6n\u00fc\u015f\u00fcm Evlerimizde, \u0130\u015f Yerlerimizde Ba\u015flayan Bir S\u00fcre\u00e7<\/strong><\/h3>\n<p>\u00c7EVKO Vakf\u0131 Genel Sekreteri Mete \u0130mer, \u201cGeri d\u00f6n\u00fc\u015f\u00fcm, evlerimizde, i\u015f yerlerimizde ba\u015flayan bir s\u00fcre\u00e7. \u00a0At\u0131klar\u0131n hammadde olarak yeniden de\u011ferlendirilmesini sa\u011flamak, yani geri d\u00f6n\u00fc\u015f\u00fcm i\u00e7in at\u0131klar\u0131m\u0131z\u0131 ayr\u0131 olarak biriktirmek do\u011faya, gelece\u011fe ve \u00fclke ekonomisine kar\u015f\u0131 sorumluluklar\u0131m\u0131z aras\u0131nda yer al\u0131yor. De\u011ferlendirilebilir at\u0131klar\u0131m\u0131z\u0131 di\u011fer at\u0131klardan ayr\u0131 olarak, \u00f6rne\u011fin mutfak ve banyoda biriktirebiliriz. Biriktirirken ambalaj at\u0131klar\u0131n\u0131n kaba pisliklerini almak ve hacimlerini k\u00fc\u00e7\u00fcltmek toplaman\u0131n ve geri d\u00f6n\u00fc\u015f\u00fcm\u00fcn verimini artt\u0131racakt\u0131r. Biriktirdi\u011fimiz de\u011ferlendirilebilir at\u0131klar\u0131 mahallemizde olan mavi ambalaj at\u0131\u011f\u0131 kumbaralar\u0131na veya belediye g\u00f6revlilerine mavi at\u0131k torbalar\u0131 i\u00e7inde verebiliriz. Mahallemizde cam kumbaralar\u0131 varsa yaln\u0131zca cam \u015fi\u015fe ve kavanozlar\u0131 bunlara atmam\u0131z \u00f6nerilir. Belediyemiz de\u011ferlendirilebilir at\u0131klar\u0131 ayr\u0131 toplam\u0131yorsa, yani ikili toplama sistemine ge\u00e7mediyse, bu hizmeti ondan talep etmeliyiz \u00e7\u00fcnk\u00fc 2005\u2019ten beri belediyeler bu hizmeti vermekle y\u00fck\u00fcml\u00fcler,\u201d dedi.<\/p>\n<h3><strong>Geri D\u00f6n\u00fc\u015f\u00fcm K\u00fclt\u00fcr\u00fcn\u00fcn Destek\u00e7isi<\/strong><\/h3>\n<p>Toplumda geri d\u00f6n\u00fc\u015f\u00fcm k\u00fclt\u00fcr\u00fcn\u00fcn olu\u015fmas\u0131n\u0131n \u00f6nemine dikkat \u00e7eken Mete \u0130mer, \u201c\u00c7EVKO Vakf\u0131 kuruldu\u011fu g\u00fcnden beri, bireylerin e\u011fitim ve bilin\u00e7lendirilmesi amac\u0131yla, okullarda e\u011fiticilerin e\u011fitimi, evlerde ve i\u015f yerlerinde bilgilendirmeler, \u00f6zel yay\u0131nlar, \u00e7ocuk tiyatrosu etkinlikleri, medya yoluyla ileti\u015fim \u00e7al\u0131\u015fmalar\u0131 ger\u00e7ekle\u015ftiriyor. Haz\u0131rlad\u0131\u011f\u0131m\u0131z e\u011fitim videolar\u0131n\u0131n da geri d\u00f6n\u00fc\u015f\u00fcm k\u00fclt\u00fcr\u00fcn\u00fcn yayg\u0131nla\u015fmas\u0131na destek olaca\u011f\u0131na inan\u0131yoruz,\u201d \u015feklinde konu\u015ftu^.<\/p>\n<p><center><iframe loading=\"lazy\" title=\"YouTube video player\" src=\"https:\/\/www.youtube.com\/embed\/videoseries?list=PLULlBUyY5bb1zVR9yeyf3514UwQIDqqB2\" width=\"560\" height=\"315\" frameborder=\"0\" allowfullscreen=\"allowfullscreen\"><\/iframe><\/center>Ayr\u0131ca <a href=\"https:\/\/www.youtube.com\/user\/CEVKOVAKFI\" target=\"_blank\" rel=\"noopener\">https:\/\/www.youtube.com\/user\/CEVKOVAKFI<\/a> youtube adresi \u00fczerinden de e\u011fitim videolar\u0131n\u0131 izlemek m\u00fcmk\u00fcn.<\/p>","protected":false},"excerpt":{"rendered":"<p>Sorry, this entry is only available in Turkish. For the sake of viewer convenience, the content is shown below in the alternative language. You may click the link to switch the active language. \u00c7EVKO Vakf\u0131, geri d\u00f6n\u00fc\u015f\u00fcm k\u00fclt\u00fcr\u00fcn\u00fcn geli\u015fimine deste\u011fini s\u00fcrd\u00fcr\u00fcyor. T\u00fcrkiye\u2019de s\u00fcrd\u00fcr\u00fclebilir geri d\u00f6n\u00fc\u015f\u00fcm sisteminin \u00f6nc\u00fcs\u00fc olan \u00c7EVKO Vakf\u0131, haz\u0131rlad\u0131\u011f\u0131 7 e\u011fitici video ile, [&hellip;]<\/p>\n","protected":false},"author":1,"featured_media":153614,"comment_status":"open","ping_status":"open","sticky":false,"template":"","format":"standard","meta":[],"categories":[53],"tags":[102311,36987,102312,2529],"views":107,"_links":{"self":[{"href":"https:\/\/www.enerjigazetesi.ist\/en\/wp-json\/wp\/v2\/posts\/153611"}],"collection":[{"href":"https:\/\/www.enerjigazetesi.ist\/en\/wp-json\/wp\/v2\/posts"}],"about":[{"href":"https:\/\/www.enerjigazetesi.ist\/en\/wp-json\/wp\/v2\/types\/post"}],"author":[{"embeddable":true,"href":"https:\/\/www.enerjigazetesi.ist\/en\/wp-json\/wp\/v2\/users\/1"}],"replies":[{"embeddable":true,"href":"https:\/\/www.enerjigazetesi.ist\/en\/wp-json\/wp\/v2\/comments?post=153611"}],"version-history":[{"count":0,"href":"https:\/\/www.enerjigazetesi.ist\/en\/wp-json\/wp\/v2\/posts\/153611\/revisions"}],"wp:featuredmedia":[{"embeddable":true,"href":"https:\/\/www.enerjigazetesi.ist\/en\/wp-json\/wp\/v2\/media\/153614"}],"wp:attachment":[{"href":"https:\/\/www.enerjigazetesi.ist\/en\/wp-json\/wp\/v2\/media?parent=153611"}],"wp:term":[{"taxonomy":"category","embeddable":true,"href":"https:\/\/www.enerjigazetesi.ist\/en\/wp-json\/wp\/v2\/categories?post=153611"},{"taxonomy":"post_tag","embeddable":true,"href":"https:\/\/www.enerjigazetesi.ist\/en\/wp-json\/wp\/v2\/tags?post=153611"}],"curies":[{"name":"wp","href":"https:\/\/api.w.org\/{rel}","templated":true}]}}