{"id":153565,"date":"2022-04-03T19:39:11","date_gmt":"2022-04-03T16:39:11","guid":{"rendered":"https:\/\/www.enerjigazetesi.ist\/?p=153565"},"modified":"2022-04-03T20:14:19","modified_gmt":"2022-04-03T17:14:19","slug":"yonetim-kurulu-uyeligi-mentorluk-ve-gelistirme-programi-ilk-mezunlarini-verdi","status":"publish","type":"post","link":"https:\/\/www.enerjigazetesi.ist\/en\/yonetim-kurulu-uyeligi-mentorluk-ve-gelistirme-programi-ilk-mezunlarini-verdi\/","title":{"rendered":"(Turkish) Y\u00f6netim Kurulu \u00dcyeli\u011fi Mentorluk ve Geli\u015ftirme Program\u0131 Mezunlar\u0131n\u0131 Verdi"},"content":{"rendered":"<p class=\"qtranxs-available-languages-message qtranxs-available-languages-message-en\">Sorry, this entry is only available in <a href=\"https:\/\/www.enerjigazetesi.ist\/tr\/wp-json\/wp\/v2\/posts\/153565\" class=\"qtranxs-available-language-link qtranxs-available-language-link-tr\" title=\"Turkish\">Turkish<\/a>. For the sake of viewer convenience, the content is shown below in the alternative language. You may click the link to switch the active language.<\/p><p><\/p>\n<h2 style=\"margin: 0cm 0cm 0.0001pt; vertical-align: baseline; text-align: left;\" align=\"center\"><b><span style=\"color: black; background: white;\">T\u00fcrkiye Kurumsal Y\u00f6netim Derne\u011fi\u2019nin (TKYD)<\/span><span style=\"color: #1c2b28;\"> MY Executive i\u015f birli\u011fi ve Galatasaray \u00dcniversitesi deste\u011fi ile hayata ge\u00e7irdi\u011fi; i\u015f d\u00fcnyas\u0131n\u0131n, akademisyenlerin, sivil toplum kurulu\u015flar\u0131n\u0131n ve medyan\u0131n \u00f6nde gelen isimlerinin kat\u0131l\u0131mlar\u0131yla ger\u00e7ekle\u015ftirilen Y\u00f6netim Kurulu \u00dcyeli\u011fi\u00a0Mentorluk\u00a0ve Geli\u015ftirme Program\u0131 Aral\u0131k\u201921 D\u00f6nemi tamamland\u0131. Program\u0131n Kapan\u0131\u015f T\u00f6reni\u2019 31 Mart 2022 Per\u015fembe g\u00fcn\u00fc Galatasaray \u00dcniversitesi\u2019nde ger\u00e7ekle\u015ftirildi.<\/span><\/b><\/h2>\n<p style=\"text-align: center;\"><img loading=\"lazy\" class=\"aligncenter size-full wp-image-153567\" src=\"https:\/\/www.enerjigazetesi.ist\/wp-content\/uploads\/2022\/04\/yonetim-kurulu-uyeligi-mentorluk-ve-gelistirme-programi-ilk-mezunlarini-verdi.jpg\" alt=\"\" width=\"550\" height=\"272\" srcset=\"https:\/\/www.enerjigazetesi.ist\/wp-content\/uploads\/2022\/04\/yonetim-kurulu-uyeligi-mentorluk-ve-gelistirme-programi-ilk-mezunlarini-verdi.jpg 550w, https:\/\/www.enerjigazetesi.ist\/wp-content\/uploads\/2022\/04\/yonetim-kurulu-uyeligi-mentorluk-ve-gelistirme-programi-ilk-mezunlarini-verdi-300x148.jpg 300w, https:\/\/www.enerjigazetesi.ist\/wp-content\/uploads\/2022\/04\/yonetim-kurulu-uyeligi-mentorluk-ve-gelistirme-programi-ilk-mezunlarini-verdi-500x247.jpg 500w, https:\/\/www.enerjigazetesi.ist\/wp-content\/uploads\/2022\/04\/yonetim-kurulu-uyeligi-mentorluk-ve-gelistirme-programi-ilk-mezunlarini-verdi-80x40.jpg 80w\" sizes=\"(max-width: 550px) 100vw, 550px\" \/><\/p>\n<p>Kurumsal y\u00f6netim anlay\u0131\u015f\u0131n\u0131n T\u00fcrkiye\u2019de <strong>tan\u0131nmas\u0131, geli\u015fmesi<\/strong> ve <strong>en iyi uygulamalar\u0131yla hayata ge\u00e7irilmesi<\/strong> amac\u0131yla faaliyetlerini s\u00fcrd\u00fcren <strong>T\u00fcrkiye Kurumsal Y\u00f6netim Derne\u011fi (TKYD)\u2019<\/strong>nin <strong>MY Executive<\/strong> i\u015f birli\u011fi ve <strong>Galatasaray \u00dcniversitesi<\/strong> deste\u011fi ile hayata ge\u00e7irdi\u011fi <strong>\u2018Y\u00f6netim Kurulu \u00dcyeli\u011fi Mentorluk ve Geli\u015ftirme Program\u0131<\/strong>\u2019n\u0131n <strong>Aral\u0131k\u201921 D\u00f6nemi\u2019nin<\/strong> <strong>Kapan\u0131\u015f T\u00f6reni 31 Mart 2022 Per\u015fembe<\/strong> g\u00fcn\u00fc Galatasaray \u00dcniversitesi\u2019nde ger\u00e7ekle\u015ftirildi. Y\u00f6netim kurulu \u00fcyelerinin, ba\u011f\u0131ms\u0131z \u00fcyelerin ve \u00fcye adaylar\u0131n\u0131n desteklenmesi, g\u00fc\u00e7lendirilmesi ve kurumlara sa\u011flad\u0131klar\u0131 katma de\u011ferin art\u0131r\u0131lmas\u0131n\u0131 hedefleyen program; E\u011fitimler, <strong>Tecr\u00fcbe Payla\u015f\u0131m\u0131 Webinar\u2019lar\u0131, Mentor-Menti G\u00f6r\u00fc\u015fmeleri<\/strong> ve <strong>iki Y\u00f6netim Kurulu Sim\u00fclasyonu<\/strong> olmak \u00fczere toplam<strong> 4 b\u00f6l\u00fcmden<\/strong> olu\u015ftu.<\/p>\n<p>Kapan\u0131\u015f T\u00f6reni\u2019nde\u00a0<strong>D\u00fcnya Gazetesi Y\u00f6netim Kurulu Ba\u015fkan\u0131<\/strong> <strong>Hakan G\u00fclda\u011f<\/strong>\u2019\u0131n moderat\u00f6rl\u00fc\u011f\u00fcnde d\u00fczenlenen panelde\u00a0<strong>Bayaz\u0131t Y\u00f6netim Dan\u0131\u015fmanl\u0131k Hizmetleri Kurucu Orta\u011f\u0131<\/strong> <strong>Tayfun Bayaz\u0131t,<\/strong><strong>\u00a0<\/strong><strong>ve\u00a0<\/strong><strong>Management Center T\u00fcrkiye (MCT) CEO\u2019su<\/strong><strong>\u00a0<\/strong><strong>Tanyer S\u00f6nmezer, Kurumsal Y\u00f6netim, Kriz Y\u00f6netimi ve \u0130\u015f D\u00fcnyas\u0131 hakk\u0131nda g\u00f6r\u00fc\u015flerini payla\u015ft\u0131.\u00a0<\/strong>Program <strong>31 Mart 2022<\/strong> tarihinde ayn\u0131 zamanda ilk mezunlar\u0131n\u0131 da verdi. Program kat\u0131l\u0131mc\u0131lar\u0131, d\u00fczenlenen t\u00f6ren ile <strong>Galatasaray \u00dcniversitesi S\u00fcrekli E\u011fitim Uygulama ve Ara\u015ft\u0131rma Merkezi<\/strong> taraf\u0131ndan verilen <strong>program sertifikalar\u0131n\u0131<\/strong> ald\u0131.<\/p>\n<h3><strong>Dr. Tamer Saka: \u2018Y\u00f6netim Kurullar\u0131n\u0131 G\u00fc\u00e7lendirmeyi Hedefliyoruz\u2019<\/strong><\/h3>\n<p><strong>\u2018Y\u00f6netim Kurulu \u00dcyeli\u011fi Mentorluk ve Geli\u015ftirme Program\u0131\u2019n\u0131n<\/strong> kapan\u0131\u015f t\u00f6reninde konu\u015fan\u00a0<strong>TKYD Y\u00f6netim Kurulu Ba\u015fkan\u0131 Dr. Tamer Saka<\/strong>;\u00a0bug\u00fcn<strong>\u00a0<\/strong>kapan\u0131\u015f\u0131n\u0131 yapt\u0131klar\u0131 <strong>16 haftal\u0131k program<\/strong> s\u00fcresince, y\u00f6netim kurullar\u0131n\u0131n daha <strong>etkili<\/strong> ve <strong>verimli \u00e7al\u0131\u015fmas\u0131<\/strong>\u00a0i\u00e7in dikkat edilmesi gereken konular\u0131n, <strong>\u00f6rnekler vakalar<\/strong> ve <strong>ya\u015fanm\u0131\u015f tecr\u00fcbeler<\/strong> \u00fczerinden kat\u0131l\u0131mc\u0131lara aktar\u0131ld\u0131\u011f\u0131n\u0131 s\u00f6yledi. D\u00fczenli olarak <strong>ger\u00e7ekle\u015ftirilen webinarlarda<\/strong> pandemi sonras\u0131ndaki d\u00f6nemde y\u00f6netim kurullar\u0131n\u0131n kar\u015f\u0131s\u0131na \u00e7\u0131kacak farkl\u0131 konular\u0131 detaylar\u0131yla ele ald\u0131klar\u0131n\u0131 belirten <strong>Saka,<\/strong> <em>\u201c<strong>Y\u00f6netim kurullar\u0131n\u0131 g\u00fc\u00e7lendirmeyi<\/strong> ve onlar\u0131n <strong>yeni normale haz\u0131r hale gelmelerine katk\u0131<\/strong> sa\u011flamay\u0131 hedefledi\u011fimiz Program\u0131n ilk mezunlar\u0131n\u0131 vermi\u015f olman\u0131n sevincini ya\u015f\u0131yoruz. <strong>Galatasaray \u00dcniversitesi S\u00fcrekli E\u011fitim Uygulama ve Ara\u015ft\u0131rma Merkezi<\/strong> deste\u011finde fiziki olarak <strong>ger\u00e7ekle\u015ftirdi\u011fimiz sim\u00fclasyonlar<\/strong> ile kat\u0131l\u0131mc\u0131lar\u0131m\u0131z\u0131n <strong>networklerinin g\u00fc\u00e7lenmesine de<\/strong> katk\u0131 sa\u011flam\u0131\u015f olduk. Ger\u00e7ek bir y\u00f6netim kurulu deneyimi kazand\u0131ran bu sim\u00fclasyonlar, \u00f6nceden haz\u0131rlanm\u0131\u015f senaryolar \u00e7er\u00e7evesinde uyguland\u0131. Ben bu noktada deneyim ve birikimlerini kat\u0131l\u0131mc\u0131lar\u0131m\u0131zla payla\u015fan de\u011ferli dostlar\u0131m\u0131za tekrar te\u015fekk\u00fcr etmek istiyorum\u201d<\/em> dedi.<\/p>\n<h3><strong>M\u00fcge Yal\u00e7\u0131n: \u2018G\u00fc\u00e7l\u00fc y\u00f6netim kurullar\u0131, g\u00fc\u00e7l\u00fc bir \u00fclke ekonomisi anlam\u0131na geliyor\u2019<\/strong><\/h3>\n<p><strong>MY Executive Kurucu Orta\u011f\u0131\u00a0<\/strong><strong>M\u00fcge Yal\u00e7\u0131n\u00a0<\/strong>da kapan\u0131\u015fta yapt\u0131\u011f\u0131 konu\u015fmada, 2010 y\u0131l\u0131ndan bu yana, \u015firketlerde do\u011fru y\u00f6netim kurullar\u0131n\u0131n olu\u015fturulmas\u0131 i\u00e7in \u00e7al\u0131\u015ft\u0131klar\u0131n\u0131 belirterek,<strong> hayata ge\u00e7irdikleri projelerin<\/strong> yan\u0131 s\u0131ra <strong>sosyal sorumluluk<\/strong> anlay\u0131\u015f\u0131yla da bir\u00e7ok sivil toplum kurulu\u015funa destek verdiklerini anlatt\u0131. <em>\u201c<strong>Y\u00f6netim Kurulu \u00dcyeli\u011fi Mentorluk ve Geli\u015ftirme Program\u0131<\/strong>, bu anlay\u0131\u015fla uzun y\u0131llard\u0131r kurdu\u011fum bir hayaldi. Bug\u00fcn ger\u00e7ek olan bu hayalimin temelinde; \u015firketlerde y\u00f6netim kurulu yap\u0131s\u0131n\u0131n, <strong>s\u00fcrd\u00fcr\u00fclebilir ba\u015far\u0131n\u0131n<\/strong> <strong>anahtar\u0131<\/strong> oldu\u011fu ger\u00e7e\u011fi yer al\u0131yor\u201d<\/em> diye konu\u015fan Yal\u00e7\u0131n <span style=\"text-decoration: underline;\">\u015funlar\u0131 s\u00f6yledi:<\/span><\/p>\n<p><em>\u201c<strong>G\u00fc\u00e7l\u00fc y\u00f6netim kurullar\u0131, g\u00fc\u00e7l\u00fc \u015firketler<\/strong> ve<strong> g\u00fc\u00e7l\u00fc \u015firketler <\/strong>de<strong> g\u00fc\u00e7l\u00fc bir \u00fclke ekonomisi<\/strong> anlam\u0131na geliyor. Haz\u0131rlad\u0131\u011f\u0131m\u0131z bu program da tam olarak bu amaca hizmet ediyor. Toplam<strong> 16 hafta s\u00fcren<\/strong> program\u0131m\u0131z\u0131 tamamlayan kat\u0131l\u0131mc\u0131lar\u0131m\u0131z\u0131n, edindikleri bilgi, tecr\u00fcbe ve en \u00f6nemlisi de bir par\u00e7as\u0131 haline geldikleri <strong>MYBoardMember<\/strong> network\u00fc sayesinde, hali haz\u0131rda \u00fcstlendikleri ya da bundan sonra \u00fcstlenecekleri y\u00f6netim kurulu \u00fcyelikleriyle, \u015firketlerin geleceklerin y\u00f6ne vereceklerine inan\u0131yorum. Onlar\u0131n sa\u011flad\u0131klar\u0131 katk\u0131larla g\u00fc\u00e7lendirdikleri her y\u00f6netim kurulu sonu\u00e7 olarak \u00fclke ekonomimizi daha da y\u00fckseltecek. Bu nedenlerle, program\u0131m\u0131za destek veren t\u00fcm i\u015f liderlerine, profesyonel y\u00f6neticilere ve ekonomi bas\u0131n\u0131n k\u0131ymetli temsilcilerine tekrar te\u015fekk\u00fcr ediyor, kat\u0131l\u0131mc\u0131lar\u0131m\u0131za da ba\u015far\u0131lar diliyorum.\u201d<\/em><\/p>\n<h3><strong>\u2018\u015eirketlerin S\u00fcrd\u00fcr\u00fclebilir Ba\u015far\u0131y\u0131 Yakalamas\u0131 Kurumsal Y\u00f6netim ile M\u00fcmk\u00fcn\u2019<\/strong><\/h3>\n<p><strong>Galatasaray \u00dcniversitesi Rekt\u00f6r\u00fc Ertu\u011frul Kasrak\u00a0<\/strong>ise t\u00f6rende yapt\u0131\u011f\u0131 konu\u015fmada,<strong>\u00a0TKYD<\/strong>, <strong>MY Executive<\/strong> ve <strong>Galatasaray \u00dcniversitesi \u0130ktisadi ve \u0130dari Bilimler Fak\u00fcltesi<\/strong> i\u015f birli\u011fiyle d\u00fczenlenen \u2018<strong>Y\u00f6netim Kurulu \u00dcyeli\u011fi Mentorluk ve Geli\u015ftirme Program\u0131\u2019n\u0131n,<\/strong> y\u00f6netim kurulu \u00fcyelerinin daha g\u00fc\u00e7l\u00fc bir donan\u0131ma sahip olmalar\u0131n\u0131 sa\u011flayarak, \u015firketlerin etkili ve verimli y\u00f6netimine katk\u0131 sunmay\u0131 ama\u00e7lad\u0131\u011f\u0131n\u0131 ifade etti. <strong>Prof. Kasrak,<\/strong> <span style=\"text-decoration: underline;\">\u015funlar\u0131 s\u00f6yledi:<\/span><\/p>\n<p><em>&#8220;<strong>De\u011fi\u015fim<\/strong> ve <strong>d\u00f6n\u00fc\u015f\u00fcmlerin h\u0131zla ya\u015fand\u0131\u011f\u0131<\/strong> rekabet\u00e7i k\u00fcresel piyasalarda \u015firketlerin s\u00fcrd\u00fcr\u00fclebilir ba\u015far\u0131y\u0131 yakalamas\u0131, karar s\u00fcre\u00e7lerinde kurumsal y\u00f6netim<strong> ilke<\/strong> ve<strong> y\u00f6ntemlerinin<\/strong> uygulanmas\u0131 ile m\u00fcmk\u00fcn olabilir. Bu do\u011frultuda, kurumsal y\u00f6netimin temel kavramlar\u0131n\u0131n yan\u0131 s\u0131ra g\u00fcncel <strong>konu ba\u015fl\u0131klar\u0131<\/strong> ve <strong>iyi uygulama \u00f6rnekleri<\/strong> de g\u00f6z \u00f6n\u00fcnde bulundurularak titizlikle haz\u0131rlanm\u0131\u015f olan program, <strong>y\u00f6netim kurullar\u0131n\u0131n<\/strong> ve <strong>dolay\u0131s\u0131yla \u015firketlerin<\/strong> daha da g\u00fc\u00e7lenmesini sa\u011flayacakt\u0131r. Program\u0131n organizasyonunda eme\u011fi ge\u00e7enler ile <strong>e\u011fitmenlere, birikim<\/strong> ve <strong>deneyimlerini<\/strong> payla\u015fan de\u011ferli konu\u015fmac\u0131lara te\u015fekk\u00fcrlerimi sunuyor; program\u0131n t\u00fcm kat\u0131l\u0131mc\u0131lar i\u00e7in yararl\u0131 ve verimli ge\u00e7mi\u015f olmas\u0131n\u0131 diliyorum.&#8221;<\/em><\/p>\n<h3><strong>Verdi\u011fimiz E\u011fitimler; \u00dcniversite, Sivil Toplum ve \u0130\u015f D\u00fcnyas\u0131 \u0130\u015fbirli\u011finin \u0130yi Bir Uygulamas\u0131<\/strong><\/h3>\n<p>Kapan\u0131\u015f T\u00f6reni\u2019nde konu\u015fan<strong>\u00a0Galatasaray \u00dcniversitesi \u0130ktisadi ve \u0130dari Bilimler Fak\u00fcltesi Dekan\u0131 Prof. Dr. Volkan Demir,<\/strong> <em>Y\u00f6netim Kurulu \u00dcyeli\u011fi Mentorluk ve Geli\u015ftirme Program\u0131<\/em> dahilinde <em>Galatasaray \u00dcniversitesi Kurumsal Y\u00f6netim, Denetim ve Uyum \u00c7al\u0131\u015fmalar\u0131 Uygulama ve Ara\u015ft\u0131rma Merkezi (GSUKUYDEM)<\/em> olarak <em>S\u00fcrekli E\u011fitim Merkezi (GSUSEM)<\/em> kapsam\u0131nda iki farkl\u0131 <em>Y\u00f6netim Kurulu Sim\u00fclasyonunun<\/em> ger\u00e7ekle\u015ftirildi\u011fini bildirdi. <strong>Prof. Demir,\u00a0<\/strong><span style=\"text-decoration: underline;\">\u015f\u00f6yle konu\u015ftu:<\/span><\/p>\n<p><em>\u201cVakalar i\u00e7erisinde aktif kat\u0131l\u0131mlar\u0131 ile sim\u00fclasyonlar\u0131m\u0131za <strong>zenginlik katan, tart\u0131\u015fmalar a\u00e7an kat\u0131l\u0131mc\u0131lar\u0131m\u0131z\u0131<\/strong> kutlar\u0131m. Bu sim\u00fclasyonlar\u0131n ilkinde vaka \u00fczerinde<strong> finansal tablolar<\/strong> ve <strong>nakit ak\u0131\u015f\u0131, yat\u0131r\u0131m<\/strong> ve<strong> strateji<\/strong> ba\u015fl\u0131klar\u0131n\u0131n \u00f6ne \u00e7\u0131kt\u0131\u011f\u0131 <strong>y\u00f6netim kurulu toplant\u0131s\u0131n\u0131<\/strong> ger\u00e7ekle\u015ftirdik. 2&#8217;incisinde ise y\u00f6netim kurulunun acil olarak <strong>kriz g\u00fcndemiyle<\/strong> toplanmas\u0131 vakas\u0131n\u0131 irdeledik. Bu toplant\u0131 sim\u00fclasyonlar\u0131nda y\u00f6netim kurullar\u0131m\u0131za ba\u015fkanl\u0131k eden, deneyim ve bilgilerini vakalar i\u00e7erisinde kat\u0131l\u0131mc\u0131lar ile payla\u015fan <strong>i\u015f insanlar\u0131m\u0131za<\/strong> te\u015fekk\u00fcrlerimizi sunar\u0131m. <strong>\u00dcniversite, Sivil Toplum ve \u0130\u015f D\u00fcnyas\u0131<\/strong> i\u015f birli\u011finin iyi bir uygulamas\u0131 oldu\u011funa inand\u0131\u011f\u0131m\u0131z bu e\u011fitimlerin iyi y\u00f6neti\u015fimin toplumun her alan\u0131na yay\u0131lmas\u0131na, kat\u0131l\u0131mc\u0131lara ve \u015firketlerimize b\u00fcy\u00fck fayda sa\u011flayaca\u011f\u0131na inan\u0131yoruz.\u201d<\/em><\/p>\n<h3><em><strong>Y\u00f6netim kurulu \u00fcyeleri ve \u00fcst d\u00fczey y\u00f6neticiler kat\u0131labiliyor<\/strong><\/em><\/h3>\n<p><em>Toplam <strong>16 hafta s\u00fcren<\/strong> programda y\u00f6netim kurulu sim\u00fclasyonlar\u0131, Galatasaray \u00dcniversitesi S\u00fcrekli E\u011fitim Uygulama ve Ara\u015ft\u0131rma Merkezi deste\u011fi ile ger\u00e7ekle\u015ftiriliyor ve kat\u0131l\u0131mc\u0131lara program kat\u0131l\u0131m sertifikas\u0131 veriliyor.\u00a0<\/em><em><strong>TKYD<\/strong><\/em><em>\u00a0ve\u00a0<strong>MY Executive<\/strong>\u00a0taraf\u0131ndan haz\u0131rlanan programa; halihaz\u0131rda y\u00f6netim kurulu \u00fcyesi olanlar, aile \u015firketlerinde y\u00f6netime kat\u0131lan ya da kat\u0131lmaya haz\u0131rlanan<strong> yeni nesil aile \u00fcyeleri, ba\u011f\u0131ms\u0131z y\u00f6netim kurulu \u00fcyeli\u011fi<\/strong>ne aday <strong>C Level y\u00f6neticiler<\/strong> ve <strong>y\u00f6netim dan\u0131\u015fmanlar\u0131<\/strong> kat\u0131labiliyor.<\/em><\/p>\n<p><em>Y\u00f6netim Kurulu \u00dcyeli\u011fi ve Mentorluk ve Geli\u015ftirme Program\u0131\u2019na <\/em><a href=\"https:\/\/www.myboardmember.com.tr\/#ftr-forms\"><em>https:\/\/www.myboardmember.com.tr\/#ftr-forms<\/em><\/a><em> adresi \u00fczerinden ba\u015fvurabilmek m\u00fcmk\u00fcn.<\/em><\/p>","protected":false},"excerpt":{"rendered":"<p>Sorry, this entry is only available in Turkish. For the sake of viewer convenience, the content is shown below in the alternative language. You may click the link to switch the active language. T\u00fcrkiye Kurumsal Y\u00f6netim Derne\u011fi\u2019nin (TKYD) MY Executive i\u015f birli\u011fi ve Galatasaray \u00dcniversitesi deste\u011fi ile hayata ge\u00e7irdi\u011fi; i\u015f d\u00fcnyas\u0131n\u0131n, akademisyenlerin, sivil toplum kurulu\u015flar\u0131n\u0131n [&hellip;]<\/p>\n","protected":false},"author":1,"featured_media":153575,"comment_status":"open","ping_status":"open","sticky":false,"template":"","format":"standard","meta":[],"categories":[53],"tags":[43433,45949,102296,100728,100729,73480],"views":98,"_links":{"self":[{"href":"https:\/\/www.enerjigazetesi.ist\/en\/wp-json\/wp\/v2\/posts\/153565"}],"collection":[{"href":"https:\/\/www.enerjigazetesi.ist\/en\/wp-json\/wp\/v2\/posts"}],"about":[{"href":"https:\/\/www.enerjigazetesi.ist\/en\/wp-json\/wp\/v2\/types\/post"}],"author":[{"embeddable":true,"href":"https:\/\/www.enerjigazetesi.ist\/en\/wp-json\/wp\/v2\/users\/1"}],"replies":[{"embeddable":true,"href":"https:\/\/www.enerjigazetesi.ist\/en\/wp-json\/wp\/v2\/comments?post=153565"}],"version-history":[{"count":0,"href":"https:\/\/www.enerjigazetesi.ist\/en\/wp-json\/wp\/v2\/posts\/153565\/revisions"}],"wp:featuredmedia":[{"embeddable":true,"href":"https:\/\/www.enerjigazetesi.ist\/en\/wp-json\/wp\/v2\/media\/153575"}],"wp:attachment":[{"href":"https:\/\/www.enerjigazetesi.ist\/en\/wp-json\/wp\/v2\/media?parent=153565"}],"wp:term":[{"taxonomy":"category","embeddable":true,"href":"https:\/\/www.enerjigazetesi.ist\/en\/wp-json\/wp\/v2\/categories?post=153565"},{"taxonomy":"post_tag","embeddable":true,"href":"https:\/\/www.enerjigazetesi.ist\/en\/wp-json\/wp\/v2\/tags?post=153565"}],"curies":[{"name":"wp","href":"https:\/\/api.w.org\/{rel}","templated":true}]}}