{"id":153376,"date":"2022-03-31T12:52:01","date_gmt":"2022-03-31T09:52:01","guid":{"rendered":"https:\/\/www.enerjigazetesi.ist\/?p=153376"},"modified":"2022-03-31T12:52:01","modified_gmt":"2022-03-31T09:52:01","slug":"arter-in-doga-fikrine-odaklanan-grup-sergisi-locus-solus-ziyarete-acildi","status":"publish","type":"post","link":"https:\/\/www.enerjigazetesi.ist\/en\/arter-in-doga-fikrine-odaklanan-grup-sergisi-locus-solus-ziyarete-acildi\/","title":{"rendered":"(Turkish) &#8217;Arter&#8217;\u0131n Do\u011fa Fikrine Odaklanan Grup Sergisi &#8216;Locus Solus&#8217; Ziyarete A\u00e7\u0131ld\u0131"},"content":{"rendered":"<p class=\"qtranxs-available-languages-message qtranxs-available-languages-message-en\">Sorry, this entry is only available in <a href=\"https:\/\/www.enerjigazetesi.ist\/tr\/wp-json\/wp\/v2\/posts\/153376\" class=\"qtranxs-available-language-link qtranxs-available-language-link-tr\" title=\"Turkish\">Turkish<\/a>. For the sake of viewer convenience, the content is shown below in the alternative language. You may click the link to switch the active language.<\/p><p><\/p>\n<h2><strong>Arter\u2019in <em>Locus Solus<\/em> ba\u015fl\u0131kl\u0131 yeni grup sergisi, merkezine ald\u0131\u011f\u0131 do\u011fa fikrini olgular, kurgular ve duygular perspektifinden irdelemeyi ama\u00e7l\u0131yor. K\u00fcrat\u00f6rl\u00fc\u011f\u00fcn\u00fc Selen Ansen\u2019in \u00fcstlendi\u011fi <\/strong><strong><em>Locus Solus<\/em><\/strong><strong>, Arter Koleksiyonu\u2019ndan se\u00e7ilen yap\u0131tlarla, bu sergi i\u00e7in \u00fcretilmi\u015f i\u015flerin de aralar\u0131nda yer ald\u0131\u011f\u0131 mekana \u00f6zg\u00fc b\u00fcy\u00fck \u00f6l\u00e7ekli \u00fcretimleri bir araya getiriyor.<\/strong><\/h2>\n<p><strong>Do\u011fa<\/strong> ile<strong> k\u00fclt\u00fcr\u00fcn<\/strong> birbirlerine n\u00fcfuz etme ve birbirlerini etkileme bi\u00e7imleriyle ilgilenen <strong><em>Locus Solus<\/em> <\/strong>ba\u015fl\u0131kl\u0131 grup sergisi, ayn\u0131 zamanda<strong> organik s\u00fcre\u00e7ler<\/strong> ve <strong>do\u011fal ortamlarla<\/strong> insan eylemlili\u011fi ve insan elinden \u00e7\u0131kma yap\u0131lar aras\u0131ndaki kesi\u015fim alanlar\u0131n\u0131 inceliyor. Sergide ili\u015fkisel bir kavram olarak ele al\u0131nan<strong> \u201cdo\u011fa\u201d<\/strong>, <strong>yerler<\/strong> ile <strong>insan<\/strong> ve <strong>insan-olmayan varl\u0131klar<\/strong> aras\u0131ndaki geni\u015f ba\u011flant\u0131lar a\u011f\u0131 \u00fczerine yeniden d\u00fc\u015f\u00fcnme imk\u00e2n\u0131 tan\u0131yor. Ortak anlat\u0131lar\u0131n, <strong>rit\u00fcellerin, kolektif bilin\u00e7d\u0131\u015f\u0131n\u0131n<\/strong> ve <strong>bireysel <img loading=\"lazy\" class=\"alignright wp-image-153379\" src=\"https:\/\/www.enerjigazetesi.ist\/wp-content\/uploads\/2022\/03\/arter-in-doga-fikrine-odaklanan-grup-sergisi-locus-solus-ziyarete-acildi.jpg\" alt=\"\" width=\"320\" height=\"224\" srcset=\"https:\/\/www.enerjigazetesi.ist\/wp-content\/uploads\/2022\/03\/arter-in-doga-fikrine-odaklanan-grup-sergisi-locus-solus-ziyarete-acildi.jpg 401w, https:\/\/www.enerjigazetesi.ist\/wp-content\/uploads\/2022\/03\/arter-in-doga-fikrine-odaklanan-grup-sergisi-locus-solus-ziyarete-acildi-300x210.jpg 300w, https:\/\/www.enerjigazetesi.ist\/wp-content\/uploads\/2022\/03\/arter-in-doga-fikrine-odaklanan-grup-sergisi-locus-solus-ziyarete-acildi-71x50.jpg 71w\" sizes=\"(max-width: 320px) 100vw, 320px\" \/>deneyimlerin \u015fekillendirdi\u011fi<\/strong> \u00e7ok katmanl\u0131 bir in\u015fa olan bu <strong>do\u011fa fikri<\/strong>, ayn\u0131 zamanda <strong>insani korkular\u0131<\/strong> ve <strong>arzular\u0131 da<\/strong> yans\u0131t\u0131yor.<\/p>\n<p><strong>Arter<\/strong>\u2019in 3. ve 4. kat galerilerine yay\u0131lan sergideki her bir yap\u0131t, <strong>do\u011fal olanla yapay olan\u0131n<\/strong> bir arada varl\u0131klar\u0131n\u0131 s\u00fcrd\u00fcrmekle yetinmeyip ayn\u0131 zamanda<strong> i\u00e7 i\u00e7e ge\u00e7ip \u00e7arp\u0131\u015ft\u0131klar\u0131<\/strong> ba\u015fl\u0131 ba\u015f\u0131na bir d\u00fcnya sunuyor. Sergide yer alan yap\u0131tlar, genel olarak <strong>\u201cdo\u011fa\u201d<\/strong> ad\u0131 alt\u0131nda i\u015faret etti\u011fimiz yerler, <strong>varl\u0131klar<\/strong> ve <strong>s\u00fcre\u00e7lerle<\/strong> kurdu\u011fumuz \u00e7eli\u015fkili ili\u015fkiyi a\u00e7\u0131\u011fa \u00e7\u0131kar\u0131yor.<\/p>\n<p><strong><em>Locus Solus<\/em><\/strong> <strong>maden, bitki, hayvan<\/strong> ve<strong> insan varolu\u015flar\u0131<\/strong> aras\u0131ndaki kar\u015f\u0131l\u0131kl\u0131 ili\u015fkileri, bu varolu\u015flar\u0131n birbirlerine aidiyetlerini ve n\u00fcfuz etme bi\u00e7imlerini tekrar d\u00fc\u015f\u00fcnmeyi ama\u00e7l\u0131yor.\u00a0Her biri kendi ba\u015f\u0131na bir d\u00fcnya olu\u015fturan yap\u0131tlar bir araya gelerek, <strong>do\u011fay\u0131 mitolojilerin, kolektif inan\u00e7<\/strong> ve <strong>rit\u00fcellerin, bireysel hik\u00e2ye<\/strong> ve <strong>deneyimlerin, toplumsal korkular\u0131n<\/strong> ve<strong> arzular\u0131n besledi\u011fi<\/strong> ve bi\u00e7imlendirdi\u011fi, k\u00fclt\u00fcrel ve tarihsel bir yap\u0131 olarak d\u00fc\u015f\u00fcnmeyi \u00f6neren bir deneyim sunuyor. <strong>Do\u011fa<\/strong> ile <strong>k\u00fclt\u00fcr\u00fcn<\/strong> birbirini i\u00e7eren ayr\u0131lmazl\u0131klar\u0131n\u0131 vurgulayan yap\u0131tlar, tarih boyunca olu\u015fturulmu\u015f yerle\u015fik kategorilerden kopmay\u0131 arzularken bir yandan da k\u00f6kleri derinlere uzanan bu ikiliklere \u0131\u015f\u0131k tutuyor. <strong><em>Locus Solus<\/em><\/strong> her \u015feyden \u00f6nce, do\u011fan\u0131n bizim d\u0131\u015f\u0131m\u0131zda var olan, geli\u015fen ve yok olan \u015feylerin ve varl\u0131klar\u0131n bir katalo\u011fundan ibaret olmad\u0131\u011f\u0131n\u0131n fark\u0131ndal\u0131\u011f\u0131 ve <strong>do\u011fan\u0131n <em>do\u011fall\u0131\u011f\u0131n\u0131n<\/em><\/strong> art\u0131k verili say\u0131lamayaca\u011f\u0131 kanaati \u00fczerine temelleniyor.<\/p>\n<p>Hem bir yer hem de bir yolculuk olarak kurgulanan <strong><em>Locus Solus<\/em><\/strong>, Latincede<strong> \u201cyaln\u0131z yer\u201d<\/strong> veya <strong>\u201cbiricik yer\u201d<\/strong> anlamlar\u0131na gelen ba\u015fl\u0131\u011f\u0131n\u0131 <strong>Raymond Roussel<\/strong>\u2019in ayn\u0131 adl\u0131 roman\u0131ndan \u00f6d\u00fcn\u00e7 al\u0131yor. <strong><em>Locus Solus<\/em><\/strong> ba\u015fl\u0131\u011f\u0131, Roussel\u2019in roman\u0131ndaki teatral evrene at\u0131fta bulunarak serginin mek\u00e2nsal vurgusunu a\u00e7\u0131\u011fa \u00e7\u0131kar\u0131rken, bir yandan da imgelerin ve sembollerin fiziki s\u0131n\u0131rlar\u0131n \u00f6tesine yolculuk edebildi\u011fi bir yere a\u00e7\u0131l\u0131yor.<\/p>\n<p><strong>Arter<\/strong> Pazartesi hari\u00e7 her g\u00fcn a\u00e7\u0131k. Kurumsal Sponsor T\u00fcpra\u015f\u2019\u0131n de\u011ferli deste\u011fiyle, t\u00fcm sergilere giri\u015f 24 ya\u015f alt\u0131 izleyiciler i\u00e7in her g\u00fcn; Per\u015fembe g\u00fcnleri ise her ya\u015ftan izleyici i\u00e7in \u00fccretsiz. <strong>Arter Beraber<\/strong> \u00fcyeleri ise sergileri y\u0131l boyunca \u00fccretsiz ziyaret etmenin yan\u0131 s\u0131ra farkl\u0131 ayr\u0131cal\u0131klardan faydalan\u0131yor. <strong>Arter<\/strong> binas\u0131n\u0131n <strong>K\u00fct\u00fcphane<\/strong>, <strong>Kitabevi<\/strong>, <strong>Bistro by Divan<\/strong>, arka bahc\u0327e alanlar\u0131na ve Galeri 0\u2019da yer alan sergiye giri\u015f i\u00e7in bilet gerekmiyor. Ula\u015f\u0131m Sponsorlar\u0131 Ford Otosan ve Otokar\u2019\u0131n deste\u011fi sayesinde <strong>Taksim<\/strong>\u2019den ve <strong>Tepeba\u015f\u0131<\/strong>\u2019ndan <strong>\u00fccretsiz servis ara\u00e7lar\u0131<\/strong>yla <strong>Arter<\/strong>\u2019e ula\u015f\u0131labiliyor.<\/p>\n<p><strong><u>Sergide Yer Alan Sanat\u00e7\u0131lar<\/u><\/strong><\/p>\n<p>Murat Akag\u00fcnd\u00fcz, Jananne Al-Ani, Halil Alt\u0131ndere, Maddalena Ambrosio, Y\u00fcksel Arslan, Claus B\u00f6hmler, Xuefeng Chen, Tacita Dean, Osman Din\u00e7, \u0130nci Eviner, Thomas Geiger, Jytte H\u00f8y, Ahmet Do\u011fu \u0130pek, Eva Jospin, Ella Littwitz, Mikl\u00f3s Onucs\u00e1n, Panamarenko, Sarkis, Yehudit Sasportas, Erin\u00e7 Seymen, B\u00fclent \u015eangar, Ya\u015fam \u015ea\u015fmazer, Cengiz Tekin, Endre T\u00f3t, Thu Van Tran, Mariana Vassileva, Werner Zellien.<\/p>\n<p><strong>Arter<\/strong>\u2019in g\u00fcncel programlar\u0131na ili\u015fkin daha detayl\u0131 bilgi i\u00e7in <a href=\"http:\/\/www.arter.org.tr\/\">www.arter.org.tr<\/a> adresini ziyaret edebilirsiniz.<\/p>\n<p style=\"text-align: center;\"><strong>Sergi Rehberi<\/strong><\/p>\n<p style=\"text-align: center;\"><img loading=\"lazy\" class=\"aligncenter wp-image-153377\" src=\"https:\/\/www.enerjigazetesi.ist\/wp-content\/uploads\/2022\/03\/sergi-rehberi.jpg\" alt=\"\" width=\"200\" height=\"200\" srcset=\"https:\/\/www.enerjigazetesi.ist\/wp-content\/uploads\/2022\/03\/sergi-rehberi.jpg 327w, https:\/\/www.enerjigazetesi.ist\/wp-content\/uploads\/2022\/03\/sergi-rehberi-300x300.jpg 300w, https:\/\/www.enerjigazetesi.ist\/wp-content\/uploads\/2022\/03\/sergi-rehberi-150x150.jpg 150w, https:\/\/www.enerjigazetesi.ist\/wp-content\/uploads\/2022\/03\/sergi-rehberi-50x50.jpg 50w, https:\/\/www.enerjigazetesi.ist\/wp-content\/uploads\/2022\/03\/sergi-rehberi-100x100.jpg 100w\" sizes=\"(max-width: 200px) 100vw, 200px\" \/><\/p>\n<p><\/p>","protected":false},"excerpt":{"rendered":"<p>Sorry, this entry is only available in Turkish. For the sake of viewer convenience, the content is shown below in the alternative language. You may click the link to switch the active language. Arter\u2019in Locus Solus ba\u015fl\u0131kl\u0131 yeni grup sergisi, merkezine ald\u0131\u011f\u0131 do\u011fa fikrini olgular, kurgular ve duygular perspektifinden irdelemeyi ama\u00e7l\u0131yor. K\u00fcrat\u00f6rl\u00fc\u011f\u00fcn\u00fc Selen Ansen\u2019in \u00fcstlendi\u011fi [&hellip;]<\/p>\n","protected":false},"author":1,"featured_media":153379,"comment_status":"open","ping_status":"open","sticky":false,"template":"","format":"standard","meta":[],"categories":[53],"tags":[72074,94158,24900,102228,58519,102226,102227,36228],"views":114,"_links":{"self":[{"href":"https:\/\/www.enerjigazetesi.ist\/en\/wp-json\/wp\/v2\/posts\/153376"}],"collection":[{"href":"https:\/\/www.enerjigazetesi.ist\/en\/wp-json\/wp\/v2\/posts"}],"about":[{"href":"https:\/\/www.enerjigazetesi.ist\/en\/wp-json\/wp\/v2\/types\/post"}],"author":[{"embeddable":true,"href":"https:\/\/www.enerjigazetesi.ist\/en\/wp-json\/wp\/v2\/users\/1"}],"replies":[{"embeddable":true,"href":"https:\/\/www.enerjigazetesi.ist\/en\/wp-json\/wp\/v2\/comments?post=153376"}],"version-history":[{"count":0,"href":"https:\/\/www.enerjigazetesi.ist\/en\/wp-json\/wp\/v2\/posts\/153376\/revisions"}],"wp:featuredmedia":[{"embeddable":true,"href":"https:\/\/www.enerjigazetesi.ist\/en\/wp-json\/wp\/v2\/media\/153379"}],"wp:attachment":[{"href":"https:\/\/www.enerjigazetesi.ist\/en\/wp-json\/wp\/v2\/media?parent=153376"}],"wp:term":[{"taxonomy":"category","embeddable":true,"href":"https:\/\/www.enerjigazetesi.ist\/en\/wp-json\/wp\/v2\/categories?post=153376"},{"taxonomy":"post_tag","embeddable":true,"href":"https:\/\/www.enerjigazetesi.ist\/en\/wp-json\/wp\/v2\/tags?post=153376"}],"curies":[{"name":"wp","href":"https:\/\/api.w.org\/{rel}","templated":true}]}}