{"id":153369,"date":"2022-03-31T12:25:00","date_gmt":"2022-03-31T09:25:00","guid":{"rendered":"https:\/\/www.enerjigazetesi.ist\/?p=153369"},"modified":"2022-03-31T12:32:47","modified_gmt":"2022-03-31T09:32:47","slug":"cevremiz-icin-cevresel-surdurulebilirlik-ile-neler-yapabiliriz","status":"publish","type":"post","link":"https:\/\/www.enerjigazetesi.ist\/en\/cevremiz-icin-cevresel-surdurulebilirlik-ile-neler-yapabiliriz\/","title":{"rendered":"(Turkish) \u00c7evremiz \u0130\u00e7in &#8216;\u00c7evresel S\u00fcrd\u00fcr\u00fclebilirlik&#8217; ile Neler Yapabiliriz?"},"content":{"rendered":"<p class=\"qtranxs-available-languages-message qtranxs-available-languages-message-en\">Sorry, this entry is only available in <a href=\"https:\/\/www.enerjigazetesi.ist\/tr\/wp-json\/wp\/v2\/posts\/153369\" class=\"qtranxs-available-language-link qtranxs-available-language-link-tr\" title=\"Turkish\">Turkish<\/a>. For the sake of viewer convenience, the content is shown below in the alternative language. You may click the link to switch the active language.<\/p><p><\/p>\n<h2><strong>D\u00fcnyadaki t\u00fcm insanlar\u0131n bir an i\u00e7in yok oldu\u011funu d\u00fc\u015f\u00fcnelim. Bunla ilgili bir\u00e7ok film veya belgesel izlemi\u015fsinizdir. Bu durum yery\u00fcz\u00fcnde nas\u0131l sonu\u00e7lar do\u011furur? Mevcut d\u00fczen birka\u00e7 g\u00fcn i\u00e7erisinde bozulmaya ba\u015flar. \u0130nsan kontrol\u00fcnde olan sistemler bir m\u00fcddet sonra art\u0131k eskisi gibi \u00e7al\u0131\u015fmayacakt\u0131r. Binalar y\u0131k\u0131lacak, barajlar ta\u015facak, fabrikalar duracak, t\u00fcm elektronik ve mekanik ara\u00e7lar ve cihazlar bozulacak vs. B\u00f6yle bir durumda zamanla do\u011fan\u0131n kendi d\u00fczenini olu\u015fturmaya ba\u015flad\u0131\u011f\u0131n\u0131 g\u00f6rebiliriz. \u0130nsan olmad\u0131\u011f\u0131nda do\u011fa bir bak\u0131ma kendi kendini onarmaya, hayvanlar as\u0131l ya\u015fam alanlar\u0131na d\u00f6nmeye, yeni ve muhte\u015fem bir denge olu\u015fmaya ba\u015flar. Bilinen evrende zekas\u0131, iradesi ve yetenekleri ile en geli\u015fmi\u015f varl\u0131k olarak nitelendirilen insan\u0131n asl\u0131nda do\u011faya ne kadar b\u00fcy\u00fck bir zarar verdi\u011fi ger\u00e7e\u011fi de \u00e7\u0131km\u0131\u015f olur ortaya. Peki b\u00f6ylesine geli\u015fmi\u015f bir canl\u0131 nas\u0131l oluyor da \u00e7evreye bu denki tahripkar davranabiliyor, milyonlarca y\u0131ld\u0131r s\u00fcregelen d\u00fczeni bozabiliyor? Cevab\u0131 net de\u011fil mi; sadece kendisini ve bug\u00fcn\u00fc d\u00fc\u015f\u00fcnerek hareket ediyor!<\/strong><\/h2>\n<p><strong>S\u00fcrd\u00fcr\u00fclebilirlik<\/strong> kavram\u0131n\u0131n en genel tan\u0131m\u0131n\u0131 bir kez daha hat\u0131rlayal\u0131m. G\u00fcn\u00fcm\u00fcz insanlar\u0131n\u0131n, gelecek nesillerin kendi ihtiya\u00e7lar\u0131n\u0131 kar\u015f\u0131lama kapasitesinden ve yetene\u011finden \u00f6d\u00fcn vermeden bug\u00fcnk\u00fc ihtiya\u00e7lar\u0131n\u0131 kar\u015f\u0131lamas\u0131 olarak tan\u0131ml\u0131yoruz s\u00fcrd\u00fcr\u00fclebilirli\u011fi. Peki <strong>\u201c\u00e7evre\u201d<\/strong> bu i\u015fin neresinde? Asl\u0131nda, neredeyse her yerinde!<\/p>\n<p><strong><img loading=\"lazy\" class=\"alignright wp-image-153371\" src=\"https:\/\/www.enerjigazetesi.ist\/wp-content\/uploads\/2022\/03\/surdurulebilirlik-ve-cevre-icin-cevresel-surdurulebilirlik-ile-neler-yapabiliriz.jpg\" alt=\"\" width=\"250\" height=\"249\" srcset=\"https:\/\/www.enerjigazetesi.ist\/wp-content\/uploads\/2022\/03\/surdurulebilirlik-ve-cevre-icin-cevresel-surdurulebilirlik-ile-neler-yapabiliriz.jpg 550w, https:\/\/www.enerjigazetesi.ist\/wp-content\/uploads\/2022\/03\/surdurulebilirlik-ve-cevre-icin-cevresel-surdurulebilirlik-ile-neler-yapabiliriz-300x300.jpg 300w, https:\/\/www.enerjigazetesi.ist\/wp-content\/uploads\/2022\/03\/surdurulebilirlik-ve-cevre-icin-cevresel-surdurulebilirlik-ile-neler-yapabiliriz-150x150.jpg 150w, https:\/\/www.enerjigazetesi.ist\/wp-content\/uploads\/2022\/03\/surdurulebilirlik-ve-cevre-icin-cevresel-surdurulebilirlik-ile-neler-yapabiliriz-401x400.jpg 401w, https:\/\/www.enerjigazetesi.ist\/wp-content\/uploads\/2022\/03\/surdurulebilirlik-ve-cevre-icin-cevresel-surdurulebilirlik-ile-neler-yapabiliriz-50x50.jpg 50w, https:\/\/www.enerjigazetesi.ist\/wp-content\/uploads\/2022\/03\/surdurulebilirlik-ve-cevre-icin-cevresel-surdurulebilirlik-ile-neler-yapabiliriz-100x100.jpg 100w, https:\/\/www.enerjigazetesi.ist\/wp-content\/uploads\/2022\/03\/surdurulebilirlik-ve-cevre-icin-cevresel-surdurulebilirlik-ile-neler-yapabiliriz-500x498.jpg 500w\" sizes=\"(max-width: 250px) 100vw, 250px\" \/>Gelecek nesillere<\/strong> muazzam finansal kaynaklar ve bir o kadar da geli\u015fmi\u015f sosyal bir d\u00fczen b\u0131rakt\u0131\u011f\u0131m\u0131z\u0131 d\u00fc\u015f\u00fcnelim. Sizce bu yeterli olur mu? En nihayetinde insanl\u0131\u011f\u0131n en b\u00fcy\u00fck ihtiyac\u0131, do\u011fa ile uyumlu ya\u015fayabilme becerisidir. Zira, nefes alma, yeme-i\u00e7me, bar\u0131nma vb. gibi ya\u015famsal ihtiya\u00e7lar\u0131n\u0131 kar\u015f\u0131layabilmek i\u00e7in <strong>do\u011fay\u0131<\/strong> ve <strong>\u00e7evresel d\u00fczeni<\/strong> hesaba katmak zorundad\u0131r insan. Ne zamanki daha fazla \u00fcretmenin, t\u00fcketmenin ve zenginle\u015fmenin yollar\u0131n\u0131 aramaya; yarat\u0131l\u0131\u015f\u0131ndan \u00f6t\u00fcr\u00fc sahip oldu\u011fu s\u0131n\u0131rlar\u0131 a\u015fmaya, konfor alan\u0131n\u0131 s\u00fcrekli geni\u015fletmeye ve sanki d\u00fcnyan\u0131n sadece kendisi i\u00e7in yarat\u0131ld\u0131\u011f\u0131n\u0131 d\u00fc\u015f\u00fcnmeye ba\u015flam\u0131\u015f, i\u015fte o zaman <strong>\u00e7evre &#8211; insan uyumu<\/strong> da bozulmaya ve yok olmaya ba\u015flam\u0131\u015ft\u0131r. Ve maalesef bu da do\u011fal kaynaklar\u0131n h\u0131zla t\u00fckenmesine veya kalitesinin d\u00fc\u015fmesine, <strong>do\u011fal ya\u015fam alanlar\u0131<\/strong>n\u0131n yok olmas\u0131na, etkileri belki binlerce y\u0131l s\u00fcrecek <strong>k\u00fcresel \u00e7evresel problemlerinin<\/strong> ortaya \u00e7\u0131kmas\u0131na neden olmaktad\u0131r. Bu da gelecek nesillerin, b\u0131rak\u0131n <strong>konforlu<\/strong> ve<strong> g\u00fcvenli ya\u015famas\u0131<\/strong>, hayatta kalabilmesi i\u00e7in bile b\u00fcy\u00fck bir tehdit olu\u015fturmaktad\u0131r.<\/p>\n<p>Asl\u0131nda bu olumsuz tablonun tohumlar\u0131 sadece birka\u00e7 y\u00fczy\u0131l \u00f6nce at\u0131lmaya ba\u015flad\u0131. \u00d6zellikle<strong> Sanayi Devrimi<\/strong>, insan hayat\u0131n\u0131 kolayla\u015ft\u0131ran bir\u00e7ok yeni icad\u0131n hayat\u0131m\u0131za girmesini sa\u011flad\u0131. Bununla birlikte teknoloji geli\u015fti; <strong>ya\u015fam kalitesi<\/strong> ve dolay\u0131s\u0131yla insan n\u00fcfusu tarihte belki e\u015fi benzeri g\u00f6r\u00fclmemi\u015f bir h\u0131zla y\u00fckseldi. Sadece kendi \u00e7\u0131karlar\u0131n\u0131 d\u00fc\u015f\u00fcnmeye ba\u015flayan insan, <strong>\u00e7evre \u00fczerinde<\/strong> olu\u015fturmaya ba\u015flad\u0131\u011f\u0131 <strong>tahribat\u0131<\/strong> g\u00f6remeyecek hale geldi. Y\u00fcksek miktarda <strong>sera gaz\u0131 emisyonu<\/strong>, buna ba\u011fl\u0131 olarak <strong>k\u00fcresel \u0131s\u0131nma<\/strong> ve <strong>iklim de\u011fi\u015fikli\u011fi<\/strong> ve bunlar\u0131n tetikledi\u011fi di\u011fer \u00e7evresel problemler art\u0131k k\u00fcresel tehdide d\u00f6n\u00fc\u015fmeye ba\u015flad\u0131. <strong>Ormanl\u0131k alanlar<\/strong> ve<strong> tar\u0131m arazileri<\/strong> yok olmaya, <strong>biyo\u00e7e\u015fitlilik<\/strong> bozulmaya y\u00fcz tuttu. Kara ve denizdeki hayvan ya\u015fam\u0131n\u0131n dinamikleri de\u011fi\u015fti; milyonlarca y\u0131ld\u0131r var olan sistematik yap\u0131; toprak, su ve hava ekosistemi yok olma tehlikesiyle kar\u015f\u0131 kar\u015f\u0131ya kald\u0131.<\/p>\n<p>G\u00fcn\u00fcn sonunda <strong>\u00e7evresel anlamda s\u00fcrd\u00fcr\u00fclebilir olmad\u0131\u011f\u0131m\u0131z<\/strong> ger\u00e7e\u011fini kabul etmek zorunda kald\u0131k. \u00c7evrenin s\u00fcrd\u00fcr\u00fclebilirlikle o kadar yak\u0131ndan bir ili\u015fkisi vard\u0131r ki Birle\u015fmi\u015f Milletler\u2019in 2030 y\u0131l\u0131nda ger\u00e7ekle\u015ftirmek \u00fczere belirledi\u011fi 17 k\u00fcresel s\u00fcrd\u00fcr\u00fclebilir kalk\u0131nma hedefinin bir\u00e7o\u011fu do\u011frudan veya dolayl\u0131 olarak \u00e7evre ile ilgilidir. \u00c7evresel s\u00fcrd\u00fcr\u00fclebilirlik; <strong>sa\u011fl\u0131kl\u0131 ya\u015fam, temiz su<\/strong> ve <strong>sanitasyon, temiz enerji, s\u00fcrd\u00fcr\u00fclebilir \u015fehir<\/strong> ve <strong>toplumlar, sorumlu \u00fcretim<\/strong> ve<strong> t\u00fcketim,<\/strong> <strong>iklim de\u011fi\u015fikli\u011fi,<\/strong> karadaki ve <strong>sudaki ya\u015fam<\/strong> gibi konularda belirlenen hedeflerin ya girdisi ya da \u00e7\u0131kt\u0131s\u0131 konumundad\u0131r.<\/p>\n<h3><strong>\u00c7evresel S\u00fcrd\u00fcr\u00fclebilirlik \u0130\u00e7in Ne Yap\u0131labilir?<\/strong><\/h3>\n<p>S\u00fcrd\u00fcr\u00fclebilirli\u011fin, gezegendeki ya\u015fam\u0131n <strong>adil, g\u00fcvenli, sa\u011fl\u0131kl\u0131<\/strong> ve <strong>konforlu<\/strong> bir \u015fekilde devam etmesi i\u00e7in olmazsa olmaz bir ger\u00e7ek oldu\u011fu anla\u015f\u0131ld\u0131ktan sonra k\u00fcresel \u00f6l\u00e7ekli bir\u00e7ok \u00e7al\u0131\u015fma ba\u015flat\u0131ld\u0131. Bir\u00e7o\u011funa Birle\u015fmi\u015f Milletler\u2019in \u00f6nc\u00fcl\u00fck etti\u011fi bu \u00e7al\u0131\u015fmalar ile \u00fclkelerin <strong>s\u00fcrd\u00fcr\u00fclebilir politikalar<\/strong> geli\u015ftirmesi, kurumlar\u0131n <strong>s\u00fcrd\u00fcr\u00fclebilir \u00fcr\u00fcn<\/strong> ve <strong>hizmetler \u00fcretmesi<\/strong> ve bireylerin <strong>s\u00fcrd\u00fcr\u00fclebilirlik fark\u0131ndal\u0131\u011f\u0131n\u0131n artmas\u0131<\/strong> sa\u011fland\u0131. D\u00fcnya olarak hen\u00fcz istenen noktada de\u011filiz ama kapsam\u0131 geni\u015f ve etki d\u00fczeyi y\u00fcksek bir\u00e7ok \u00e7al\u0131\u015fma yap\u0131lmaya devam ediyor. <strong>Paris \u0130klim Anla\u015fmas\u0131<\/strong> ve <strong>Avrupa Ye\u015fil Mutabakat\u0131<\/strong> gibi \u00e7al\u0131\u015fmalar uzun vadede <strong>\u00e7evresel s\u00fcrd\u00fcr\u00fclebilirli\u011fi<\/strong> hedefleyen en \u00f6nemli geli\u015fmelerden. Bunun yan\u0131 s\u0131ra \u00e7evrenin korunmas\u0131, <strong>enerji verimlili\u011fi, su<\/strong> ve <strong>karbon ayak izinin azalt\u0131lmas\u0131, geri d\u00f6n\u00fc\u015f\u00fcm\u00fcn art\u0131r\u0131lmas\u0131<\/strong> vb gibi konulara odakl\u0131 \u00e7e\u015fitli yasal d\u00fczenlemeler, standardizasyon ve sertifikasyon \u00e7al\u0131\u015fmalar\u0131 da \u00fclkelerin, kurumlar\u0131n ve bireylerin \u00e7evresel s\u00fcrd\u00fcr\u00fclebilirlik noktas\u0131nda daha aktif bir rol almas\u0131n\u0131 sa\u011fl\u0131yor.<\/p>\n<p><strong>\u00c7evresel s\u00fcrd\u00fcr\u00fclebilirli\u011fin sa\u011flanmas\u0131<\/strong> i\u00e7in bireylerin, kurumlar\u0131n ve h\u00fck\u00fcmetlerin ortak hareket etmesi gerekiyor. H\u00fck\u00fcmetler bu konuda bir otorite olarak yasal bir zemin olu\u015ftururken kurumlar da <strong>politikalar\u0131n\u0131<\/strong> ve<strong> hedeflerini<\/strong> <strong>\u00e7evresel s\u00fcrd\u00fcr\u00fclebilirlik \u00e7izgisinde<\/strong> belirlemeli. Bireyler olarak bizler de al\u0131\u015fkanl\u0131klar\u0131m\u0131z\u0131, rutinlerimizi ve kabullerimizi de\u011fi\u015ftirerek daha s\u00fcrd\u00fcr\u00fclebilir bir ya\u015fam s\u00fcrmeye ve olabildi\u011fince s\u00fcrd\u00fcr\u00fclebilir \u00fcr\u00fcn ve hizmetleri kullanmaya \u00e7al\u0131\u015fmal\u0131y\u0131z. T\u00fcm taraflar\u0131n <strong>\u00fcr\u00fcn, hizmet, s\u00fcre\u00e7, meslek, co\u011frafi konum, sekt\u00f6r<\/strong> ve <strong>pazar \u00f6zelinde<\/strong> yap\u0131labilece\u011fi bir\u00e7ok \u015fey var asl\u0131nda. Mevcut \u015fartlar de\u011ferlendirilerek \u00e7evresel s\u00fcrd\u00fcr\u00fclebilirlik i\u00e7in en iyisi yap\u0131labilir. Bu \u00e7abalar\u0131n ortak noktalar\u0131 <span style=\"text-decoration: underline;\">\u00f6zetle \u015funlar olmal\u0131d\u0131r:<\/span><\/p>\n<p><strong>&#8211; Enerji:<\/strong> Teknolojinin de geli\u015fmesiyle beraber fosil kaynaklara olan ba\u011fl\u0131l\u0131k ve zorunluluk giderek azal\u0131yor. Bu nedenle, enerji arz\u0131nda yenilenebilir enerji kaynaklar\u0131na a\u011f\u0131rl\u0131k verilmeli. Ayr\u0131ca, daha az enerji t\u00fcketen<strong> \u00fcr\u00fcn<\/strong> ve <strong>hizmetlerin kullan\u0131lmas\u0131<\/strong> ve <strong>enerji verimli s\u00fcre\u00e7lerin planlanmas\u0131<\/strong> sayesinde <strong>karbon emisyonlar\u0131<\/strong> s\u00fcrd\u00fcr\u00fclebilir \u015fekilde azalacakt\u0131r. Bu noktada, h\u00fck\u00fcmetler kurumlara te\u015fvikler verirken kurumlar da<strong> tasar\u0131m<\/strong> ve<strong> \u00fcretim<\/strong> felsefesini de\u011fi\u015ftirerek<strong> \u00e7evre odakl\u0131 uygulamalar<\/strong> geli\u015ftirmelidir.<\/p>\n<p><strong>&#8211; At\u0131k y\u00f6netimi ve geri d\u00f6n\u00fc\u015f\u00fcm: <\/strong>\u00d6zellikle<strong> sanayi at\u0131klar\u0131<\/strong> \u00e7evre \u00fczerinde iyile\u015ftirilmesi zor, hatta imkans\u0131z sonu\u00e7lar do\u011furabiliyor. Ba\u015fta b\u00fcy\u00fck sanayi kurulu\u015flar\u0131 olmak \u00fczere her sekt\u00f6rden her b\u00fcy\u00fckl\u00fckteki firman\u0131n etkin bir <strong>at\u0131k y\u00f6netimi sistemi<\/strong> kurarak at\u0131klar\u0131n\u0131 do\u011faya en az zarar verecek \u015fekilde organize etmesi gerekiyor. Bu durum zor ama imkans\u0131z de\u011fil. \u00d6yle ki art\u0131k bir\u00e7ok kurulu\u015f, <strong>s\u0131f\u0131r at\u0131k politikas\u0131<\/strong>n\u0131 benimsemi\u015f durumda. Yani \u00fcretilen her birim at\u0131k, bir at\u0131k olarak de\u011fil ba\u015fka bir s\u00fcrecin, \u00fcr\u00fcn veya hizmetin girdisi oluyor ve <strong>geri d\u00f6n\u00fc\u015ft\u00fcr\u00fcl\u00fcp<\/strong> adeta hammadde olarak de\u011ferlendiriliyor. Bu yakla\u015f\u0131ma b\u00fcy\u00fck resimden bakt\u0131\u011f\u0131m\u0131z zaman da <strong>d\u00f6ng\u00fcsel ekonomi<\/strong> dedi\u011fimiz daha kapsaml\u0131 ve sistematik bir yap\u0131 \u00e7\u0131k\u0131yor ortaya.<\/p>\n<p><strong>&#8211; Suyun korunmas\u0131:<\/strong> Gezegendeki ya\u015fam\u0131n devam\u0131 i\u00e7in en \u00f6nemli ve gerekli madde sudur \u015f\u00fcphesiz. Canl\u0131lar i\u00e7in fiziksel bir ihtiya\u00e7 olan <strong>su, sanayi<\/strong> ve<strong> tar\u0131m uygulamalar\u0131<\/strong> i\u00e7in de en kritik bile\u015fenlerden biridir. \u00c7evrenin s\u00fcrd\u00fcr\u00fclebilir \u015fekilde korunmas\u0131n\u0131 istiyorsak <strong>su t\u00fcketiminin<\/strong> her alanda<strong> azalt\u0131lmas\u0131<\/strong> ve mevcut <strong>su kaynaklar\u0131n\u0131n korunmas\u0131<\/strong>n\u0131 sa\u011flamak; yani<strong> su ayak izimizi d\u00fc\u015f\u00fcrmek<\/strong> zorunday\u0131z. Suya olan ihtiyac\u0131n, d\u00fcnya n\u00fcfusu ve sanayile\u015fmeye ba\u011fl\u0131 olarak s\u00fcrekli artt\u0131\u011f\u0131n\u0131; fakat gezegenimizdeki kullan\u0131labilir su miktar\u0131n\u0131n sabit oldu\u011funu unutmamak gerek.<\/p>\n<p><strong>&#8211; Sorumlu \u00fcretim ve t\u00fcketim: <\/strong>Bu davran\u0131\u015f bir aktivizm t\u00fcr\u00fc olarak de\u011ferlendirilebilir. Firmalar, her a\u015famas\u0131nda \u00e7evreyi koruyarak ger\u00e7ekle\u015ftirdi\u011fi bir \u00fcretim s\u00fcrecinin sonucunda<strong> \u201csorumlu\u201d<\/strong> \u00fcr\u00fcnler \u00fcretmekte ve insanlar da sadece bu \u00fcr\u00fcnleri t\u00fcketerek <strong>sorumlu<\/strong> veya<strong> etik t\u00fcketim yakla\u015f\u0131m\u0131<\/strong> sergilemektedir. Bu felsefenin temelinde elbette <strong>\u00e7evresel s\u00fcrd\u00fcr\u00fclebilirlik hassasiyeti<\/strong> yatmaktad\u0131r. Dahas\u0131, bu t\u00fcr \u00fcr\u00fcnleri tespit etmek de art\u0131k zor de\u011fil. D\u00fcnyan\u0131n neredeyse her yerinde, her \u00fcr\u00fcn ve hizmet i\u00e7in geli\u015ftirilen <strong>genel<\/strong> veya <strong>spesifik eko etiketler<\/strong> arac\u0131l\u0131\u011f\u0131yla t\u00fcketiciler bu \u00fcr\u00fcnlere kolayl\u0131kla y\u00f6nlendirilebiliyor.<\/p>\n<p><strong>&#8211; Sera gaz\u0131 emisyonlar\u0131n\u0131n azalt\u0131lmas\u0131: <\/strong>\u00c7evresel s\u00fcrd\u00fcr\u00fclebilirlik i\u00e7in en b\u00fcy\u00fck engellerden biri de \u015f\u00fcphesiz y\u00fcksek <em>sera gaz\u0131 emisyonlar\u0131<\/em>d\u0131r. Sadece enerji \u00fcretiminde de\u011fil, <strong>sanayide, ula\u015f\u0131mda, yap\u0131la\u015fmada<\/strong> \u00e7evreye uzun vadede en b\u00fcy\u00fck zarar\u0131 <strong>atmosfere sal\u0131nan sera gazlar\u0131<\/strong> veriyor. Bu noktada da yap\u0131labilecek elbette \u00e7ok \u015fey var. Halihaz\u0131rda sahip oldu\u011fumuz <strong>kaynaklar, imkanlar<\/strong> ve <strong>kabiliyetler<\/strong> sera gaz\u0131 emisyonlar\u0131n\u0131 \u00e7ok daha d\u00fc\u015f\u00fck seviyelere, hatta <strong>s\u0131f\u0131ra indirebilece\u011fimizi<\/strong> g\u00f6steriyor. \u015eirketlerin <strong>kurumsal karbon ayak izi hesaplamalar\u0131<\/strong> yapmas\u0131, ula\u015f\u0131mda <strong>elektrikli ara\u00e7lar\u0131n kullan\u0131m\u0131n\u0131n art\u0131r\u0131lmas\u0131<\/strong>, yap\u0131la\u015fmada <strong>\u201cye\u015fil\u201d<\/strong> binalara \u00f6ncelik verilmesi, <strong>plastik kullan\u0131m\u0131<\/strong>n\u0131n hayat\u0131n her alan\u0131nda azalt\u0131lmas\u0131, yapabileceklerimizin sadece birka\u00e7\u0131&#8230;<\/p>\n<p><strong>Dilek A\u015eAN<\/strong>\u00a0\u2013 Taksim Dan\u0131\u015fmanl\u0131k \/\u00a0<a href=\"mailto:dilek@taksimdanismanlik.com\" target=\"_blank\" rel=\"noopener\">dilek@taksimdanismanlik.com<\/a>\u00a0\u2013\u00a0<a href=\"http:\/\/www.dilekasan.com\/\" target=\"_blank\" rel=\"noopener\">www.dilekasan.com<\/a><\/p>","protected":false},"excerpt":{"rendered":"<p>Sorry, this entry is only available in Turkish. For the sake of viewer convenience, the content is shown below in the alternative language. You may click the link to switch the active language. D\u00fcnyadaki t\u00fcm insanlar\u0131n bir an i\u00e7in yok oldu\u011funu d\u00fc\u015f\u00fcnelim. Bunla ilgili bir\u00e7ok film veya belgesel izlemi\u015fsinizdir. Bu durum yery\u00fcz\u00fcnde nas\u0131l sonu\u00e7lar do\u011furur? [&hellip;]<\/p>\n","protected":false},"author":1,"featured_media":153375,"comment_status":"open","ping_status":"open","sticky":false,"template":"","format":"standard","meta":[],"categories":[53],"tags":[52445,3119,102223,3988,84238,45956,103,2529,1999,102225,1471,37957,442,40308,3992,102224,101418,793],"views":182,"_links":{"self":[{"href":"https:\/\/www.enerjigazetesi.ist\/en\/wp-json\/wp\/v2\/posts\/153369"}],"collection":[{"href":"https:\/\/www.enerjigazetesi.ist\/en\/wp-json\/wp\/v2\/posts"}],"about":[{"href":"https:\/\/www.enerjigazetesi.ist\/en\/wp-json\/wp\/v2\/types\/post"}],"author":[{"embeddable":true,"href":"https:\/\/www.enerjigazetesi.ist\/en\/wp-json\/wp\/v2\/users\/1"}],"replies":[{"embeddable":true,"href":"https:\/\/www.enerjigazetesi.ist\/en\/wp-json\/wp\/v2\/comments?post=153369"}],"version-history":[{"count":0,"href":"https:\/\/www.enerjigazetesi.ist\/en\/wp-json\/wp\/v2\/posts\/153369\/revisions"}],"wp:featuredmedia":[{"embeddable":true,"href":"https:\/\/www.enerjigazetesi.ist\/en\/wp-json\/wp\/v2\/media\/153375"}],"wp:attachment":[{"href":"https:\/\/www.enerjigazetesi.ist\/en\/wp-json\/wp\/v2\/media?parent=153369"}],"wp:term":[{"taxonomy":"category","embeddable":true,"href":"https:\/\/www.enerjigazetesi.ist\/en\/wp-json\/wp\/v2\/categories?post=153369"},{"taxonomy":"post_tag","embeddable":true,"href":"https:\/\/www.enerjigazetesi.ist\/en\/wp-json\/wp\/v2\/tags?post=153369"}],"curies":[{"name":"wp","href":"https:\/\/api.w.org\/{rel}","templated":true}]}}