{"id":153250,"date":"2022-03-29T11:58:14","date_gmt":"2022-03-29T08:58:14","guid":{"rendered":"https:\/\/www.enerjigazetesi.ist\/?p=153250"},"modified":"2022-03-29T11:58:14","modified_gmt":"2022-03-29T08:58:14","slug":"oedas-enerjide-ornek-sirket-odulune-layik-goruldu","status":"publish","type":"post","link":"https:\/\/www.enerjigazetesi.ist\/en\/oedas-enerjide-ornek-sirket-odulune-layik-goruldu\/","title":{"rendered":"(Turkish) OEDA\u015e &#8216;Enerjide \u00d6rnek \u015eirket&#8217; \u00d6d\u00fcl\u00fcne Lay\u0131k G\u00f6r\u00fcld\u00fc"},"content":{"rendered":"<p class=\"qtranxs-available-languages-message qtranxs-available-languages-message-en\">Sorry, this entry is only available in <a href=\"https:\/\/www.enerjigazetesi.ist\/tr\/wp-json\/wp\/v2\/posts\/153250\" class=\"qtranxs-available-language-link qtranxs-available-language-link-tr\" title=\"Turkish\">Turkish<\/a>. For the sake of viewer convenience, the content is shown below in the alternative language. You may click the link to switch the active language.<\/p><p><\/p>\n<h2><strong>OEDA\u015e, T.C. Enerji ve Tabii Kaynaklar Bakanl\u0131\u011f\u0131 taraf\u0131ndan d\u00fczenlenen \u201cT\u00fcrkiye\u2019ye Enerji Veren Kad\u0131nlar \u00d6d\u00fcl T\u00f6reni\u2019\u201dnde \u201cEnerjimiz E\u015fit\u201d Projesiyle \u201cEnerjide \u00d6rnek \u015eirket\u201d \u00f6d\u00fcl\u00fcn\u00fcn sahibi oldu.<\/strong><\/h2>\n<p><em>Afyonkarahisar, Bilecik, Eski\u015fehir, K\u00fctahya ve U\u015fak<\/em> illerinin <strong>elektrik da\u011f\u0131t\u0131m hizmetini<\/strong> sa\u011flayan <strong>Osmangazi Elektrik Da\u011f\u0131t\u0131m Anonim \u015eirketi (OEDA\u015e)<\/strong>, elektrik da\u011f\u0131t\u0131m hizmetlerini en iyi \u015fekilde y\u00fcr\u00fctmenin yan\u0131s\u0131ra <strong>kad\u0131nlar\u0131n dezavantajl\u0131 oldu\u011fu<\/strong> enerji sekt\u00f6r\u00fcnde<strong> \u201cEnerjimiz E\u015fit\u201d<\/strong> <img loading=\"lazy\" class=\"alignright wp-image-153252\" src=\"https:\/\/www.enerjigazetesi.ist\/wp-content\/uploads\/2022\/03\/oedas-enerjide-ornek-sirket-odulune-layik-goruldu.jpg\" alt=\"\" width=\"320\" height=\"209\" srcset=\"https:\/\/www.enerjigazetesi.ist\/wp-content\/uploads\/2022\/03\/oedas-enerjide-ornek-sirket-odulune-layik-goruldu.jpg 550w, https:\/\/www.enerjigazetesi.ist\/wp-content\/uploads\/2022\/03\/oedas-enerjide-ornek-sirket-odulune-layik-goruldu-300x196.jpg 300w, https:\/\/www.enerjigazetesi.ist\/wp-content\/uploads\/2022\/03\/oedas-enerjide-ornek-sirket-odulune-layik-goruldu-500x327.jpg 500w, https:\/\/www.enerjigazetesi.ist\/wp-content\/uploads\/2022\/03\/oedas-enerjide-ornek-sirket-odulune-layik-goruldu-76x50.jpg 76w\" sizes=\"(max-width: 320px) 100vw, 320px\" \/>mottosuyla ger\u00e7ekle\u015ftirdi\u011fi <strong>f\u0131rsat e\u015fitli\u011fi \u00e7al\u0131\u015fmalar\u0131n\u0131n<\/strong> \u00f6d\u00fcl\u00fcn\u00fc ald\u0131.<\/p>\n<p>OEDA\u015e, 2019 y\u0131l\u0131nda <strong>BM K\u00fcresel \u0130lkeler S\u00f6zle\u015fmesi (UN Global Compact)<\/strong> ve <strong>BM Toplumsal Cinsiyet E\u015fitli\u011fi<\/strong> ve <strong>Kad\u0131n\u0131n G\u00fc\u00e7lenmesi Birimi (UN Women)<\/strong> ortakl\u0131\u011f\u0131nda olu\u015fturulan <strong>Kad\u0131n\u0131n G\u00fc\u00e7lendirilmesi Prensipleri<\/strong>&#8216;ne <strong>(Women&#8217;s Empowerment Principles-WEPs)<\/strong> imza atarak f\u0131rsat e\u015fitli\u011fi konusundaki misyonunu <strong>uluslararas\u0131 d\u00fczeyde tescillemi\u015f<\/strong> ve bu konuya verdi\u011fi \u00f6nemi <strong>bir kez daha per\u00e7inlemi\u015f<\/strong> oldu.<\/p>\n<p>\u00d6d\u00fcl\u00fc Enerji ve Tabii Kaynaklar Bakan\u0131 <strong>Say\u0131n Fatih D\u00f6nmez<\/strong>\u2019in elinden alan <strong>OEDA\u015e Genel M\u00fcd\u00fcr\u00fc Fuat Celepci, \u00f6d\u00fcl t\u00f6reninin ard\u0131ndan<\/strong> \u015funlar\u0131 s\u00f6yledi:<em> \u201cElektrik da\u011f\u0131t\u0131m alan\u0131nda faaliyetlerimizi, yeni teknolojileri sistemimize adapte ederek s\u00fcrekli geli\u015ftiriyor kendimizi hep bir ad\u0131m ileri ta\u015f\u0131yoruz. \u015eirketimizin<strong> s\u00fcrd\u00fcr\u00fclebilirlik stratejisi<\/strong> \u00e7er\u00e7evesinde en de\u011ferli varl\u0131\u011f\u0131m\u0131z\u0131n \u00e7al\u0131\u015fanlar\u0131m\u0131z oldu\u011funun bilincindeyiz. Bu anlamda toplumumuzun yar\u0131s\u0131n\u0131 olu\u015fturan kad\u0131nlar\u0131n sekt\u00f6r\u00fcm\u00fcze kazand\u0131r\u0131lmas\u0131 ve <strong>fark\u0131ndal\u0131k yarat\u0131lmas\u0131<\/strong> amac\u0131yla <strong>\u2018Enerjimiz E\u015fit\u2019 projemizi<\/strong> hayata ge\u00e7irdik. Bu do\u011frultuda, t\u00fcm insan kaynaklar\u0131 politikalar\u0131m\u0131z\u0131 f\u0131rsat e\u015fitli\u011fi lensi ile g\u00f6zden ge\u00e7irdik, <strong>\u00e7e\u015fitli e\u011fitimler<\/strong> ve <strong>mentor programlar\u0131yla<\/strong> \u00e7al\u0131\u015fanlar\u0131m\u0131za <strong>e\u015fitlik k\u00fclt\u00fcr\u00fcn\u00fc<\/strong> a\u015f\u0131lamak \u00fczere t\u00fcm ileti\u015fim dilimizi bu <strong>perspektifle yeniledik<\/strong> ve geli\u015ftirdik. Amac\u0131m\u0131z <strong>kad\u0131nlar\u0131n i\u015f hayat\u0131na<\/strong> ve <strong>sekt\u00f6r\u00fcm\u00fcze<\/strong> aktif kazand\u0131r\u0131lmas\u0131 ile <strong>\u00fclkemizin g\u00fcc\u00fcne g\u00fc\u00e7<\/strong>, <strong>enerjisine enerji katmak<\/strong>. Bu \u00f6d\u00fcl\u00fc t\u00fcm \u00e7al\u0131\u015fma arkada\u015flar\u0131m ad\u0131na b\u00fcy\u00fck bir gururla ald\u0131m. <strong>F\u0131rsat e\u015fitli\u011fi \u00e7al\u0131\u015fmalar\u0131m\u0131z\u0131<\/strong> da h\u0131z kesmeden s\u00fcrd\u00fcrece\u011fimize dair s\u00f6z\u00fcm\u00fc yinelemek isterim.\u201d<\/em><\/p>","protected":false},"excerpt":{"rendered":"<p>Sorry, this entry is only available in Turkish. For the sake of viewer convenience, the content is shown below in the alternative language. You may click the link to switch the active language. OEDA\u015e, T.C. Enerji ve Tabii Kaynaklar Bakanl\u0131\u011f\u0131 taraf\u0131ndan d\u00fczenlenen \u201cT\u00fcrkiye\u2019ye Enerji Veren Kad\u0131nlar \u00d6d\u00fcl T\u00f6reni\u2019\u201dnde \u201cEnerjimiz E\u015fit\u201d Projesiyle \u201cEnerjide \u00d6rnek \u015eirket\u201d \u00f6d\u00fcl\u00fcn\u00fcn [&hellip;]<\/p>\n","protected":false},"author":1,"featured_media":153252,"comment_status":"open","ping_status":"open","sticky":false,"template":"","format":"standard","meta":[],"categories":[51,53],"tags":[42024,26353,102177,9749,64659],"views":93,"_links":{"self":[{"href":"https:\/\/www.enerjigazetesi.ist\/en\/wp-json\/wp\/v2\/posts\/153250"}],"collection":[{"href":"https:\/\/www.enerjigazetesi.ist\/en\/wp-json\/wp\/v2\/posts"}],"about":[{"href":"https:\/\/www.enerjigazetesi.ist\/en\/wp-json\/wp\/v2\/types\/post"}],"author":[{"embeddable":true,"href":"https:\/\/www.enerjigazetesi.ist\/en\/wp-json\/wp\/v2\/users\/1"}],"replies":[{"embeddable":true,"href":"https:\/\/www.enerjigazetesi.ist\/en\/wp-json\/wp\/v2\/comments?post=153250"}],"version-history":[{"count":0,"href":"https:\/\/www.enerjigazetesi.ist\/en\/wp-json\/wp\/v2\/posts\/153250\/revisions"}],"wp:featuredmedia":[{"embeddable":true,"href":"https:\/\/www.enerjigazetesi.ist\/en\/wp-json\/wp\/v2\/media\/153252"}],"wp:attachment":[{"href":"https:\/\/www.enerjigazetesi.ist\/en\/wp-json\/wp\/v2\/media?parent=153250"}],"wp:term":[{"taxonomy":"category","embeddable":true,"href":"https:\/\/www.enerjigazetesi.ist\/en\/wp-json\/wp\/v2\/categories?post=153250"},{"taxonomy":"post_tag","embeddable":true,"href":"https:\/\/www.enerjigazetesi.ist\/en\/wp-json\/wp\/v2\/tags?post=153250"}],"curies":[{"name":"wp","href":"https:\/\/api.w.org\/{rel}","templated":true}]}}