{"id":153148,"date":"2022-03-27T19:45:56","date_gmt":"2022-03-27T16:45:56","guid":{"rendered":"https:\/\/www.enerjigazetesi.ist\/?p=153148"},"modified":"2022-03-27T19:45:56","modified_gmt":"2022-03-27T16:45:56","slug":"iklim-krizi-ve-doga-kayiplarina-dikkat-cekmek-icin-isiklar-1-saat-kapatildi","status":"publish","type":"post","link":"https:\/\/www.enerjigazetesi.ist\/en\/iklim-krizi-ve-doga-kayiplarina-dikkat-cekmek-icin-isiklar-1-saat-kapatildi\/","title":{"rendered":"(Turkish) \u0130klim Krizi ve Do\u011fa Kay\u0131plar\u0131&#8217;na Dikkat \u00c7ekmek \u0130\u00e7in I\u015f\u0131klar &#8216;1&#8217; Saat Kapat\u0131ld\u0131"},"content":{"rendered":"<p class=\"qtranxs-available-languages-message qtranxs-available-languages-message-en\">Sorry, this entry is only available in <a href=\"https:\/\/www.enerjigazetesi.ist\/tr\/wp-json\/wp\/v2\/posts\/153148\" class=\"qtranxs-available-language-link qtranxs-available-language-link-tr\" title=\"Turkish\">Turkish<\/a>. For the sake of viewer convenience, the content is shown below in the alternative language. You may click the link to switch the active language.<\/p><p><\/p>\n<h2>WWF\u2019in (D\u00fcnya Do\u011fay\u0131 Koruma Vakf\u0131) \u00e7a\u011fr\u0131s\u0131yla her y\u0131l mart ay\u0131n\u0131n son cumartesi g\u00fcn\u00fc d\u00fcnya \u00e7ap\u0131nda d\u00fczenlenen \u201cD\u00fcnya Saati\u201d, bu y\u0131l 26 Mart 2022 Cumartesi ak\u015fam\u0131 20.30 \u2013 21.30 saatleri aras\u0131nda &#8220;d\u00f6n\u00fc\u015f\u00fcm&#8221; \u00e7a\u011fr\u0131s\u0131yla ger\u00e7ekle\u015fti. Etkinlikte, d\u00fcnya genelinde iklim ve biyo\u00e7e\u015fitlilik krizine dikkat \u00e7ekmek i\u00e7in \u0131\u015f\u0131klar bir saatli\u011fine kapat\u0131ld\u0131. T\u00fcrkiye\u2019de de Fatih Sultan Mehmet K\u00f6pr\u00fcs\u00fc, Ortak\u00f6y B\u00fcy\u00fck Mecidiye Camii, Truva At\u0131 gibi an\u0131t ve eserlerin yans\u0131ra \u00e7ok say\u0131da kurum ve belediye, \u0131\u015f\u0131klar\u0131n\u0131, &#8216;1&#8217; saatli\u011fine D\u00fcnya Saati i\u00e7in kapatt\u0131.<\/h2>\n<p>\u00dclkemizde <strong>WWF-T\u00fcrkiye\u2019nin (Do\u011fal Hayat\u0131 Koruma Vakf\u0131)<\/strong> \u00f6nc\u00fcl\u00fck etti\u011fi etkinli\u011fin kat\u0131l\u0131mc\u0131lar\u0131 <strong>\u201cDu\u0308nya Saati, D\u00f6n\u00fc\u015f\u00fcm Saati\u201d<\/strong> diyerek, du\u0308nyan\u0131n her yerinden <strong>milyonlarca insanla<\/strong> birlikte <img loading=\"lazy\" class=\"alignright wp-image-153150\" src=\"https:\/\/www.enerjigazetesi.ist\/wp-content\/uploads\/2022\/03\/iklim-krizi-ve-doga-kayiplarina-dikkat-cekmek-icin-isiklar-1-saat-kapatildi-1.jpg\" alt=\"\" width=\"320\" height=\"311\" srcset=\"https:\/\/www.enerjigazetesi.ist\/wp-content\/uploads\/2022\/03\/iklim-krizi-ve-doga-kayiplarina-dikkat-cekmek-icin-isiklar-1-saat-kapatildi-1.jpg 550w, https:\/\/www.enerjigazetesi.ist\/wp-content\/uploads\/2022\/03\/iklim-krizi-ve-doga-kayiplarina-dikkat-cekmek-icin-isiklar-1-saat-kapatildi-1-300x291.jpg 300w, https:\/\/www.enerjigazetesi.ist\/wp-content\/uploads\/2022\/03\/iklim-krizi-ve-doga-kayiplarina-dikkat-cekmek-icin-isiklar-1-saat-kapatildi-1-412x400.jpg 412w, https:\/\/www.enerjigazetesi.ist\/wp-content\/uploads\/2022\/03\/iklim-krizi-ve-doga-kayiplarina-dikkat-cekmek-icin-isiklar-1-saat-kapatildi-1-51x50.jpg 51w, https:\/\/www.enerjigazetesi.ist\/wp-content\/uploads\/2022\/03\/iklim-krizi-ve-doga-kayiplarina-dikkat-cekmek-icin-isiklar-1-saat-kapatildi-1-500x485.jpg 500w\" sizes=\"(max-width: 320px) 100vw, 320px\" \/>gezegenin sesi oldu.<\/p>\n<p><strong>Garanti BBVA <\/strong>ve <strong>Panasonic Life Solutions T\u00fcrkiye<\/strong>\u2019nin ana sponsorlu\u011funda d\u00fczenlenen D\u00fcnya Saati\u2019ne bireyler desteklerini <strong><a href=\"http:\/\/www.dunyasaati.org\" target=\"_blank\" rel=\"noopener\">www.dunyasaati.org <\/a><\/strong>adresi \u00fczerinden g\u00f6sterdi. <strong>\u0130klim krizi ile m\u00fccadele<\/strong> i\u00e7in <strong>gelece\u011fi birlikte ayd\u0131nlatma \u00e7a\u011fr\u0131s\u0131nda<\/strong> bulunan sitenin<strong> blog b\u00f6l\u00fcm\u00fcnde<\/strong> bu \u00e7a\u011fr\u0131 do\u011frultusunda yol g\u00f6sterici g\u00fcncel yaz\u0131lar bir araya getirildi.<\/p>\n<p>D\u00fcnya Saati etkinlikleri \u00e7er\u00e7evesinde, <strong>26 Mart 2022 Cumartesi<\/strong> ak\u015fam\u0131, WWF-T\u00fcrkiye\u2019nin Instagram hesab\u0131ndan ger\u00e7ekle\u015fen canl\u0131 yay\u0131nda <strong>Yekta Kopan, MaNga, Zeynep Tu\u011f\u00e7e Bayat, Cansel El\u00e7in ve Defne Ongun M\u00fcmino\u011flu<\/strong> gibi \u00e7al\u0131\u015fmalar\u0131nda do\u011fa ve insan\u0131n gelece\u011fini g\u00f6zeten<strong> \u00fcnl\u00fc konuklar\u0131n<\/strong> kat\u0131l\u0131m\u0131 ile <strong>iklim krizine dikkat \u00e7ekilen s\u00f6yle\u015filer<\/strong> yap\u0131ld\u0131.<\/p>\n<h3><strong>Asl\u0131 Pasinli: \u2018D\u00fcnya Saati\u2019nde, d\u00f6n\u00fc\u015f\u00fcm \u00e7a\u011fr\u0131s\u0131na kulak verelim\u2019<\/strong><\/h3>\n<p><strong>WWF-T\u00fcrkiye Genel M\u00fcd\u00fcr\u00fc Asl\u0131 Pasinli, <\/strong><em>&#8220;<strong>D\u00fcnya Saati<\/strong> sonras\u0131nda yapt\u0131\u011f\u0131 a\u00e7\u0131klamada iklim krizinin etkilerine g\u00f6zle g\u00f6r\u00fcl\u00fcr \u015fekilde maruz kalan ilk ve krizi durdurabilecek son ku\u015fak oldu\u011fumuzu hat\u0131rlatarak <strong>bireyler, \u00f6zel sekt\u00f6r, karar al\u0131c\u0131lar<\/strong> ba\u015fta olmak \u00fczere t\u00fcm kesimleri harekete ge\u00e7meye davet ediyoruz.\u00a0 Gezegenimizin gelece\u011fi i\u00e7in sorumluluklar\u0131m\u0131z\u0131 hat\u0131rlayarak <strong>d\u00f6n\u00fc\u015f\u00fcm \u00e7a\u011fr\u0131s\u0131na<\/strong> kulak verelim.&#8221;<\/em> dedi.<\/p>","protected":false},"excerpt":{"rendered":"<p>Sorry, this entry is only available in Turkish. For the sake of viewer convenience, the content is shown below in the alternative language. You may click the link to switch the active language. WWF\u2019in (D\u00fcnya Do\u011fay\u0131 Koruma Vakf\u0131) \u00e7a\u011fr\u0131s\u0131yla her y\u0131l mart ay\u0131n\u0131n son cumartesi g\u00fcn\u00fc d\u00fcnya \u00e7ap\u0131nda d\u00fczenlenen \u201cD\u00fcnya Saati\u201d, bu y\u0131l 26 Mart [&hellip;]<\/p>\n","protected":false},"author":1,"featured_media":153151,"comment_status":"open","ping_status":"open","sticky":false,"template":"","format":"standard","meta":[],"categories":[53,52],"tags":[8980,22129,53412,102129,102131,102130,1298,687],"views":178,"_links":{"self":[{"href":"https:\/\/www.enerjigazetesi.ist\/en\/wp-json\/wp\/v2\/posts\/153148"}],"collection":[{"href":"https:\/\/www.enerjigazetesi.ist\/en\/wp-json\/wp\/v2\/posts"}],"about":[{"href":"https:\/\/www.enerjigazetesi.ist\/en\/wp-json\/wp\/v2\/types\/post"}],"author":[{"embeddable":true,"href":"https:\/\/www.enerjigazetesi.ist\/en\/wp-json\/wp\/v2\/users\/1"}],"replies":[{"embeddable":true,"href":"https:\/\/www.enerjigazetesi.ist\/en\/wp-json\/wp\/v2\/comments?post=153148"}],"version-history":[{"count":0,"href":"https:\/\/www.enerjigazetesi.ist\/en\/wp-json\/wp\/v2\/posts\/153148\/revisions"}],"wp:featuredmedia":[{"embeddable":true,"href":"https:\/\/www.enerjigazetesi.ist\/en\/wp-json\/wp\/v2\/media\/153151"}],"wp:attachment":[{"href":"https:\/\/www.enerjigazetesi.ist\/en\/wp-json\/wp\/v2\/media?parent=153148"}],"wp:term":[{"taxonomy":"category","embeddable":true,"href":"https:\/\/www.enerjigazetesi.ist\/en\/wp-json\/wp\/v2\/categories?post=153148"},{"taxonomy":"post_tag","embeddable":true,"href":"https:\/\/www.enerjigazetesi.ist\/en\/wp-json\/wp\/v2\/tags?post=153148"}],"curies":[{"name":"wp","href":"https:\/\/api.w.org\/{rel}","templated":true}]}}