{"id":153096,"date":"2022-03-26T19:19:27","date_gmt":"2022-03-26T16:19:27","guid":{"rendered":"https:\/\/www.enerjigazetesi.ist\/?p=153096"},"modified":"2022-03-26T19:55:32","modified_gmt":"2022-03-26T16:55:32","slug":"verimli-isinma-icin-ipuclari","status":"publish","type":"post","link":"https:\/\/www.enerjigazetesi.ist\/en\/verimli-isinma-icin-ipuclari\/","title":{"rendered":"(Turkish) Verimli Is\u0131nma \u0130\u00e7in \u0130pu\u00e7lar\u0131&#8230;"},"content":{"rendered":"<p class=\"qtranxs-available-languages-message qtranxs-available-languages-message-en\">Sorry, this entry is only available in <a href=\"https:\/\/www.enerjigazetesi.ist\/tr\/wp-json\/wp\/v2\/posts\/153096\" class=\"qtranxs-available-language-link qtranxs-available-language-link-tr\" title=\"Turkish\">Turkish<\/a>. For the sake of viewer convenience, the content is shown below in the alternative language. You may click the link to switch the active language.<\/p><p><\/p>\n<h2>Daha verimli \u0131s\u0131nma i\u00e7in oda s\u0131cakl\u0131\u011f\u0131n\u0131n \u00f6nemine dikkat \u00e7ekilerek, \u201cY\u00fcksek faturalarla kar\u015f\u0131la\u015fmamak i\u00e7in \u00f6nce do\u011fru oda s\u0131cakl\u0131\u011f\u0131n\u0131 belirleyin\u201d \u00f6nerisinde bulunuluyor.<\/h2>\n<p>Buderus uzmanlar\u0131n\u0131n verdi\u011fi bilgiye g\u00f6re, ideal oda s\u0131cakl\u0131klar\u0131n\u0131n oturma odalar\u0131nda <strong>20-22\u00b0C<\/strong>, yatak odalar\u0131nda ise<strong> 18-20\u00b0C<\/strong> aras\u0131nda olmas\u0131 gerekiyor. <strong>Verimli \u0131s\u0131nma<\/strong> i\u00e7in ideal oda s\u0131cakl\u0131\u011f\u0131<strong> 21\u00b0C<\/strong> olup, konfor \u015fart\u0131 ki\u015fiden ki\u015fiye farkl\u0131l\u0131k g\u00f6steriyor. Oda s\u0131cakl\u0131\u011f\u0131n\u0131<strong> 1\u00b0C<\/strong> daha d\u00fc\u015f\u00fck ayarlamak, farkl\u0131 <img loading=\"lazy\" class=\"alignright wp-image-153098\" src=\"https:\/\/www.enerjigazetesi.ist\/wp-content\/uploads\/2022\/03\/1648121079_Buderus_Gorsal__1_.jpg\" alt=\"\" width=\"320\" height=\"262\" srcset=\"https:\/\/www.enerjigazetesi.ist\/wp-content\/uploads\/2022\/03\/1648121079_Buderus_Gorsal__1_.jpg 342w, https:\/\/www.enerjigazetesi.ist\/wp-content\/uploads\/2022\/03\/1648121079_Buderus_Gorsal__1_-300x246.jpg 300w, https:\/\/www.enerjigazetesi.ist\/wp-content\/uploads\/2022\/03\/1648121079_Buderus_Gorsal__1_-61x50.jpg 61w\" sizes=\"(max-width: 320px) 100vw, 320px\" \/>lokasyonlara g\u00f6re de\u011fi\u015fmekle beraber, <strong>%<\/strong> <strong>8<\/strong> ila<strong> 12<\/strong> aras\u0131nda <strong>yak\u0131t tasarrufu<\/strong> sa\u011fl\u0131yor.<\/p>\n<h3><strong>Yo\u011fu\u015fmal\u0131 kombiler daha tasarruflu<\/strong><\/h3>\n<p>Yak\u0131t tasarrufu i\u00e7in <strong>kombi se\u00e7imi<\/strong> de b\u00fcy\u00fck \u00f6nem ta\u015f\u0131yor. <strong>Evin metrekaresi<\/strong> ve<strong> \u00e7al\u0131\u015fma s\u0131cakl\u0131klar\u0131ndan ba\u011f\u0131ms\u0131z<\/strong> olarak <strong>yo\u011fu\u015fmal\u0131 kombiler<\/strong>, konvansiyonel kombilere oranla her zaman daha tasarruflu olmalar\u0131yla \u00f6ne \u00e7\u0131k\u0131yor. E\u011fer \u00e7al\u0131\u015fma s\u0131cakl\u0131klar\u0131 d\u00fc\u015f\u00fck ve\/veya radyat\u00f6r say\u0131s\u0131 fazla olursa bu verim daha da art\u0131yor. Bu nedenle uzmanlar, verimli \u0131s\u0131nma i\u00e7in hem \u00e7al\u0131\u015fma prensibi hem de teknolojisiyle \u00e7ok geli\u015fmi\u015f ve tasarruflu cihazlar olan yo\u011fu\u015fmal\u0131 kombilerin tercih edilmesini \u00f6neriyor.<\/p>\n<h3><strong>S\u0131cakl\u0131\u011f\u0131 oda kumandas\u0131 ile kontrol edin<\/strong><\/h3>\n<p>Buderus\u2019un daha verimli \u0131s\u0131nma sa\u011flamak i\u00e7in bir di\u011fer \u00f6nerisi de kombileri, oda kumandas\u0131yla kullanarak ortam s\u0131cakl\u0131\u011f\u0131n\u0131 ekstra hassasiyetle kontrol etmek. Bunun i\u00e7in en do\u011fru konumun oturma odas\u0131 oldu\u011fu belirtiliyor. Oda kumandas\u0131n\u0131n s\u0131cakl\u0131\u011f\u0131 en sa\u011fl\u0131kl\u0131 \u015fekilde \u00f6l\u00e7ebilmesi i\u00e7in radyat\u00f6r yan\u0131nda veya yak\u0131nda olmas\u0131 ve tercihen duvarda yerden belirli y\u00fckseklikte bulunmas\u0131 \u00f6neriliyor.<\/p>\n<h3><strong>Her y\u0131l kombi bak\u0131m\u0131n\u0131 ihmal etmeyin!<\/strong><\/h3>\n<p>Kombiler, k\u0131\u015f aylar\u0131nda yakla\u015f\u0131k 3-4 ay boyunca her g\u00fcn ortalama 6-7 saat kesintisiz \u00e7al\u0131\u015f\u0131r. Bu \u00e7al\u0131\u015fma s\u0131ras\u0131nda zamanla kombi y\u00fczeylerinde pislik birikebilir ve bu durum \u0131s\u0131 transferini engelleyerek kombinin verimini d\u00fc\u015f\u00fcr\u00fcr. Bu nedenle her y\u0131l yetkili servislere d\u00fczenli kombi bak\u0131m\u0131 yapt\u0131r\u0131lmas\u0131 b\u00fcy\u00fck \u00f6nem ta\u015f\u0131yor.<\/p>\n<p>Daha fazla verim i\u00e7in <span style=\"text-decoration: underline;\">di\u011fer \u00f6neriler ise \u015funlard\u0131r;<\/span><\/p>\n<p>&#8211; Odada \u0131s\u0131n\u0131n rahat yay\u0131labilmesi i\u00e7in <strong>radyat\u00f6r<\/strong> gibi<strong> \u0131s\u0131t\u0131c\u0131 elemanlar\u0131n \u00f6nleri kapat\u0131lmamal\u0131.<\/strong><\/p>\n<p>&#8211; Is\u0131 kayb\u0131n\u0131n en fazla oldu\u011fu kap\u0131 ve pencere b\u00f6lgelerinde <strong>\u0131s\u0131 yal\u0131t\u0131m\u0131<\/strong> olup olmad\u0131\u011f\u0131 mutlaka kontrol edilmeli. Bulundu\u011funuz konumda varsa <strong>geceleri panjurlar\u0131<\/strong> veya<strong> kepenkleri kapatmak<\/strong> enerji verimlili\u011fine \u00f6nemli oranda katk\u0131 sa\u011flar.<\/p>\n<p>&#8211; Is\u0131y\u0131 i\u00e7eride tutabilmek i\u00e7in pencereleri <strong>k\u0131sa s\u00fcreli<\/strong> ve<strong> tam a\u00e7arak<\/strong> oda havaland\u0131r\u0131lmal\u0131. Pencereleri aral\u0131k b\u0131rakarak <strong>havaland\u0131rma<\/strong> yap\u0131lmamal\u0131. Bu i\u015flemi yaparken<strong> termostatik radyat\u00f6r vanalar\u0131n\u0131<\/strong> kapatmak bir di\u011fer \u00f6nemli etkendir.<\/p>\n<p>&#8211; Oda s\u0131cakl\u0131\u011f\u0131 <strong>5\u00b0C<\/strong>\u2019nin alt\u0131na d\u00fc\u015ft\u00fc\u011f\u00fc zaman<strong> kombilerdeki donma korumas\u0131<\/strong> otomatik olarak devreye girer ve<strong> \u0131s\u0131tma i\u015fleminden<\/strong> sonra devreden \u00e7\u0131kar. Bu nedenle cihaz her zaman \u00e7al\u0131\u015fmaya haz\u0131r durumda b\u0131rak\u0131lmal\u0131d\u0131r.<\/p>","protected":false},"excerpt":{"rendered":"<p>Sorry, this entry is only available in Turkish. For the sake of viewer convenience, the content is shown below in the alternative language. You may click the link to switch the active language. Daha verimli \u0131s\u0131nma i\u00e7in oda s\u0131cakl\u0131\u011f\u0131n\u0131n \u00f6nemine dikkat \u00e7ekilerek, \u201cY\u00fcksek faturalarla kar\u015f\u0131la\u015fmamak i\u00e7in \u00f6nce do\u011fru oda s\u0131cakl\u0131\u011f\u0131n\u0131 belirleyin\u201d \u00f6nerisinde bulunuluyor. Buderus uzmanlar\u0131n\u0131n [&hellip;]<\/p>\n","protected":false},"author":1,"featured_media":153100,"comment_status":"open","ping_status":"open","sticky":false,"template":"","format":"standard","meta":[],"categories":[46,53],"tags":[29686,23219,103,102114,102113,1473,37477],"views":312,"_links":{"self":[{"href":"https:\/\/www.enerjigazetesi.ist\/en\/wp-json\/wp\/v2\/posts\/153096"}],"collection":[{"href":"https:\/\/www.enerjigazetesi.ist\/en\/wp-json\/wp\/v2\/posts"}],"about":[{"href":"https:\/\/www.enerjigazetesi.ist\/en\/wp-json\/wp\/v2\/types\/post"}],"author":[{"embeddable":true,"href":"https:\/\/www.enerjigazetesi.ist\/en\/wp-json\/wp\/v2\/users\/1"}],"replies":[{"embeddable":true,"href":"https:\/\/www.enerjigazetesi.ist\/en\/wp-json\/wp\/v2\/comments?post=153096"}],"version-history":[{"count":0,"href":"https:\/\/www.enerjigazetesi.ist\/en\/wp-json\/wp\/v2\/posts\/153096\/revisions"}],"wp:featuredmedia":[{"embeddable":true,"href":"https:\/\/www.enerjigazetesi.ist\/en\/wp-json\/wp\/v2\/media\/153100"}],"wp:attachment":[{"href":"https:\/\/www.enerjigazetesi.ist\/en\/wp-json\/wp\/v2\/media?parent=153096"}],"wp:term":[{"taxonomy":"category","embeddable":true,"href":"https:\/\/www.enerjigazetesi.ist\/en\/wp-json\/wp\/v2\/categories?post=153096"},{"taxonomy":"post_tag","embeddable":true,"href":"https:\/\/www.enerjigazetesi.ist\/en\/wp-json\/wp\/v2\/tags?post=153096"}],"curies":[{"name":"wp","href":"https:\/\/api.w.org\/{rel}","templated":true}]}}