{"id":153086,"date":"2022-03-26T18:31:11","date_gmt":"2022-03-26T15:31:11","guid":{"rendered":"https:\/\/www.enerjigazetesi.ist\/?p=153086"},"modified":"2022-03-26T18:31:11","modified_gmt":"2022-03-26T15:31:11","slug":"kartepe-zirvesi-2022de-karbon-notr-gelecek-konusu-masaya-yatirildi","status":"publish","type":"post","link":"https:\/\/www.enerjigazetesi.ist\/en\/kartepe-zirvesi-2022de-karbon-notr-gelecek-konusu-masaya-yatirildi\/","title":{"rendered":"(Turkish) Kartepe Zirvesi 2022\u2019de &#8216;Karbon N\u00f6tr Gelecek&#8217; Konusu Masaya Yat\u0131r\u0131ld\u0131"},"content":{"rendered":"<p class=\"qtranxs-available-languages-message qtranxs-available-languages-message-en\">Sorry, this entry is only available in <a href=\"https:\/\/www.enerjigazetesi.ist\/tr\/wp-json\/wp\/v2\/posts\/153086\" class=\"qtranxs-available-language-link qtranxs-available-language-link-tr\" title=\"Turkish\">Turkish<\/a>. For the sake of viewer convenience, the content is shown below in the alternative language. You may click the link to switch the active language.<\/p><p><\/p>\n<h2>Dr. Tamer Atabarut moderat\u00f6rl\u00fc\u011f\u00fcnde ger\u00e7ekle\u015fen panelde AB\u2019nin 2050 y\u0131l\u0131na kadar karbon n\u00f6tr olmay\u0131 planlamas\u0131 ile ilgili konu\u015fan konuklar, kat\u0131l\u0131mc\u0131larla \u00f6nemli bilgiler payla\u015ft\u0131.<\/h2>\n<h3><strong>\u201c\u0130KL\u0130M KR\u0130Z\u0130 \u0130LE B\u0130RL\u0130KTE T\u00dcRK\u0130YE B\u0130R GECEDE 150 M\u0130LYON N\u00dcFUSA SAH\u0130P B\u0130R \u00dcLKE OLAB\u0130L\u0130R\u201d<\/strong><\/h3>\n<p><em>Bo\u011fazi\u00e7i \u00dcniversitesi \u0130klim De\u011fi\u015fikli\u011fi ve Politikalar\u0131 Uygulama ve Ara\u015ft\u0131rma Merkezi M\u00fcd\u00fcr\u00fc<\/em> Prof. <strong>Dr. Levent Kurnaz<\/strong> yapt\u0131\u011f\u0131 konu\u015fmada,<em> \u201cT\u00fcrkiye\u2019nin g\u00fcndeminde <strong>iklim de\u011fi\u015fikli\u011fi<\/strong> ne yaz\u0131k ki yok. <strong>Ekonomi, enerji<\/strong> ve<strong> finans<\/strong> gibi konular\u0131 a\u011f\u0131rl\u0131kl\u0131 olarak konu\u015fuyoruz. <strong>2053 y\u0131l\u0131nda<\/strong> net 0 anla\u015fmas\u0131 var. Meclis\u2019ten de ge\u00e7ti. Bununla ilgili olarak <strong>alt\u0131n\u0131 dolduracak eylemler<\/strong> yapmas\u0131 <img loading=\"lazy\" class=\"alignright wp-image-153088\" src=\"https:\/\/www.enerjigazetesi.ist\/wp-content\/uploads\/2022\/03\/kartepe-zirvesi-2022de-karbon-notr-gelecek-konusu-masaya-yatirildi-2.jpg\" alt=\"\" width=\"320\" height=\"213\" srcset=\"https:\/\/www.enerjigazetesi.ist\/wp-content\/uploads\/2022\/03\/kartepe-zirvesi-2022de-karbon-notr-gelecek-konusu-masaya-yatirildi-2.jpg 550w, https:\/\/www.enerjigazetesi.ist\/wp-content\/uploads\/2022\/03\/kartepe-zirvesi-2022de-karbon-notr-gelecek-konusu-masaya-yatirildi-2-300x200.jpg 300w, https:\/\/www.enerjigazetesi.ist\/wp-content\/uploads\/2022\/03\/kartepe-zirvesi-2022de-karbon-notr-gelecek-konusu-masaya-yatirildi-2-500x333.jpg 500w, https:\/\/www.enerjigazetesi.ist\/wp-content\/uploads\/2022\/03\/kartepe-zirvesi-2022de-karbon-notr-gelecek-konusu-masaya-yatirildi-2-75x50.jpg 75w, https:\/\/www.enerjigazetesi.ist\/wp-content\/uploads\/2022\/03\/kartepe-zirvesi-2022de-karbon-notr-gelecek-konusu-masaya-yatirildi-2-450x300.jpg 450w\" sizes=\"(max-width: 320px) 100vw, 320px\" \/>gerekiyor\u201d<\/em> dedi.<\/p>\n<p>Prof. Dr. Levent Kurnaz konu\u015fmas\u0131nda <span style=\"text-decoration: underline;\">\u015funlar\u0131 kaydetti:<\/span><em> \u201cG\u00fcndelik ya\u015fant\u0131m\u0131z i\u00e7inde d\u00fcnya gelece\u011fini \u00e7ok az d\u00fc\u015f\u00fcn\u00fcyor ve \u00f6nemsiyoruz. Bundan birka\u00e7 sene \u00f6nce <strong>Akdeniz havzas\u0131n\u0131n<\/strong> turizm potansiyelini \u00e7al\u0131\u015ft\u0131k. <strong>2070<\/strong> &#8211; <strong>2100 y\u0131llar\u0131<\/strong> aras\u0131nda bu b\u00f6lgenin ve \u00f6zellikle turizm bak\u0131m\u0131ndan Antalya\u2019n\u0131n gelece\u011fini ara\u015ft\u0131rd\u0131k. Antalya\u2019da bu y\u00fcz y\u0131l\u0131n sonunda gen\u00e7 veya ya\u015fl\u0131 sokakta 5 saat kal\u0131rsa rahats\u0131zlanaca\u011f\u0131 ve \u00f6l\u00fcmle sonu\u00e7lanan hastal\u0131klar\u0131n g\u00f6r\u00fclmesi bekleniyor. <strong>\u0130klim krizi<\/strong> ile ilgili t\u00fcm co\u011frafya olarak \u00e7al\u0131\u015fmalar yapmam\u0131z gerekiyor. Ba\u015fka bir tehlike de n\u00fcfusun yo\u011fun oldu\u011fu Pakistan. Pakistan\u2019da <strong>2050 y\u0131l\u0131na kadar<\/strong> her sene Antalya\u2019daki gibi a\u015f\u0131r\u0131 s\u0131caklardan dolay\u0131 \u00f6l\u00fcmlerin g\u00f6r\u00fclme olas\u0131l\u0131\u011f\u0131<strong> y\u00fczde 70<\/strong> seviyesinde. Sadece bir defaya mahsus de\u011fil, her sene tekrarlama potansiyeline sahip. Bunun ger\u00e7eklemesi durumda<strong> 20<\/strong> ila <strong>30 milyon<\/strong> aras\u0131nda insan hayat\u0131n\u0131 kaybedecek. <strong>Geri kalan Pakistanl\u0131lar<\/strong> ise yak\u0131n \u00fclkelere g\u00f6\u00e7 edecek.<strong> \u0130klim krizi<\/strong> ile birlikte T\u00fcrkiye bir gecede <strong>150 milyon n\u00fcfusa<\/strong> sahip bir \u00fclke olabilir\u201d<\/em><\/p>\n<h3><strong>\u201cKARBON \u0130LE \u0130LG\u0130L\u0130 OLARAK VATANDA\u015eLARA VE KURUMLARA E\u011e\u0130T\u0130MLER VER\u0130LMEL\u0130\u201d<\/strong><\/h3>\n<p><em>\u0130klimer Direkt\u00f6r Yard\u0131mc\u0131s\u0131<\/em> <strong>Dr. Duygu Erten<\/strong> ise, <em>\u201cCOP 26 \u0130klim zirvesi \u00f6nemli bir konferanst\u0131. Paris anla\u015fmas\u0131ndan sonra AB ye\u015fil mutabakat\u0131n\u0131n <strong>d\u00f6ng\u00fcsel eylem plan\u0131n\u0131n<\/strong> g\u00fcndeme gelmesiyle birlikte daha fazla kat\u0131l\u0131mc\u0131 a\u011f\u0131rlad\u0131. \u00c7ok payda\u015fl\u0131 konular\u0131n daha sa\u011fl\u0131kl\u0131 tart\u0131\u015f\u0131ld\u0131\u011f\u0131 bir durum oldu. <strong>88<\/strong> \u00fclke vard\u0131, <strong>136<\/strong> \u00fclke beyanname verdi. Herkesin hedefleri ortaya \u00e7\u0131kt\u0131. D\u00fcnya n\u00fcfus art\u0131\u015f\u0131n\u0131n y\u00fczde 80\u2019inin olaca\u011f\u0131 \u00fclkeler <strong>enerji verimlili\u011fi kural\u0131 olmayan \u00fclkeler<\/strong>. Bu da karbon art\u0131\u015f\u0131na sebep oluyor. Karbon fiyatlar\u0131n\u0131n da g\u00fcndeme gelmesinden sonra ciddi bir sorun oldu. Karbon ile ilgili olarak vatanda\u015flara ve kurumlara e\u011fitimler verilmelidir. Pilot projeler \u00fcretilmeli ve ye\u015fil sertifikalar\u0131n anlat\u0131ld\u0131\u011f\u0131 <strong>pilot projeler<\/strong> olmas\u0131 gerekiyor\u201d dedi. S\u00fcrd\u00fcr\u00fclebilir Kalk\u0131nma Derne\u011fi Ba\u015fkan\u0131 ve Garanti BBVA Genel M\u00fcd\u00fcr Yard\u0131mc\u0131s\u0131<strong> Ebru Dildar Edin<\/strong> yapt\u0131\u011f\u0131 konu\u015fmada, \u201cT\u00fcrkiye\u2019nin 2053 i\u00e7in vermi\u015f oldu\u011fu hedefler \u00e7ok \u00f6nemli. Paris \u0130klim Anla\u015fmas\u0131n\u0131 onaylamas\u0131 ile birlikte <strong>T\u00fcrkiye\u2019nin \u0130klim Politikas\u0131nda<\/strong> yeni bir d\u00f6nem ba\u015fl\u0131yor. \u0130\u015f d\u00fcnyas\u0131n\u0131n da bu d\u00f6n\u00fc\u015fmedeki rol\u00fc \u00e7ok b\u00fcy\u00fck\u201d<\/em> dedi.<\/p>\n<h3><strong>\u00a0\u201c2025\u2019DE NET SIFIR SA\u011eLAYACAK N\u00dcFUS NE OLACAK?\u201d<\/strong><\/h3>\n<p>\u00c7evre Portf\u00f6y Y\u00f6neticisi Nuri \u00d6zba\u011fdatl\u0131 ise ilgin\u00e7 bir benzetmeyle <strong>iklim krizini<\/strong> \u00f6zetledi. \u00d6zba\u011fdatl\u0131, <em>\u201c\u0130klim krizi Covid\u2019e \u00e7ok benziyor. Sizi en zay\u0131f sisteminizden yakal\u0131yor. Krizlere kar\u015f\u0131 en ucuz, en dayanakl\u0131 direncimizi art\u0131racak do\u011fa ile ilgili \u00e7\u00f6z\u00fcmler. <strong>2025\u2019te net s\u0131f\u0131r<\/strong> sa\u011flayacak <strong>n\u00fcfus ne olacak? Ya\u015fl\u0131 n\u00fcfusu ne olacak?<\/strong> <strong>G\u0131da nereden gelecek?<\/strong> Bunlar\u0131n hepsi cevap bekleyen sorular. Uzun vadeli <strong>iklim stresini<\/strong> haz\u0131rlayaca\u011f\u0131z. Belediyecilik hizmetlerinde sadece bug\u00fcn de\u011fil, gelece\u011fe y\u00f6nelik taleplerimizi iletelim. \u0130klim adaletlili\u011fi g\u00f6r\u00fcrsek, bunlar\u0131n kar\u015f\u0131s\u0131nda hep beraber dural\u0131m\u201d dedi. <strong>S\u0131f\u0131r karbonlu ara\u00e7lar\u0131n<\/strong> gelecekteki \u00f6nemini a\u00e7\u0131klayan OSD \u00c7evre Koordinat\u00f6r\u00fc <strong>Meral Turan Ak\u0131rmak<\/strong>, ise, \u201cUla\u015f\u0131m alan\u0131nda kaynakl\u0131 <strong>emisyon alanlar\u0131n\u0131<\/strong> azaltmal\u0131y\u0131z. Bu alanda <strong>d\u00fc\u015f\u00fck emisyonl<\/strong>u ara\u00e7lara ge\u00e7i\u015f yapmal\u0131y\u0131z. <strong>S\u0131f\u0131r emisyonlu ara\u00e7lar<\/strong> i\u00e7in <strong>\u015farj altyap\u0131lar\u0131<\/strong> olu\u015fturmal\u0131y\u0131z\u201d<\/em> dedi.<\/p>","protected":false},"excerpt":{"rendered":"<p>Sorry, this entry is only available in Turkish. For the sake of viewer convenience, the content is shown below in the alternative language. You may click the link to switch the active language. Dr. Tamer Atabarut moderat\u00f6rl\u00fc\u011f\u00fcnde ger\u00e7ekle\u015fen panelde AB\u2019nin 2050 y\u0131l\u0131na kadar karbon n\u00f6tr olmay\u0131 planlamas\u0131 ile ilgili konu\u015fan konuklar, kat\u0131l\u0131mc\u0131larla \u00f6nemli bilgiler payla\u015ft\u0131. [&hellip;]<\/p>\n","protected":false},"author":1,"featured_media":153089,"comment_status":"open","ping_status":"open","sticky":false,"template":"","format":"standard","meta":[],"categories":[53,52],"tags":[11128,53412,3076,1247,102110,98418,86037,41166,97266,793],"views":106,"_links":{"self":[{"href":"https:\/\/www.enerjigazetesi.ist\/en\/wp-json\/wp\/v2\/posts\/153086"}],"collection":[{"href":"https:\/\/www.enerjigazetesi.ist\/en\/wp-json\/wp\/v2\/posts"}],"about":[{"href":"https:\/\/www.enerjigazetesi.ist\/en\/wp-json\/wp\/v2\/types\/post"}],"author":[{"embeddable":true,"href":"https:\/\/www.enerjigazetesi.ist\/en\/wp-json\/wp\/v2\/users\/1"}],"replies":[{"embeddable":true,"href":"https:\/\/www.enerjigazetesi.ist\/en\/wp-json\/wp\/v2\/comments?post=153086"}],"version-history":[{"count":0,"href":"https:\/\/www.enerjigazetesi.ist\/en\/wp-json\/wp\/v2\/posts\/153086\/revisions"}],"wp:featuredmedia":[{"embeddable":true,"href":"https:\/\/www.enerjigazetesi.ist\/en\/wp-json\/wp\/v2\/media\/153089"}],"wp:attachment":[{"href":"https:\/\/www.enerjigazetesi.ist\/en\/wp-json\/wp\/v2\/media?parent=153086"}],"wp:term":[{"taxonomy":"category","embeddable":true,"href":"https:\/\/www.enerjigazetesi.ist\/en\/wp-json\/wp\/v2\/categories?post=153086"},{"taxonomy":"post_tag","embeddable":true,"href":"https:\/\/www.enerjigazetesi.ist\/en\/wp-json\/wp\/v2\/tags?post=153086"}],"curies":[{"name":"wp","href":"https:\/\/api.w.org\/{rel}","templated":true}]}}