{"id":153065,"date":"2022-03-25T20:14:57","date_gmt":"2022-03-25T17:14:57","guid":{"rendered":"https:\/\/www.enerjigazetesi.ist\/?p=153065"},"modified":"2022-03-25T20:14:57","modified_gmt":"2022-03-25T17:14:57","slug":"yarin-isiklar-iklim-krizi-ve-doga-kayiplari-icin-1-saatligine-kapatilacak","status":"publish","type":"post","link":"https:\/\/www.enerjigazetesi.ist\/en\/yarin-isiklar-iklim-krizi-ve-doga-kayiplari-icin-1-saatligine-kapatilacak\/","title":{"rendered":"(Turkish) Yar\u0131n I\u015f\u0131klar \u0130klim Krizi ve Do\u011fa Kay\u0131plar\u0131 \u0130\u00e7in 1 Saatli\u011fine Kapat\u0131lacak!"},"content":{"rendered":"<p class=\"qtranxs-available-languages-message qtranxs-available-languages-message-en\">Sorry, this entry is only available in <a href=\"https:\/\/www.enerjigazetesi.ist\/tr\/wp-json\/wp\/v2\/posts\/153065\" class=\"qtranxs-available-language-link qtranxs-available-language-link-tr\" title=\"Turkish\">Turkish<\/a>. For the sake of viewer convenience, the content is shown below in the alternative language. You may click the link to switch the active language.<\/p><p><\/p>\n<h2><strong>WWF\u2019in iklim krizi ve do\u011fa kay\u0131plar\u0131na dikkat \u00e7ekmek i\u00e7in 2007\u2019den bu yana d\u00fcnya genelinde milyonlarca insan\u0131n kat\u0131l\u0131m\u0131yla s\u00fcrd\u00fcrd\u00fc\u011f\u00fc k\u00fcresel etkinlik D\u00fcnya Saati, bu y\u0131l \u201cD\u00f6n\u00fc\u015f\u00fcm Saati\u201d temas\u0131yla d\u00fczenlenecek. I\u015f\u0131klar 26 Mart Cumartesi ak\u015fam\u0131, 20.30 &#8211; 21.30 aras\u0131nda bir saatli\u011fine d\u00f6n\u00fc\u015f\u00fcm i\u00e7in kapat\u0131lacak. <\/strong><\/h2>\n<p><strong>WWF\u2019in (D\u00fcnya Do\u011fay\u0131 Koruma Vakf\u0131)<\/strong> \u00e7a\u011fr\u0131s\u0131yla her y\u0131l mart ay\u0131n\u0131n son cumartesi g\u00fcn\u00fc d\u00fcnya genelinde d\u00fczenlenen <strong>\u201cD\u00fcnya Saati\u201d<\/strong>, bu y\u0131l <strong>26 Mart Cumartesi<\/strong> ak\u015fam\u0131<strong> 20.30 \u2013 21.30<\/strong> saatleri <img loading=\"lazy\" class=\"alignright wp-image-153067\" src=\"https:\/\/www.enerjigazetesi.ist\/wp-content\/uploads\/2022\/03\/yarin-isiklar-iklim-krizi-ve-doga-kayiplari-icin-1-saatligine-kapatilacak.jpg\" alt=\"\" width=\"320\" height=\"320\" srcset=\"https:\/\/www.enerjigazetesi.ist\/wp-content\/uploads\/2022\/03\/yarin-isiklar-iklim-krizi-ve-doga-kayiplari-icin-1-saatligine-kapatilacak.jpg 550w, https:\/\/www.enerjigazetesi.ist\/wp-content\/uploads\/2022\/03\/yarin-isiklar-iklim-krizi-ve-doga-kayiplari-icin-1-saatligine-kapatilacak-300x300.jpg 300w, https:\/\/www.enerjigazetesi.ist\/wp-content\/uploads\/2022\/03\/yarin-isiklar-iklim-krizi-ve-doga-kayiplari-icin-1-saatligine-kapatilacak-150x150.jpg 150w, https:\/\/www.enerjigazetesi.ist\/wp-content\/uploads\/2022\/03\/yarin-isiklar-iklim-krizi-ve-doga-kayiplari-icin-1-saatligine-kapatilacak-400x400.jpg 400w, https:\/\/www.enerjigazetesi.ist\/wp-content\/uploads\/2022\/03\/yarin-isiklar-iklim-krizi-ve-doga-kayiplari-icin-1-saatligine-kapatilacak-50x50.jpg 50w, https:\/\/www.enerjigazetesi.ist\/wp-content\/uploads\/2022\/03\/yarin-isiklar-iklim-krizi-ve-doga-kayiplari-icin-1-saatligine-kapatilacak-100x100.jpg 100w, https:\/\/www.enerjigazetesi.ist\/wp-content\/uploads\/2022\/03\/yarin-isiklar-iklim-krizi-ve-doga-kayiplari-icin-1-saatligine-kapatilacak-500x500.jpg 500w\" sizes=\"(max-width: 320px) 100vw, 320px\" \/>aras\u0131nda<strong> \u201cd\u00f6n\u00fc\u015f\u00fcm\u201d<\/strong> \u00e7a\u011fr\u0131s\u0131yla ger\u00e7ekle\u015fecek. Etkinlikte, d\u00fcnya genelinde<strong> iklim<\/strong> ve<strong> biyo\u00e7e\u015fitlilik krizine<\/strong> dikkat \u00e7ekmek i\u00e7in <strong>\u0131\u015f\u0131klar 1 saatli\u011fine kapat\u0131lacak.<\/strong><\/p>\n<p>\u00dclkemizde <strong>WWF-T\u00fcrkiye<\/strong>\u2019nin (Do\u011fal Hayat\u0131 Koruma Vakf\u0131) \u00f6nc\u00fcl\u00fck etti\u011fi etkinli\u011fin kat\u0131l\u0131mc\u0131lar\u0131 <strong>\u201cDu\u0308nya Saati, D\u00f6n\u00fc\u015f\u00fcm Saati\u201d<\/strong> diyerek, du\u0308nyan\u0131n her yerinden milyonlarca insanla birlikte gezegenin sesi olacak.<\/p>\n<p><strong>Garanti BBVA<\/strong> ve<strong> Panasonic Life Solutions T\u00fcrkiye<\/strong>\u2019nin ana sponsorlu\u011funda d\u00fczenlenecek D\u00fcnya Saati\u2019ne <a href=\"http:\/\/www.dunyasaati.org\" target=\"_blank\" rel=\"noopener\">www.dunyasaati.org <\/a>adresi \u00fczerinden<strong> kay\u0131t yapt\u0131rarak kat\u0131l\u0131m<\/strong> sa\u011flanabilir.<\/p>\n<p>D\u00fcnya Saati etkinlikleri \u00e7er\u00e7evesinde, <strong>26 Mart Cumartesi<\/strong> ak\u015fam\u0131, WWF-T\u00fcrkiye\u2019nin Instagram hesab\u0131ndan yap\u0131lacak <strong>canl\u0131 yay\u0131nla, \u0131\u015f\u0131klar kapat\u0131larak<\/strong> s\u00fcrpriz konuklar e\u015fli\u011finde <strong>iklim krizine<\/strong> dikkat \u00e7ekilen s\u00f6yle\u015filer yap\u0131lacak.<\/p>\n<h3><strong>Asl\u0131 Pasinli: \u2018D\u00fcnya Saati\u2019nde, d\u00f6n\u00fc\u015f\u00fcm \u00e7a\u011fr\u0131s\u0131na kulak verelim\u2019<\/strong><\/h3>\n<p><strong>WWF-T\u00fcrkiye Genel M\u00fcd\u00fcr\u00fc Asl\u0131 Pasinli,<\/strong> iklim krizinin etkilerine g\u00f6zle g\u00f6r\u00fcl\u00fcr \u015fekilde maruz kalan <strong>ilk<\/strong> ve<strong> krizi<\/strong> durdurabilecek<strong> son ku\u015fak<\/strong> oldu\u011fumuzu vurgulayarak \u015funlar\u0131 ifade etti: <em>\u201c\u00dclkemiz <strong>kurakl\u0131k, orman yang\u0131nlar\u0131, seller<\/strong> gibi sonu\u00e7lar\u0131 <strong>a\u011f\u0131r do\u011fal afetlerle<\/strong> kar\u015f\u0131 kar\u015f\u0131ya kal\u0131yor. Son y\u0131llarda<strong> iklim krizinin etkilerini<\/strong> ciddi \u015fekilde ya\u015f\u0131yoruz. Ne yaz\u0131k ki somut sonu\u00e7lar\u0131yla y\u00fczle\u015fmeden \u00f6nce <strong>iklim krizi tehlikesi<\/strong> t\u00fcm d\u00fcnyan\u0131n bu kadar g\u00fcndeminde de\u011fildi. Daha fazla ge\u00e7 kalmadan iklim krizini durdurmak ise birlikte m\u00fcmk\u00fcn! <strong>26 Mart Cumartesi<\/strong> ak\u015fam\u0131 siz de \u0131\u015f\u0131klar\u0131n\u0131z\u0131 bir saatli\u011fine kapat\u0131n. Gezegenimizin gelece\u011fi i\u00e7in <strong>kalplerimizin sesini d\u00fcnyaya<\/strong> duyural\u0131m. D\u00f6n\u00fc\u015f\u00fcm \u00e7a\u011fr\u0131s\u0131na kulak verelim.\u201d<\/em><\/p>","protected":false},"excerpt":{"rendered":"<p>Sorry, this entry is only available in Turkish. For the sake of viewer convenience, the content is shown below in the alternative language. You may click the link to switch the active language. WWF\u2019in iklim krizi ve do\u011fa kay\u0131plar\u0131na dikkat \u00e7ekmek i\u00e7in 2007\u2019den bu yana d\u00fcnya genelinde milyonlarca insan\u0131n kat\u0131l\u0131m\u0131yla s\u00fcrd\u00fcrd\u00fc\u011f\u00fc k\u00fcresel etkinlik D\u00fcnya Saati, [&hellip;]<\/p>\n","protected":false},"author":1,"featured_media":153067,"comment_status":"open","ping_status":"open","sticky":false,"template":"","format":"standard","meta":[],"categories":[53,52],"tags":[102102,102101,102103,22129,53412,102104,687],"views":132,"_links":{"self":[{"href":"https:\/\/www.enerjigazetesi.ist\/en\/wp-json\/wp\/v2\/posts\/153065"}],"collection":[{"href":"https:\/\/www.enerjigazetesi.ist\/en\/wp-json\/wp\/v2\/posts"}],"about":[{"href":"https:\/\/www.enerjigazetesi.ist\/en\/wp-json\/wp\/v2\/types\/post"}],"author":[{"embeddable":true,"href":"https:\/\/www.enerjigazetesi.ist\/en\/wp-json\/wp\/v2\/users\/1"}],"replies":[{"embeddable":true,"href":"https:\/\/www.enerjigazetesi.ist\/en\/wp-json\/wp\/v2\/comments?post=153065"}],"version-history":[{"count":0,"href":"https:\/\/www.enerjigazetesi.ist\/en\/wp-json\/wp\/v2\/posts\/153065\/revisions"}],"wp:featuredmedia":[{"embeddable":true,"href":"https:\/\/www.enerjigazetesi.ist\/en\/wp-json\/wp\/v2\/media\/153067"}],"wp:attachment":[{"href":"https:\/\/www.enerjigazetesi.ist\/en\/wp-json\/wp\/v2\/media?parent=153065"}],"wp:term":[{"taxonomy":"category","embeddable":true,"href":"https:\/\/www.enerjigazetesi.ist\/en\/wp-json\/wp\/v2\/categories?post=153065"},{"taxonomy":"post_tag","embeddable":true,"href":"https:\/\/www.enerjigazetesi.ist\/en\/wp-json\/wp\/v2\/tags?post=153065"}],"curies":[{"name":"wp","href":"https:\/\/api.w.org\/{rel}","templated":true}]}}