{"id":15301,"date":"2013-09-13T10:06:21","date_gmt":"2013-09-13T07:06:21","guid":{"rendered":"https:\/\/www.enerjigazetesi.ist\/?p=15301"},"modified":"2013-09-13T10:06:21","modified_gmt":"2013-09-13T07:06:21","slug":"kose-yazisi-petrole-su-damladi","status":"publish","type":"post","link":"https:\/\/www.enerjigazetesi.ist\/en\/kose-yazisi-petrole-su-damladi\/","title":{"rendered":"(Turkish) K\u00f6\u015fe yaz\u0131s\u0131: Petrole Su Damlad\u0131&#8230;"},"content":{"rendered":"<p class=\"qtranxs-available-languages-message qtranxs-available-languages-message-en\">Sorry, this entry is only available in <a href=\"https:\/\/www.enerjigazetesi.ist\/tr\/wp-json\/wp\/v2\/posts\/15301\" class=\"qtranxs-available-language-link qtranxs-available-language-link-tr\" title=\"Turkish\">Turkish<\/a>. For the sake of viewer convenience, the content is shown below in the alternative language. You may click the link to switch the active language.<\/p><p><strong>Ge\u00e7en hafta sonu Seferihisar\u2019da \u201cOrkinos \u00c7iftliklerine hay\u0131r\u201d eylemi vard\u0131. Belediye, sivil toplum kurulu\u015flar\u0131, \u201cOrkinos\u2019a \u00f6zg\u00fcrl\u00fck\u201d diye ba\u011f\u0131rd\u0131. Eylem pek \u00e7ok ki\u015fiye s\u0131radan gelebilir. Ama konu derin. Bir kere orkinos \u00e7iftlikleri eko-sistem dengesini bozuyor. T\u00fcrkiye h\u00e2l\u00e2 \u00e7evre konusunu ciddiye alm\u0131yor. Yeni d\u00fcnyada ekonomi, \u201cSu, enerji, g\u0131da ve \u00e7evre\u201d ile \u00e7izilen d\u00f6rt kavram \u00fczerinden y\u00fcr\u00fcyor.<\/strong><\/p>\n<p>Do\u011fu Akdeniz\u2019in de dahil oldu\u011fu, i\u00e7inde ya\u015fad\u0131\u011f\u0131m\u0131z b\u00f6lgeye bu \u00e7er\u00e7eveden bak\u0131n! B\u00f6lge, enerji ve su i\u015fbirli\u011fi a\u00e7\u0131s\u0131ndan \u00f6nem kazan\u0131yor. Bu iki kart\u0131 birlikte a\u00e7an \u00fclke say\u0131s\u0131 art\u0131yor. <strong>\u0130srail, G\u00fcney K\u0131br\u0131s, Yunanistan <\/strong>i\u015fbirli\u011fi eksenine bu defa <strong>M\u0131s\u0131r <\/strong>da dahil oluyor.<\/p>\n<p>***Birbirimizle bo\u011fu\u015fmaktan d\u00fcnyada olup biteni g\u00f6remiyoruz! 1991\u2032den beri kesintsiz devam eden ve ge\u00e7en hafta <strong>Stockholm\u2019<\/strong>de d\u00fczenlenen <strong>D\u00fcnya Su Zirvesi\u2019<\/strong>ni yine g\u00f6zden ka\u00e7\u0131rd\u0131k. \u201cSu\u2019da Uluslararas\u0131 \u0130\u015fbirli\u011fi\u201d yani s\u0131n\u0131r a\u015fan sular\u0131n gerilimi art\u0131rmadan nas\u0131l kullan\u0131laca\u011f\u0131 tart\u0131\u015f\u0131ld\u0131.<\/p>\n<p><strong>S\u0131n\u0131r a\u015fan su deyip ge\u00e7meyin!<a href=\"https:\/\/www.enerjigazetesi.ist\/wp-content\/uploads\/2013\/08\/rusyanin-petrol-faaliyetleri-vatandaslarinin-cikarina-dayanmakta.jpg\"><img loading=\"lazy\" class=\"alignright size-medium wp-image-13855\" title=\"kose-yazisi-petrole-su-damladi\" src=\"https:\/\/www.enerjigazetesi.ist\/wp-content\/uploads\/2013\/08\/rusyanin-petrol-faaliyetleri-vatandaslarinin-cikarina-dayanmakta-300x177.jpg\" alt=\"\" width=\"300\" height=\"177\" srcset=\"https:\/\/www.enerjigazetesi.ist\/wp-content\/uploads\/2013\/08\/rusyanin-petrol-faaliyetleri-vatandaslarinin-cikarina-dayanmakta-300x177.jpg 300w, https:\/\/www.enerjigazetesi.ist\/wp-content\/uploads\/2013\/08\/rusyanin-petrol-faaliyetleri-vatandaslarinin-cikarina-dayanmakta-500x296.jpg 500w, https:\/\/www.enerjigazetesi.ist\/wp-content\/uploads\/2013\/08\/rusyanin-petrol-faaliyetleri-vatandaslarinin-cikarina-dayanmakta-80x47.jpg 80w, https:\/\/www.enerjigazetesi.ist\/wp-content\/uploads\/2013\/08\/rusyanin-petrol-faaliyetleri-vatandaslarinin-cikarina-dayanmakta.jpg 505w\" sizes=\"(max-width: 300px) 100vw, 300px\" \/><\/a><\/strong><\/p>\n<p>D\u00fcnya n\u00fcfusunun y\u00fczde 40\u2032\u0131 bu havzalarda ya\u015f\u0131yor ve bizim b\u00f6lgede de Irak ve Suriye ile ili\u015fkilerimizi do\u011frudan ilgilendiriyor. Su zengini de\u011filiz ama su kayna\u011f\u0131na sahibiz. Dicle ve F\u0131rat, Irak ve Suriye\u2019ye ak\u0131yor. Bu iki nehir suyunu payla\u015f\u0131m konusunda y\u0131llard\u0131r g\u00f6r\u00fc\u015fmemize ra\u011fmen <strong>\u00e7ok tarafl\u0131 <\/strong>bir <strong>anla\u015fma <\/strong>yapamad\u0131k.<\/p>\n<p>***Konferans\u0131 izleyen su politikalar\u0131 uzman\u0131 stratejist <strong>Dursun Y\u0131ld\u0131z <\/strong>dedi ki; \u201c<strong>22 Arap \u00fclkesi <\/strong>2030\u2032a kadar su g\u00fcvenli\u011fi i\u00e7in \u201c<strong>Arap Stratejisi<\/strong>\u201d olu\u015fturuyor. \u00c7al\u0131\u015fman\u0131n \u00f6nemli bir aya\u011f\u0131 da F\u0131rat ve Dicle\u2019nin su kayna\u011f\u0131 ve b\u00f6lgenin yeralt\u0131 sular\u0131. Veriler toplanm\u0131\u015f. 2014\u2032te i\u015fbirli\u011fi plan\u0131 tamamlanacak.\u201d<\/p>\n<p><strong>\u0130\u015fe bakar m\u0131s\u0131n\u0131z?<\/strong><\/p>\n<p>T\u00fcrkiye, 30 y\u0131l \u00f6nce Arap D\u00fcnyas\u0131\u2019na ortak veri toplamay\u0131 \u00f6nerdi. \u0130\u015fbirli\u011fine davet etti, hi\u00e7 yan\u0131t alamad\u0131. Ancak b\u00f6lge yeni d\u00f6nemde bu i\u015fbirli\u011fine zorunlu. E\u011fer i\u015fbirli\u011fi \u00f6telenirse sorun \u00e7ok b\u00fcy\u00fcr.<\/p>\n<p><strong>***Peki, \u00e7\u0131k\u0131\u015f yok mu?<\/strong><\/p>\n<p>Y\u0131ld\u0131z, \u201cNe olursa olsun b\u00f6lgede su y\u00f6netiminde liderlik yapmal\u0131y\u0131z. Zira k\u0131s\u0131tl\u0131 olan suyun \u00fczerindeki bask\u0131lar art\u0131yor\u201d diyor. D\u0131\u015fi\u015fleri ile Orman ve Su \u0130\u015fleri Bakanl\u0131\u011f\u0131\u2019na g\u00f6rev d\u00fc\u015f\u00fcyor. Acil stratejik plan \u015fart.<\/p>\n<p>D\u00fcnyada su y\u00f6netiminin ticarile\u015fmesi ve uluslararas\u0131 olma yolculu\u011fu s\u00fcr\u00fcyor. <strong>3 milyar insan <\/strong>yeni orta s\u0131n\u0131f temsilcisi olacak. 10 y\u0131l sonra d\u00fcnya n\u00fcfusunun <strong>y\u00fczde 70<\/strong>\u2018i kentlerde ya\u015fayacak.<\/p>\n<p>Enerji \u00f6zelle\u015firken su hizmetleri ayn\u0131 h\u0131z\u0131 yakalayamad\u0131. Enerjideki piyasala\u015fma suyu i\u00e7ine \u00e7ekecek. 2014\u2032\u00fc <strong>su y\u0131l\u0131 ilan <\/strong>eden <strong>BM<\/strong>, nedense <strong>yeralt\u0131 sular\u0131n\u0131 <\/strong>buna dahil etmedi. Gelecekte suyun b\u00fcy\u00fck b\u00f6l\u00fcm\u00fc yeralt\u0131ndan kar\u015f\u0131lanacak!<\/p>\n<p>Yeni \u00e7at\u0131\u015fma konusuna bakar m\u0131s\u0131n\u0131z?<\/p>\n<p>Yazan: Meliha Okur<\/p>\n<p>Yay\u0131nc\u0131: <a href=\"http:\/\/enerjienstitusu.com\/2013\/09\/13\/kose-yazisi-petrole-su-damladi\/\" target=\"_blank\">Enerji Enstit\u00fcs\u00fc<\/a><\/p>","protected":false},"excerpt":{"rendered":"<p>Sorry, this entry is only available in Turkish. For the sake of viewer convenience, the content is shown below in the alternative language. You may click the link to switch the active language.Ge\u00e7en hafta sonu Seferihisar\u2019da \u201cOrkinos \u00c7iftliklerine hay\u0131r\u201d eylemi vard\u0131. Belediye, sivil toplum kurulu\u015flar\u0131, \u201cOrkinos\u2019a \u00f6zg\u00fcrl\u00fck\u201d diye ba\u011f\u0131rd\u0131. Eylem pek \u00e7ok ki\u015fiye s\u0131radan gelebilir. [&hellip;]<\/p>\n","protected":false},"author":1,"featured_media":13855,"comment_status":"open","ping_status":"open","sticky":false,"template":"","format":"standard","meta":[],"categories":[53,44],"tags":[2530,63,67,1009,165,59,79,99],"views":714,"_links":{"self":[{"href":"https:\/\/www.enerjigazetesi.ist\/en\/wp-json\/wp\/v2\/posts\/15301"}],"collection":[{"href":"https:\/\/www.enerjigazetesi.ist\/en\/wp-json\/wp\/v2\/posts"}],"about":[{"href":"https:\/\/www.enerjigazetesi.ist\/en\/wp-json\/wp\/v2\/types\/post"}],"author":[{"embeddable":true,"href":"https:\/\/www.enerjigazetesi.ist\/en\/wp-json\/wp\/v2\/users\/1"}],"replies":[{"embeddable":true,"href":"https:\/\/www.enerjigazetesi.ist\/en\/wp-json\/wp\/v2\/comments?post=15301"}],"version-history":[{"count":1,"href":"https:\/\/www.enerjigazetesi.ist\/en\/wp-json\/wp\/v2\/posts\/15301\/revisions"}],"predecessor-version":[{"id":15302,"href":"https:\/\/www.enerjigazetesi.ist\/en\/wp-json\/wp\/v2\/posts\/15301\/revisions\/15302"}],"wp:featuredmedia":[{"embeddable":true,"href":"https:\/\/www.enerjigazetesi.ist\/en\/wp-json\/wp\/v2\/media\/13855"}],"wp:attachment":[{"href":"https:\/\/www.enerjigazetesi.ist\/en\/wp-json\/wp\/v2\/media?parent=15301"}],"wp:term":[{"taxonomy":"category","embeddable":true,"href":"https:\/\/www.enerjigazetesi.ist\/en\/wp-json\/wp\/v2\/categories?post=15301"},{"taxonomy":"post_tag","embeddable":true,"href":"https:\/\/www.enerjigazetesi.ist\/en\/wp-json\/wp\/v2\/tags?post=15301"}],"curies":[{"name":"wp","href":"https:\/\/api.w.org\/{rel}","templated":true}]}}