{"id":15298,"date":"2013-09-13T09:57:12","date_gmt":"2013-09-13T06:57:12","guid":{"rendered":"https:\/\/www.enerjigazetesi.ist\/?p=15298"},"modified":"2013-09-13T09:57:12","modified_gmt":"2013-09-13T06:57:12","slug":"karadenizde-sehir-icine-hes-kurulacak","status":"publish","type":"post","link":"https:\/\/www.enerjigazetesi.ist\/en\/karadenizde-sehir-icine-hes-kurulacak\/","title":{"rendered":"(Turkish) Karadeniz\u2019de \u015eehir \u0130\u00e7ine HES Kurulacak"},"content":{"rendered":"<p class=\"qtranxs-available-languages-message qtranxs-available-languages-message-en\">Sorry, this entry is only available in <a href=\"https:\/\/www.enerjigazetesi.ist\/tr\/wp-json\/wp\/v2\/posts\/15298\" class=\"qtranxs-available-language-link qtranxs-available-language-link-tr\" title=\"Turkish\">Turkish<\/a>. For the sake of viewer convenience, the content is shown below in the alternative language. You may click the link to switch the active language.<\/p><p><strong>Karadeniz\u2019de art arda yap\u0131lan HES\u2019lerden biri, Arhavi\u2019de \u015fehir i\u00e7ine kurulacak. \u0130l\u00e7e merkezine HES i\u00e7in belediye imar planlar\u0131n\u0131 de\u011fi\u015ftirdi. Santrala su, 5 kilometre mesafeden t\u00fcnel ve boru hatlar\u0131yla tepeleri a\u015f\u0131p il\u00e7eye gelecek.<\/strong><\/p>\n<p>Artvin \u2019in Arhavi il\u00e7esinde 2012 y\u0131l\u0131nda yap\u0131m\u0131na ba\u015flanan Kavak HES projesinin tamamlanmas\u0131 i\u00e7in Arhavi Belediyesi taraf\u0131ndan belediyenin imar planlar\u0131nda de\u011fi\u015fiklik yap\u0131larak \u015fehir i\u00e7i HES projesine imar izni verildi. Tam da Karadeniz usul\u00fc yeni imar plan\u0131na g\u00f6re \u015fehrin ortas\u0131nda 14 megawatt\u2019l\u0131k bir HES baraj\u0131 ile elektrik da\u011f\u0131t\u0131m santral\u0131 kurulacak. Su, \u015fehre, yakla\u015f\u0131k 5 kilometre mesafeden t\u00fcnel ve borularla ta\u015f\u0131nacak.<\/p>\n<p>Arhavi Belediyesi, d\u00fcnyada e\u015fi benzeri olmayan bir projeye imza atarak \u015fehir merkezinde HES baraj\u0131 kurulmas\u0131 i\u00e7in imar izni verdi. Arhavi Elektrik \u00dcretim \u015firketi, \u00c7iftek\u00f6pr\u00fc Deresi ile Kapisre Deresi\u2019nin \u00fczerinde HES baraj\u0131 yapmak i\u00e7in 2012 y\u0131l\u0131nda \u00c7ED olumlu raporu alarak sondaj \u00e7al\u0131\u015fmalar\u0131na ba\u015flad\u0131. Ancak HES projesinin hayata ge\u00e7mesi imk\u00e2ns\u0131zd\u0131. Projenin bir k\u0131sm\u0131 Arhavi\u2019nin \u015fehir merkezini kaps\u0131yordu. \u015eehir merkezinden 5 kilometre uzakta olan \u00c7iftek\u00f6pr\u00fc Deresi\u2019nin sular\u0131n\u0131n su borusu ve su t\u00fcnelleri yoluyla ta\u015f\u0131narak \u015fehir merkezinde kurulacak olan HES baraj\u0131nda enerjiye \u00e7evrilmesi planland\u0131. \u015eehrin ortas\u0131na \u00e7evrim santral\u0131 yap\u0131lmas\u0131 d\u00fc\u015f\u00fcn\u00fclm\u00fc\u015ft\u00fc ama imar mevzuat\u0131 buna izin vermiyordu. Bunun \u00fczerine \u015firket Arhavi Belediyesi\u2019ne m\u00fcracaat etti.<a href=\"https:\/\/www.enerjigazetesi.ist\/wp-content\/uploads\/2013\/09\/karadenizde-sehir-icine-hes-kurulacak.jpg\"><img loading=\"lazy\" class=\"alignleft size-medium wp-image-15299\" title=\"karadenizde-sehir-icine-hes-kurulacak\" src=\"https:\/\/www.enerjigazetesi.ist\/wp-content\/uploads\/2013\/09\/karadenizde-sehir-icine-hes-kurulacak-300x202.jpg\" alt=\"\" width=\"300\" height=\"202\" srcset=\"https:\/\/www.enerjigazetesi.ist\/wp-content\/uploads\/2013\/09\/karadenizde-sehir-icine-hes-kurulacak-300x202.jpg 300w, https:\/\/www.enerjigazetesi.ist\/wp-content\/uploads\/2013\/09\/karadenizde-sehir-icine-hes-kurulacak-74x50.jpg 74w, https:\/\/www.enerjigazetesi.ist\/wp-content\/uploads\/2013\/09\/karadenizde-sehir-icine-hes-kurulacak.jpg 478w\" sizes=\"(max-width: 300px) 100vw, 300px\" \/><\/a><\/p>\n<h2>Mahalle, \u2018konut d\u0131\u015f\u0131 alan\u2019 ilan edildi<\/h2>\n<p>Belediye meclisi, 4 Eyl\u00fcl 2013 tarihinde 1\/1000 ile 1\/5000 n\u00e2z\u0131m imar planlar\u0131nda de\u011fi\u015fiklik yaparak daha \u00f6nce tar\u0131m alan\u0131 olan Cumhuriyet Mahallesi\u2019nin bir k\u0131sm\u0131n\u0131 \u2018konut d\u0131\u015f\u0131 kentsel \u00e7al\u0131\u015fma alan\u0131\u2019 ilan edip HES projesine onay verdi. Proje hayata ge\u00e7erse \u015fehrin merkezinde 14 megawatt\u2019l\u0131k elektrik \u00fcretim santral\u0131 ile elektrik da\u011f\u0131t\u0131m merkezi olacak.<\/p>\n<h2>Mahkeme sonu\u00e7lanmadan<\/h2>\n<p>\u015eehirde kurulmas\u0131 planlan HES baraj\u0131n\u0131n telafisi m\u00fcmk\u00fcn olmayan sonu\u00e7lar do\u011furaca\u011f\u0131n\u0131 s\u00f6yleyen Arhavi CHP \u0130l\u00e7e \u00d6rg\u00fct\u00fc Ba\u015fkan\u0131 Musa Uluta\u015f projeyi \u015f\u00f6yle ele\u015ftiriyor:<\/p>\n<p>\u201cD\u00fcnyan\u0131n hi\u00e7bir yerinde \u015fehir i\u00e7erisinde yap\u0131lan bir HES projesi yok. Kavak HES projesinin iptal edilmesi i\u00e7in mahkemeye ba\u015fvurduk. Ancak belediye mahkemenin sonu\u00e7lanmas\u0131n\u0131 dahi beklemeden \u015fehrin i\u00e7erisinde baraj yap\u0131lmas\u0131 i\u00e7in imar planlar\u0131n\u0131 de\u011fi\u015ftirdi. Su havuzundan santrala kadar yap\u0131lmas\u0131 planlanan boru hatt\u0131 ile su t\u00fcneli \u015fehri b\u0131\u00e7ak gibi ikiye b\u00f6l\u00fcyor. Bu durum yeni \u00e7evresel sorunlar\u0131n ortaya \u00e7\u0131kmas\u0131na neden olacak.\u201d<\/p>\n<p>Avukat Yakup Okumu\u015fo\u011flu da \u015fehir i\u00e7inde HES santral\u0131na onay verilmesinin kent imar mant\u0131\u011f\u0131na ayk\u0131r\u0131 oldu\u011fu g\u00f6r\u00fc\u015f\u00fcnde: \u201cHES santral\u0131 i\u00e7in verilen \u00c7ED olumlu raporu sadece HES\u2019in kurulaca\u011f\u0131 alan\u0131 kapsad\u0131\u011f\u0131 i\u00e7in HES alan\u0131 d\u0131\u015f\u0131nda kalan b\u00f6lgelerin bu projeden ne kadar etkilenece\u011fini bilmiyoruz. Bu tart\u0131\u015fmal\u0131 proje i\u00e7in y\u00fcr\u00fctmeyi durdurma talebiyle Rize \u0130dare Mahkemesi\u2019ne ba\u015fvurduk. Mahkeme s\u00f6z konusu alan\u0131n bilirki\u015fi taraf\u0131ndan yerinde incelenmesini istedi. Tart\u0131\u015fmal\u0131 proje hakk\u0131nda mahkeme daha karar\u0131n\u0131 vermeden, belediyenin geli\u015fime a\u00e7\u0131k olan \u015fehrin bir mahallesinde yap\u0131lacak olan HES projesine onay vermesi \u015fehir planlama mant\u0131\u011f\u0131na ayk\u0131r\u0131d\u0131r.\u201d<\/p>\n<h2>\u015eehir i\u00e7i HES nas\u0131l kurulacak?<\/h2>\n<p>Artvin Arhavi\u2019deki proje \u00e7er\u00e7evesinde \u015fehir merkezinden 5 kilometre uzakl\u0131kta bulunan \u00c7iftek\u00f6pr\u00fc Deresi suyunun elektrik santral\u0131na ta\u015f\u0131nmas\u0131 i\u00e7in 3.5 metre geni\u015fli\u011fe sahip 4.5 kilometrelik bir su ta\u015f\u0131ma t\u00fcneli yap\u0131lacak. T\u00fcnel yoluyla ta\u015f\u0131nan su, \u015fehir merkezinden 500 metre uzakl\u0131ktaki \u0130sina Tepesi\u2019nde kurulacak olan su y\u00fckleme havuzunda toplanacak. 500 metre y\u00fckseklikteki havuzda toplanan dere suyunun santrala ula\u015fmas\u0131 i\u00e7in havuz ile santral aras\u0131nda 1 kilometrelik cebri su boru hatt\u0131 d\u00f6\u015fenecek. Su t\u00fcneli ve cebri su borusu yoluyla santrala ula\u015fan su, elektrik \u00fcretiminden sonra \u015fehir merkezinden ge\u00e7en Kapisre Deresi\u2019ne d\u00f6k\u00fclecek.<\/p>\n<p>Kaynak: <a href=\"http:\/\/enerjienstitusu.com\/2013\/09\/12\/karadenizde-sehir-icine-hes-kurulacak\/\" target=\"_blank\">Enerji Enstit\u00fcs\u00fc<\/a><\/p>","protected":false},"excerpt":{"rendered":"<p>Sorry, this entry is only available in Turkish. For the sake of viewer convenience, the content is shown below in the alternative language. You may click the link to switch the active language.Karadeniz\u2019de art arda yap\u0131lan HES\u2019lerden biri, Arhavi\u2019de \u015fehir i\u00e7ine kurulacak. \u0130l\u00e7e merkezine HES i\u00e7in belediye imar planlar\u0131n\u0131 de\u011fi\u015ftirdi. Santrala su, 5 kilometre mesafeden [&hellip;]<\/p>\n","protected":false},"author":1,"featured_media":15299,"comment_status":"open","ping_status":"open","sticky":false,"template":"","format":"standard","meta":[],"categories":[53,47],"tags":[8588,1089,63,67,1009,165,1090,2007,8589],"views":672,"_links":{"self":[{"href":"https:\/\/www.enerjigazetesi.ist\/en\/wp-json\/wp\/v2\/posts\/15298"}],"collection":[{"href":"https:\/\/www.enerjigazetesi.ist\/en\/wp-json\/wp\/v2\/posts"}],"about":[{"href":"https:\/\/www.enerjigazetesi.ist\/en\/wp-json\/wp\/v2\/types\/post"}],"author":[{"embeddable":true,"href":"https:\/\/www.enerjigazetesi.ist\/en\/wp-json\/wp\/v2\/users\/1"}],"replies":[{"embeddable":true,"href":"https:\/\/www.enerjigazetesi.ist\/en\/wp-json\/wp\/v2\/comments?post=15298"}],"version-history":[{"count":1,"href":"https:\/\/www.enerjigazetesi.ist\/en\/wp-json\/wp\/v2\/posts\/15298\/revisions"}],"predecessor-version":[{"id":15300,"href":"https:\/\/www.enerjigazetesi.ist\/en\/wp-json\/wp\/v2\/posts\/15298\/revisions\/15300"}],"wp:featuredmedia":[{"embeddable":true,"href":"https:\/\/www.enerjigazetesi.ist\/en\/wp-json\/wp\/v2\/media\/15299"}],"wp:attachment":[{"href":"https:\/\/www.enerjigazetesi.ist\/en\/wp-json\/wp\/v2\/media?parent=15298"}],"wp:term":[{"taxonomy":"category","embeddable":true,"href":"https:\/\/www.enerjigazetesi.ist\/en\/wp-json\/wp\/v2\/categories?post=15298"},{"taxonomy":"post_tag","embeddable":true,"href":"https:\/\/www.enerjigazetesi.ist\/en\/wp-json\/wp\/v2\/tags?post=15298"}],"curies":[{"name":"wp","href":"https:\/\/api.w.org\/{rel}","templated":true}]}}