{"id":152941,"date":"2022-03-24T11:17:32","date_gmt":"2022-03-24T08:17:32","guid":{"rendered":"https:\/\/www.enerjigazetesi.ist\/?p=152941"},"modified":"2022-03-24T11:17:48","modified_gmt":"2022-03-24T08:17:48","slug":"sisecam-ve-kristal-is-sendikasi-toplu-is-sozlesme-gorusmesi-sonuclandi","status":"publish","type":"post","link":"https:\/\/www.enerjigazetesi.ist\/en\/sisecam-ve-kristal-is-sendikasi-toplu-is-sozlesme-gorusmesi-sonuclandi\/","title":{"rendered":"(Turkish) \u015ei\u015fecam ve Kristal-\u0130\u015f Sendikas\u0131 Toplu \u0130\u015f S\u00f6zle\u015fme G\u00f6r\u00fc\u015fmesi Sonu\u00e7land\u0131"},"content":{"rendered":"<p class=\"qtranxs-available-languages-message qtranxs-available-languages-message-en\">Sorry, this entry is only available in <a href=\"https:\/\/www.enerjigazetesi.ist\/tr\/wp-json\/wp\/v2\/posts\/152941\" class=\"qtranxs-available-language-link qtranxs-available-language-link-tr\" title=\"Turkish\">Turkish<\/a>. For the sake of viewer convenience, the content is shown below in the alternative language. You may click the link to switch the active language.<\/p><p><\/p>\n<h2><strong>Kamuoyunun Dikkatine,<\/strong><\/h2>\n<p>\u015ei\u015fecam ve Kristal-\u0130\u015f Sendikas\u0131 aras\u0131nda <strong>27 Ocak 2022<\/strong> tarihinde ba\u015flayan <strong>27\u2019nci D\u00f6nem Cam Grup Toplu \u0130\u015f S\u00f6zle\u015fmesi<\/strong> g\u00f6r\u00fc\u015fmeleri <strong>23 Mart 2022<\/strong> itibar\u0131yla anla\u015fmayla sonu\u00e7lanm\u0131\u015ft\u0131r. T\u00fcrkiye\u2019de 4, globalde <strong>11<\/strong> olmak \u00fczere, <strong>14<\/strong> \u00fclkede toplam <strong>15<\/strong> farkl\u0131 i\u015f\u00e7i sendikas\u0131 ile<strong> toplu s\u00f6zle\u015fme faaliyetleri<\/strong> y\u00fcr\u00fcten \u015ei\u015fecam, k\u00f6kl\u00fc end\u00fcstriyel ili\u015fkileri k\u00fclt\u00fcr\u00fc ve insan\u0131 merkeze koyan yakla\u015f\u0131m\u0131 \u00e7er\u00e7evesinde <img loading=\"lazy\" class=\"alignright wp-image-152945\" src=\"https:\/\/www.enerjigazetesi.ist\/wp-content\/uploads\/2022\/03\/sisecam-ve-kristal-is-sendikasi-toplu-is-sozlesme-gorusmesi-sonuclandi.jpg\" alt=\"\" width=\"320\" height=\"181\" srcset=\"https:\/\/www.enerjigazetesi.ist\/wp-content\/uploads\/2022\/03\/sisecam-ve-kristal-is-sendikasi-toplu-is-sozlesme-gorusmesi-sonuclandi.jpg 1106w, https:\/\/www.enerjigazetesi.ist\/wp-content\/uploads\/2022\/03\/sisecam-ve-kristal-is-sendikasi-toplu-is-sozlesme-gorusmesi-sonuclandi-300x170.jpg 300w, https:\/\/www.enerjigazetesi.ist\/wp-content\/uploads\/2022\/03\/sisecam-ve-kristal-is-sendikasi-toplu-is-sozlesme-gorusmesi-sonuclandi-1024x581.jpg 1024w, https:\/\/www.enerjigazetesi.ist\/wp-content\/uploads\/2022\/03\/sisecam-ve-kristal-is-sendikasi-toplu-is-sozlesme-gorusmesi-sonuclandi-768x435.jpg 768w, https:\/\/www.enerjigazetesi.ist\/wp-content\/uploads\/2022\/03\/sisecam-ve-kristal-is-sendikasi-toplu-is-sozlesme-gorusmesi-sonuclandi-500x283.jpg 500w, https:\/\/www.enerjigazetesi.ist\/wp-content\/uploads\/2022\/03\/sisecam-ve-kristal-is-sendikasi-toplu-is-sozlesme-gorusmesi-sonuclandi-80x45.jpg 80w\" sizes=\"(max-width: 320px) 100vw, 320px\" \/>toplu s\u00f6zle\u015fme s\u00fcrecinin en k\u0131sa s\u00fcrede sonu\u00e7lanmas\u0131n\u0131 hedeflemi\u015f ve <strong>k\u00fcresel ekonomik belirsizliklerle<\/strong> dolu bir d\u00f6nemde yine, \u00e7al\u0131\u015fanlar\u0131n\u0131n <strong>refah seviyesinin korunmas\u0131<\/strong> ve <strong>geli\u015ftirilmesi<\/strong> a\u00e7\u0131s\u0131ndan azami gayreti g\u00f6stermi\u015ftir.<\/p>\n<p><strong>\u015ei\u015fecam\u2019\u0131n<\/strong> T\u00fcrkiye\u2019deki<strong> 13<\/strong> \u00fcretim tesisini ve <strong>6396<\/strong> \u00e7al\u0131\u015fan\u0131n\u0131 kapsayan <strong>toplu s\u00f6zle\u015fme s\u00fcrecinde<\/strong> <strong>\u015ei\u015fecam<\/strong> ile <strong>Kristal-\u0130\u015f Sendikas\u0131<\/strong> aras\u0131nda y\u00fcr\u00fct\u00fclen m\u00fczakereler sonucunda t\u00fcm hususlarda mutabakat sa\u011flanarak, <strong>01 Ocak 2022<\/strong> tarihinden ge\u00e7erli olmak \u00fczere <strong>2 y\u0131l<\/strong> y\u00fcr\u00fcrl\u00fck s\u00fcreli <strong>27\u2019nci<\/strong> <strong>D\u00f6nem Cam Grup Toplu \u0130\u015f S\u00f6zle\u015fmesi<\/strong> imzalanm\u0131\u015ft\u0131r. Bu anla\u015fmayla \u015ei\u015fecam, <strong>i\u015f\u00e7ilik \u00fccretleri<\/strong> a\u00e7\u0131s\u0131ndan \u00fclkemizde <strong>en iyi \u015fartlara sahip kurumlar aras\u0131ndaki yerini<\/strong> korumu\u015ftur.<\/p>\n<p>\u00dclkemizin en k\u00f6kl\u00fc kurulu\u015flar\u0131ndan biri olan, d\u00fcnyan\u0131n <strong>say\u0131l\u0131 cam \u00fcreticileri<\/strong> aras\u0131nda yer alan \u015ei\u015fecam\u2019\u0131n <strong>yat\u0131r\u0131mlar\u0131, istihdam\u0131, net ihracat\u00e7\u0131<\/strong> konumu ile<strong> \u00fclke ekonomisine<\/strong> katk\u0131 sa\u011flamaya devam edece\u011fini belirtir,<strong> 27\u2019inci Cam Grup Toplu \u0130\u015f S\u00f6zle\u015fmesi<\/strong>\u2019nin ba\u015fta \u00e7al\u0131\u015fanlar\u0131m\u0131z olmak \u00fczere t\u00fcm payda\u015flar\u0131m\u0131z i\u00e7in hay\u0131rl\u0131 olmas\u0131n\u0131 dileriz.<\/p>\n<p>Sayg\u0131lar\u0131m\u0131zla,<\/p>\n<p><strong>\u015ei\u015fecam<\/strong><\/p>\n<p><img loading=\"lazy\" class=\"alignleft wp-image-152944\" src=\"https:\/\/www.enerjigazetesi.ist\/wp-content\/uploads\/2022\/03\/1648065351_Sisecam_Logo.jpg\" alt=\"\" width=\"120\" height=\"117\" srcset=\"https:\/\/www.enerjigazetesi.ist\/wp-content\/uploads\/2022\/03\/1648065351_Sisecam_Logo.jpg 550w, https:\/\/www.enerjigazetesi.ist\/wp-content\/uploads\/2022\/03\/1648065351_Sisecam_Logo-300x291.jpg 300w, https:\/\/www.enerjigazetesi.ist\/wp-content\/uploads\/2022\/03\/1648065351_Sisecam_Logo-412x400.jpg 412w, https:\/\/www.enerjigazetesi.ist\/wp-content\/uploads\/2022\/03\/1648065351_Sisecam_Logo-51x50.jpg 51w, https:\/\/www.enerjigazetesi.ist\/wp-content\/uploads\/2022\/03\/1648065351_Sisecam_Logo-500x485.jpg 500w\" sizes=\"(max-width: 120px) 100vw, 120px\" \/><\/p>","protected":false},"excerpt":{"rendered":"<p>Sorry, this entry is only available in Turkish. For the sake of viewer convenience, the content is shown below in the alternative language. You may click the link to switch the active language. Kamuoyunun Dikkatine, \u015ei\u015fecam ve Kristal-\u0130\u015f Sendikas\u0131 aras\u0131nda 27 Ocak 2022 tarihinde ba\u015flayan 27\u2019nci D\u00f6nem Cam Grup Toplu \u0130\u015f S\u00f6zle\u015fmesi g\u00f6r\u00fc\u015fmeleri 23 Mart [&hellip;]<\/p>\n","protected":false},"author":1,"featured_media":152945,"comment_status":"open","ping_status":"open","sticky":false,"template":"","format":"standard","meta":[],"categories":[53,52],"tags":[102043,51021,102044,32733,76792,102045],"views":83,"_links":{"self":[{"href":"https:\/\/www.enerjigazetesi.ist\/en\/wp-json\/wp\/v2\/posts\/152941"}],"collection":[{"href":"https:\/\/www.enerjigazetesi.ist\/en\/wp-json\/wp\/v2\/posts"}],"about":[{"href":"https:\/\/www.enerjigazetesi.ist\/en\/wp-json\/wp\/v2\/types\/post"}],"author":[{"embeddable":true,"href":"https:\/\/www.enerjigazetesi.ist\/en\/wp-json\/wp\/v2\/users\/1"}],"replies":[{"embeddable":true,"href":"https:\/\/www.enerjigazetesi.ist\/en\/wp-json\/wp\/v2\/comments?post=152941"}],"version-history":[{"count":1,"href":"https:\/\/www.enerjigazetesi.ist\/en\/wp-json\/wp\/v2\/posts\/152941\/revisions"}],"predecessor-version":[{"id":152942,"href":"https:\/\/www.enerjigazetesi.ist\/en\/wp-json\/wp\/v2\/posts\/152941\/revisions\/152942"}],"wp:featuredmedia":[{"embeddable":true,"href":"https:\/\/www.enerjigazetesi.ist\/en\/wp-json\/wp\/v2\/media\/152945"}],"wp:attachment":[{"href":"https:\/\/www.enerjigazetesi.ist\/en\/wp-json\/wp\/v2\/media?parent=152941"}],"wp:term":[{"taxonomy":"category","embeddable":true,"href":"https:\/\/www.enerjigazetesi.ist\/en\/wp-json\/wp\/v2\/categories?post=152941"},{"taxonomy":"post_tag","embeddable":true,"href":"https:\/\/www.enerjigazetesi.ist\/en\/wp-json\/wp\/v2\/tags?post=152941"}],"curies":[{"name":"wp","href":"https:\/\/api.w.org\/{rel}","templated":true}]}}