{"id":15294,"date":"2013-09-13T09:49:24","date_gmt":"2013-09-13T06:49:24","guid":{"rendered":"https:\/\/www.enerjigazetesi.ist\/?p=15294"},"modified":"2013-09-13T09:50:00","modified_gmt":"2013-09-13T06:50:00","slug":"renault-ikinci-elektrikli-aracini-getiriyor","status":"publish","type":"post","link":"https:\/\/www.enerjigazetesi.ist\/en\/renault-ikinci-elektrikli-aracini-getiriyor\/","title":{"rendered":"(Turkish) Renault \u0130kinci Elektrikli Arac\u0131n\u0131 Getiriyor&#8230;"},"content":{"rendered":"<p class=\"qtranxs-available-languages-message qtranxs-available-languages-message-en\">Sorry, this entry is only available in <a href=\"https:\/\/www.enerjigazetesi.ist\/tr\/wp-json\/wp\/v2\/posts\/15294\" class=\"qtranxs-available-language-link qtranxs-available-language-link-tr\" title=\"Turkish\">Turkish<\/a>. For the sake of viewer convenience, the content is shown below in the alternative language. You may click the link to switch the active language.<\/p><p><strong>Renault&#8217;nun y\u0131l sonuna kadar Twizy ara\u00e7lar\u0131n\u0131 T\u00fcrkiye otomobil piyasas\u0131na\u00a0 sunaca\u011f\u0131 a\u00e7\u0131kland\u0131. Renault Mais Genel M\u00fcd\u00fcr\u00fc \u0130brahim Aybar Frankfurt otomobil fuar\u0131nda yapt\u0131\u011f\u0131\u00a0 a\u00e7\u0131klamada otomobil \u00fcreticilerinin elektrikli ara\u00e7lara e\u011filim g\u00f6sterdi\u011fini\u00a0 kaydetti.<\/strong><\/p>\n<p>Zaman gazetesinden Arif Bayraktar&#8217;\u0131n haberine g\u00f6re Aybar fuardaki\u00a0 izlenimlerinin Alman \u00fcreticilerin elektrikli otolara ilgi duydu\u011funu g\u00f6sterdi\u011fini\u00a0 s\u00f6yledi.<a href=\"https:\/\/www.enerjigazetesi.ist\/wp-content\/uploads\/2013\/09\/renault-ikinci-elektrikli-modelini-getiriyor.jpg\"><img loading=\"lazy\" class=\"alignright size-medium wp-image-15295\" title=\"renault-ikinci-elektrikli-modelini-getiriyor\" src=\"https:\/\/www.enerjigazetesi.ist\/wp-content\/uploads\/2013\/09\/renault-ikinci-elektrikli-modelini-getiriyor-300x183.jpg\" alt=\"\" width=\"300\" height=\"183\" srcset=\"https:\/\/www.enerjigazetesi.ist\/wp-content\/uploads\/2013\/09\/renault-ikinci-elektrikli-modelini-getiriyor-300x183.jpg 300w, https:\/\/www.enerjigazetesi.ist\/wp-content\/uploads\/2013\/09\/renault-ikinci-elektrikli-modelini-getiriyor-80x50.jpg 80w, https:\/\/www.enerjigazetesi.ist\/wp-content\/uploads\/2013\/09\/renault-ikinci-elektrikli-modelini-getiriyor.jpg 408w\" sizes=\"(max-width: 300px) 100vw, 300px\" \/><\/a><\/p>\n<p>A\u00e7\u0131klamas\u0131nda Otomobil sekt\u00f6r\u00fcnde gelece\u011fin alternatif enerji kullanan\u00a0 otomobillerde oldu\u011funu ifade eden \u0130brahim Aybar, Renault&#8217;nun T\u00fcrkiye&#8217;de \u015fimdiye\u00a0 kadar 250 adet Fluence Z.E. sat\u0131\u015f\u0131 ger\u00e7ekle\u015ftirdi\u011fi bilgisini verdi.<\/p>\n<p>Renault Mais Genel M\u00fcd\u00fcr\u00fc Aybar, h\u0131zl\u0131 \u015farj sisteminin de gelmesi ile \u015fu an\u00a0 7 saat olan \u015farj s\u00fcresinin 1 saate inmesi ile bu ara\u00e7lar\u0131n sat\u0131\u015f\u0131nda art\u0131\u015f\u00a0 beklediklerini kaydederken, ayn\u0131 zamanda Renault&#8217;nun di\u011fer bir elektrikli ara\u00e7\u00a0 modeli olan, iki ki\u015filik Twizy ara\u00e7lar\u0131n da 2013 bitmeden T\u00fcrkiye otomobil\u00a0 pazar\u0131na sunulaca\u011f\u0131 kaydedildi.<\/p>\n<p>Halihaz\u0131rda 4 model ile elektrikli ara\u00e7 alan\u0131nda k\u00fcresel otomobil pazar\u0131na\u00a0 en fazla model sunan Renault, y\u00fczde 51&#8217;lik pay\u0131 ile Avrupa elektrikli ara\u00e7\u00a0 pazar\u0131n\u0131n lideri konumunda. Renault-Nissan ortakl\u0131\u011f\u0131 ise Temmuz ay\u0131nda 100,000.\u00a0 ara\u00e7lar\u0131n\u0131n sat\u0131\u015f\u0131n\u0131 ger\u00e7ekle\u015ftirmi\u015fti.<\/p>\n<p>Kaynak: <a href=\"http:\/\/www.yesilekonomi.com\/elektrikli-araclar\/renault-ikinci-elektrikli-modelini-getiriyor\" target=\"_blank\">Ye\u015fil Ekonomi<\/a><\/p>","protected":false},"excerpt":{"rendered":"<p>Sorry, this entry is only available in Turkish. For the sake of viewer convenience, the content is shown below in the alternative language. You may click the link to switch the active language.Renault&#8217;nun y\u0131l sonuna kadar Twizy ara\u00e7lar\u0131n\u0131 T\u00fcrkiye otomobil piyasas\u0131na\u00a0 sunaca\u011f\u0131 a\u00e7\u0131kland\u0131. Renault Mais Genel M\u00fcd\u00fcr\u00fc \u0130brahim Aybar Frankfurt otomobil fuar\u0131nda yapt\u0131\u011f\u0131\u00a0 a\u00e7\u0131klamada otomobil [&hellip;]<\/p>\n","protected":false},"author":1,"featured_media":15295,"comment_status":"open","ping_status":"open","sticky":false,"template":"","format":"standard","meta":[],"categories":[51,53,157],"tags":[8585,1311,8584,1270,63,67,1009,165,8587,8439,940,8586,8583],"views":2149,"_links":{"self":[{"href":"https:\/\/www.enerjigazetesi.ist\/en\/wp-json\/wp\/v2\/posts\/15294"}],"collection":[{"href":"https:\/\/www.enerjigazetesi.ist\/en\/wp-json\/wp\/v2\/posts"}],"about":[{"href":"https:\/\/www.enerjigazetesi.ist\/en\/wp-json\/wp\/v2\/types\/post"}],"author":[{"embeddable":true,"href":"https:\/\/www.enerjigazetesi.ist\/en\/wp-json\/wp\/v2\/users\/1"}],"replies":[{"embeddable":true,"href":"https:\/\/www.enerjigazetesi.ist\/en\/wp-json\/wp\/v2\/comments?post=15294"}],"version-history":[{"count":2,"href":"https:\/\/www.enerjigazetesi.ist\/en\/wp-json\/wp\/v2\/posts\/15294\/revisions"}],"predecessor-version":[{"id":15297,"href":"https:\/\/www.enerjigazetesi.ist\/en\/wp-json\/wp\/v2\/posts\/15294\/revisions\/15297"}],"wp:featuredmedia":[{"embeddable":true,"href":"https:\/\/www.enerjigazetesi.ist\/en\/wp-json\/wp\/v2\/media\/15295"}],"wp:attachment":[{"href":"https:\/\/www.enerjigazetesi.ist\/en\/wp-json\/wp\/v2\/media?parent=15294"}],"wp:term":[{"taxonomy":"category","embeddable":true,"href":"https:\/\/www.enerjigazetesi.ist\/en\/wp-json\/wp\/v2\/categories?post=15294"},{"taxonomy":"post_tag","embeddable":true,"href":"https:\/\/www.enerjigazetesi.ist\/en\/wp-json\/wp\/v2\/tags?post=15294"}],"curies":[{"name":"wp","href":"https:\/\/api.w.org\/{rel}","templated":true}]}}