{"id":152852,"date":"2022-03-22T13:45:11","date_gmt":"2022-03-22T10:45:11","guid":{"rendered":"https:\/\/www.enerjigazetesi.ist\/?p=152852"},"modified":"2022-03-22T14:43:02","modified_gmt":"2022-03-22T11:43:02","slug":"ali-sami-yenin-cati-gesi-en-buyuk-stadyum-ustu-ges-olarak-guinnesse-girdi","status":"publish","type":"post","link":"https:\/\/www.enerjigazetesi.ist\/en\/ali-sami-yenin-cati-gesi-en-buyuk-stadyum-ustu-ges-olarak-guinnesse-girdi\/","title":{"rendered":"(Turkish) Ali Sami Yen&#8217;in \u00c7at\u0131 GES&#8217;i En B\u00fcy\u00fck Stadyum \u00dcst\u00fc GES Olarak Guinness&#8217;e Girdi"},"content":{"rendered":"<p class=\"qtranxs-available-languages-message qtranxs-available-languages-message-en\">Sorry, this entry is only available in <a href=\"https:\/\/www.enerjigazetesi.ist\/tr\/wp-json\/wp\/v2\/posts\/152852\" class=\"qtranxs-available-language-link qtranxs-available-language-link-tr\" title=\"Turkish\">Turkish<\/a>. For the sake of viewer convenience, the content is shown below in the alternative language. You may click the link to switch the active language.<\/p><p><\/p>\n<h2>Enerjisa Enerji taraf\u0131ndan Ali Sami Yen Spor Kompleksi Nef Stad\u0131\u2019n\u0131n \u00e7at\u0131s\u0131na kurulan g\u00fcne\u015f enerjisi santrali \u00fcretime ba\u015flad\u0131.10 bini a\u015fk\u0131n g\u00fcne\u015f paneli ile Aral\u0131k 2021 tarihinde \u00fcretime ba\u015flayan santral, <strong>kurulu g\u00fcc\u00fc bak\u0131m\u0131ndan d\u00fcnyan\u0131n en b\u00fcy\u00fck stadyum \u00fcst\u00fc g\u00fcne\u015f enerji santrali<\/strong> unvan\u0131 ile <strong>Guinness Rekorlar Kitab\u0131\u2019na girmeyi ba\u015fard\u0131 ve tarihe ge\u00e7ti<\/strong>.<\/h2>\n<p>Toplamda <strong>40 bin metrekare<\/strong> alana kurulan tesisin yakla\u015f\u0131k<strong> 20 milyon lira<\/strong> tutar\u0131ndaki yat\u0131r\u0131m finansman\u0131n tamam\u0131 Enerjisa Enerji taraf\u0131ndan sa\u011fland\u0131. <strong>Performansa Dayal\u0131 \u0130\u015f Modeli<\/strong> ile kurulan g\u00fcne\u015f enerjisi tesisi sayesinde stadyum <strong>kendi elektri\u011fini kendi \u00fcreterek<\/strong> enerji tasarrufu konusunda <img loading=\"lazy\" class=\"alignright wp-image-152855\" src=\"https:\/\/www.enerjigazetesi.ist\/wp-content\/uploads\/2022\/03\/ali-sami-yenin-cati-gesi-en-buyuk-stadyum-ustu-ges-olarak-guinnesse-girdi-2.jpg\" alt=\"\" width=\"320\" height=\"214\" srcset=\"https:\/\/www.enerjigazetesi.ist\/wp-content\/uploads\/2022\/03\/ali-sami-yenin-cati-gesi-en-buyuk-stadyum-ustu-ges-olarak-guinnesse-girdi-2.jpg 550w, https:\/\/www.enerjigazetesi.ist\/wp-content\/uploads\/2022\/03\/ali-sami-yenin-cati-gesi-en-buyuk-stadyum-ustu-ges-olarak-guinnesse-girdi-2-300x200.jpg 300w, https:\/\/www.enerjigazetesi.ist\/wp-content\/uploads\/2022\/03\/ali-sami-yenin-cati-gesi-en-buyuk-stadyum-ustu-ges-olarak-guinnesse-girdi-2-500x334.jpg 500w, https:\/\/www.enerjigazetesi.ist\/wp-content\/uploads\/2022\/03\/ali-sami-yenin-cati-gesi-en-buyuk-stadyum-ustu-ges-olarak-guinnesse-girdi-2-75x50.jpg 75w, https:\/\/www.enerjigazetesi.ist\/wp-content\/uploads\/2022\/03\/ali-sami-yenin-cati-gesi-en-buyuk-stadyum-ustu-ges-olarak-guinnesse-girdi-2-450x300.jpg 450w\" sizes=\"(max-width: 320px) 100vw, 320px\" \/>da rol model olacak.<\/p>\n<h3><strong>2.000 hanenin t\u00fcketimine e\u015fde\u011fer elektrik \u00fcretilecek<\/strong><\/h3>\n<p><strong>% 100<\/strong> <em>yenilenebilir ve temiz enerji<\/em> kayna\u011f\u0131 olan <strong>g\u00fcne\u015ften elektrik \u00fcretimi<\/strong> sa\u011flayacak tesis her y\u0131l yakla\u015f\u0131k 3.250 Ton CO\u2082 sal\u0131m\u0131n\u0131 engelleyecek ve bu \u015fekilde 200 bin a\u011fac\u0131n 25 y\u0131lda atmosferde temizleyebilece\u011fi sera gaz\u0131n\u0131n atmosfere sal\u0131nmas\u0131n\u0131n \u00f6n\u00fcne ge\u00e7erek do\u011fan\u0131n korunmas\u0131na katk\u0131 sa\u011flayacak. Stadyumun \u00e7at\u0131s\u0131na kurulan <strong>10 bini<\/strong> a\u015fk\u0131n g\u00fcne\u015f paneli ile <strong>4,2 MW<\/strong> kurulu g\u00fc\u00e7 kapasitesine ula\u015f\u0131lacak ve d\u00fcnyadaki stadyumlar i\u00e7erisinde en b\u00fcy\u00fck kapasiteli<strong> g\u00fcne\u015f enerji santrali<\/strong> olma \u00f6zelli\u011fi ta\u015f\u0131yor. Kurulan paneller, y\u0131lda <strong>yakla\u015f\u0131k 2.000 hanenin<\/strong> t\u00fcketimine e\u015fde\u011fer olarak <strong>4.650 MWh<\/strong> elektrik \u00fcretecek. <strong>Enerji Performans Modeli<\/strong> kapsam\u0131nda tesisin <strong>10 y\u0131l boyunca<\/strong> bak\u0131m\u0131 <strong>Enerjisa Enerji<\/strong> taraf\u0131ndan ger\u00e7ekle\u015ftirilecek.<\/p>\n<h3><strong>G\u00fcne\u015f Enerji Santrali 25 y\u0131l sonunda kul\u00fcb\u00fcm\u00fcze 1 Milyar TL\u2019den fazla katk\u0131 sa\u011flayacak<\/strong><\/h3>\n<p>Projenin devreye al\u0131nma t\u00f6reninde konu\u015fan\u00a0<strong>Galatasaray SK Ba\u015fkan\u0131 Burak Elmas<\/strong>\u00a0: <em>\u201cStadyumumuzun \u00e7at\u0131s\u0131na <strong>y\u00fcksek performans ile \u00e7al\u0131\u015facak<\/strong> ve en y\u00fcksek verimi elde edebilece\u011fimiz <strong>G\u00fcne\u015f Enerjisi Santrali<\/strong>\u2019ni kurma \u00e7al\u0131\u015fmalar\u0131 <strong>37. Ba\u015fkan\u0131m\u0131z<\/strong> rahmetli <strong>Mustafa Cengiz y\u00f6netimi<\/strong> d\u00f6neminde ba\u015flam\u0131\u015f, bizim d\u00f6nemimizdeki \u00e7al\u0131\u015fmalarla sonu\u00e7lanm\u0131\u015ft\u0131r. Bu projenin en \u00f6nemli \u00f6zelli\u011fi, d\u00fcnyada bir <strong>futbol stadyumunun \u00e7at\u0131s\u0131<\/strong> \u00fczerine uygulanm\u0131\u015f <strong>\u201ckurulu g\u00fcc\u00fc bak\u0131m\u0131ndan en b\u00fcy\u00fck\u201d<\/strong> G\u00fcne\u015f Enerjisi Santrali olmas\u0131. \u00d6te yandan T\u00fcrkiye\u2019de bir stadyum \u00e7at\u0131s\u0131 \u00fczerinde <strong>Performansa Dayal\u0131 \u0130\u015f Modeli<\/strong>\u2019yle hayata ge\u00e7irilmi\u015f ilk proje olma \u00f6zelli\u011fine de sahip. Projemizi eksiksiz bir \u015fekilde zaman\u0131nda tamamlad\u0131k. <strong>Galatasaray Spor Kul\u00fcb\u00fc<\/strong> olarak yerli ve yenilenebilir kaynaklardan \u00fcretilen enerjiyi kullanman\u0131n \u00f6neminin bilincindeyiz. \u00dclkemizin enerjide d\u0131\u015fa ba\u011f\u0131ml\u0131l\u0131\u011f\u0131n\u0131n azalmas\u0131n\u0131n ve istihdam yaratman\u0131n yolunun enerjimizi do\u011fru kullanmaktan ge\u00e7ti\u011fini biliyoruz. Gelene\u011fi umut olan bizler, gelecek nesillere ya\u015fanabilir bir d\u00fcnya b\u0131rakmak i\u00e7in \u00e7al\u0131\u015f\u0131yoruz.<\/em><\/p>\n<p><em>Santralimizin \u00f6mr\u00fc boyunca kul\u00fcb\u00fcm\u00fcze yakla\u015f\u0131k <strong>1 Milyar TL<\/strong>\u2019den fazla katk\u0131 sa\u011flayacak projemizde eme\u011fi ge\u00e7en herkese, <strong>Enerjisa&#8217;ya<\/strong> ve \u00f6zellikle bir \u00f6nceki Ba\u015fkan\u0131m\u0131z rahmetli <strong>Mustafa Cengiz<\/strong> ve <strong>y\u00f6netimine<\/strong> te\u015fekk\u00fcr ederim.\u201d<\/em><\/p>\n<h2><strong>\u0130ki b\u00fcy\u00fck markan\u0131n bir araya gelmesi ile ortaya \u00e7\u0131kan de\u011ferin \u2018\u2019Guiness Rekorlar Kitab\u0131\u2019na\u2019\u2019 girmesi ya\u015fad\u0131\u011f\u0131m\u0131z mutlulu\u011fu ve gururu ta\u00e7land\u0131rd\u0131.<\/strong><\/h2>\n<p>Konuyla ilgili d\u00fczenlenen bas\u0131n toplant\u0131s\u0131nda konu\u015fan <strong>Enerjisa Enerji CEO\u2019su ve Enerjisa M\u00fc\u015fteri \u00c7\u00f6z\u00fcmleri A.\u015e Y\u00f6netim Kurulu Ba\u015fkan\u0131 Murat P\u0131nar<\/strong> ise, \u201c<strong>\u0130\u015fimin Enerjisi<\/strong> \u00e7at\u0131s\u0131 alt\u0131nda m\u00fc\u015fterilerimize <strong>s\u00fcrd\u00fcr\u00fclebilirli\u011fi<\/strong> ve <strong>teknolojiyi<\/strong> oda\u011f\u0131na alan \u00fcr\u00fcnler sunuyoruz. Amac\u0131m\u0131z m\u00fc\u015fterilerimize, \u00fclkemize ve do\u011faya katk\u0131 sa\u011flamak. \u00c7\u00fcnk\u00fc biliyoruz ki s\u00fcrd\u00fcr\u00fclebilirli\u011fin temelinde bu var.<\/p>\n<p><strong>Galatasaray<\/strong> ile <strong>Ali Sami Yen Spor Kompleksi Stadyumu<\/strong>\u2019nda hayata ge\u00e7irdi\u011fimiz proje de bunun en iyi \u00f6rneklerinden biri oldu. \u0130nan\u0131yoruz ki proje ayn\u0131 zamanda T\u00fcrk sporunun finansal s\u00fcrd\u00fcr\u00fclebilirli\u011fine de b\u00fcy\u00fck katk\u0131 sunacak.<\/p>\n<p>Bug\u00fcn burada hayata ge\u00e7irdi\u011fimiz proje sayesinde spor camias\u0131na da \u00f6rnek olaca\u011f\u0131z. \u0130ki b\u00fcy\u00fck markan\u0131n bir araya gelmesi ile ortaya \u00e7\u0131kan de\u011ferin \u2018<strong>\u2019Guiness Rekorlar Kitab\u0131\u2019na\u2019\u2019<\/strong> girmesi ya\u015fad\u0131\u011f\u0131m\u0131z mutlulu\u011fu ve gururu ta\u00e7land\u0131rd\u0131.\u201d \u0130fadelerini kulland\u0131.<\/p>","protected":false},"excerpt":{"rendered":"<p>Sorry, this entry is only available in Turkish. For the sake of viewer convenience, the content is shown below in the alternative language. You may click the link to switch the active language. Enerjisa Enerji taraf\u0131ndan Ali Sami Yen Spor Kompleksi Nef Stad\u0131\u2019n\u0131n \u00e7at\u0131s\u0131na kurulan g\u00fcne\u015f enerjisi santrali \u00fcretime ba\u015flad\u0131.10 bini a\u015fk\u0131n g\u00fcne\u015f paneli ile [&hellip;]<\/p>\n","protected":false},"author":1,"featured_media":152856,"comment_status":"open","ping_status":"open","sticky":false,"template":"","format":"standard","meta":[],"categories":[51,53,49],"tags":[24218,55807,103,37825,102001,2815,2401,102000],"views":445,"_links":{"self":[{"href":"https:\/\/www.enerjigazetesi.ist\/en\/wp-json\/wp\/v2\/posts\/152852"}],"collection":[{"href":"https:\/\/www.enerjigazetesi.ist\/en\/wp-json\/wp\/v2\/posts"}],"about":[{"href":"https:\/\/www.enerjigazetesi.ist\/en\/wp-json\/wp\/v2\/types\/post"}],"author":[{"embeddable":true,"href":"https:\/\/www.enerjigazetesi.ist\/en\/wp-json\/wp\/v2\/users\/1"}],"replies":[{"embeddable":true,"href":"https:\/\/www.enerjigazetesi.ist\/en\/wp-json\/wp\/v2\/comments?post=152852"}],"version-history":[{"count":0,"href":"https:\/\/www.enerjigazetesi.ist\/en\/wp-json\/wp\/v2\/posts\/152852\/revisions"}],"wp:featuredmedia":[{"embeddable":true,"href":"https:\/\/www.enerjigazetesi.ist\/en\/wp-json\/wp\/v2\/media\/152856"}],"wp:attachment":[{"href":"https:\/\/www.enerjigazetesi.ist\/en\/wp-json\/wp\/v2\/media?parent=152852"}],"wp:term":[{"taxonomy":"category","embeddable":true,"href":"https:\/\/www.enerjigazetesi.ist\/en\/wp-json\/wp\/v2\/categories?post=152852"},{"taxonomy":"post_tag","embeddable":true,"href":"https:\/\/www.enerjigazetesi.ist\/en\/wp-json\/wp\/v2\/tags?post=152852"}],"curies":[{"name":"wp","href":"https:\/\/api.w.org\/{rel}","templated":true}]}}