{"id":152830,"date":"2022-03-22T12:04:57","date_gmt":"2022-03-22T09:04:57","guid":{"rendered":"https:\/\/www.enerjigazetesi.ist\/?p=152830"},"modified":"2022-03-22T12:05:42","modified_gmt":"2022-03-22T09:05:42","slug":"cedbik-yesil-kalkinmanin-en-onemli-destekcisi-yesil-bina-yatirimlaridir","status":"publish","type":"post","link":"https:\/\/www.enerjigazetesi.ist\/en\/cedbik-yesil-kalkinmanin-en-onemli-destekcisi-yesil-bina-yatirimlaridir\/","title":{"rendered":"(Turkish) \u00c7EDB\u0130K: &#8220;Ye\u015fil Kalk\u0131nma&#8217;n\u0131n En \u00d6nemli Destek\u00e7isi Ye\u015fil Bina Yat\u0131r\u0131mlar\u0131d\u0131r&#8221;"},"content":{"rendered":"<p class=\"qtranxs-available-languages-message qtranxs-available-languages-message-en\">Sorry, this entry is only available in <a href=\"https:\/\/www.enerjigazetesi.ist\/tr\/wp-json\/wp\/v2\/posts\/152830\" class=\"qtranxs-available-language-link qtranxs-available-language-link-tr\" title=\"Turkish\">Turkish<\/a>. For the sake of viewer convenience, the content is shown below in the alternative language. You may click the link to switch the active language.<\/p><p><\/p>\n<h2><strong>Y\u0131ld\u0131z Teknik \u00dcniversitesi\u2019nin GreenStars program\u0131nda sertifikaya lay\u0131k g\u00f6r\u00fclen, in\u015faat sekt\u00f6r\u00fcn\u00fcn ye\u015fil binalar konusundaki \u00e7at\u0131 kurulu\u015fu \u00c7EDB\u0130K, yat\u0131r\u0131mc\u0131lara \u00e7a\u011fr\u0131da bulundu. \u00c7EDB\u0130K Y\u00f6netim Kurulu Ba\u015fkan\u0131 Mehmet Sami K\u0131l\u0131\u00e7,\u00a0 ye\u015fil kalk\u0131nma stratejisinin Avrupa Ye\u015fil Mutabakat\u0131\u2019na imza atan \u00fclkelerin program\u0131na girdi\u011fini, T\u00fcrkiye\u2019nin de gerekli ad\u0131mlar att\u0131\u011f\u0131n\u0131 anlatt\u0131. Yat\u0131r\u0131mc\u0131n\u0131n da \u00fczerine d\u00fc\u015feni yapmas\u0131n\u0131 \u00f6neren K\u0131l\u0131\u00e7, \u00a0<em>\u201c\u00c7evre dostu ye\u015fil binalar, enerji tasarrufu, yenilenebilir enerji kullan\u0131m\u0131, s\u0131f\u0131r at\u0131k gibi unsurlar\u0131 ile d\u00fcnyan\u0131n s\u0131f\u0131r kirlilik ve ye\u015fil kalk\u0131nma hedeflerine en uygun ara\u00e7t\u0131r.\u201d<\/em> dedi.<\/strong><\/h2>\n<p>T\u00fcrkiye\u2019nin ye\u015fil binalar konusundaki \u00e7at\u0131 kurulu\u015fu <strong>\u00c7EDB\u0130K<\/strong>; in\u015faat sekt\u00f6r\u00fcn\u00fcn<strong> \u2018ye\u015fil y\u0131ld\u0131zlar\u0131\u2019<\/strong> aras\u0131na girdi. <strong>Y\u0131ld\u0131z Teknik \u00dcniversitesi<\/strong>\u2019nin <strong>GreenStars program\u0131<\/strong>nda bu y\u0131l sertifikaya lay\u0131k g\u00f6r\u00fclen \u00c7EDB\u0130K, programla birlikte d\u00fcnyan\u0131n<strong> s\u00fcrd\u00fcr\u00fclebilirli\u011fi, enerji verimlili\u011fi<\/strong> konusundaki <img loading=\"lazy\" class=\"alignright wp-image-152832\" src=\"https:\/\/www.enerjigazetesi.ist\/wp-content\/uploads\/2022\/03\/cedbik-yesil-kalkinmanin-en-onemli-destekcisi-yesil-bina-yatirimlaridir.jpg\" alt=\"\" width=\"320\" height=\"199\" srcset=\"https:\/\/www.enerjigazetesi.ist\/wp-content\/uploads\/2022\/03\/cedbik-yesil-kalkinmanin-en-onemli-destekcisi-yesil-bina-yatirimlaridir.jpg 550w, https:\/\/www.enerjigazetesi.ist\/wp-content\/uploads\/2022\/03\/cedbik-yesil-kalkinmanin-en-onemli-destekcisi-yesil-bina-yatirimlaridir-300x187.jpg 300w, https:\/\/www.enerjigazetesi.ist\/wp-content\/uploads\/2022\/03\/cedbik-yesil-kalkinmanin-en-onemli-destekcisi-yesil-bina-yatirimlaridir-500x311.jpg 500w, https:\/\/www.enerjigazetesi.ist\/wp-content\/uploads\/2022\/03\/cedbik-yesil-kalkinmanin-en-onemli-destekcisi-yesil-bina-yatirimlaridir-80x50.jpg 80w\" sizes=\"(max-width: 320px) 100vw, 320px\" \/>\u00e7al\u0131\u015fmalar\u0131na GreenStars program\u0131 faaliyetlerini de ekleyecek.<\/p>\n<p>T\u00fcrkiye\u2019de 15 y\u0131ld\u0131r ye\u015fil binalar konusundaki \u00e7al\u0131\u015fmalar\u0131 ile <strong>in\u015faat sekt\u00f6r\u00fc<\/strong>n\u00fcn<strong> ye\u015fil d\u00f6n\u00fc\u015f\u00fcm\u00fcne<\/strong> \u00f6n ayak olan \u00c7EDB\u0130K; T\u00fcrkiye\u2019nin <strong>Avrupa Ye\u015fil Mutabakat\u0131<\/strong> ve <strong>ye\u015fil d\u00f6n\u00fc\u015f\u00fcme<\/strong> ili\u015fkin gerekli yasal ad\u0131mlar\u0131 atmaya ba\u015flad\u0131\u011f\u0131n\u0131, bu konuda g\u00f6rev s\u0131ras\u0131n\u0131n yat\u0131r\u0131mc\u0131lara geldi\u011fini a\u00e7\u0131klad\u0131.\u00a0 Yat\u0131r\u0131mc\u0131lara \u00e7a\u011fr\u0131da bulunan \u00c7EDB\u0130K Y\u00f6netim Kurulu Ba\u015fkan\u0131 <strong>Mehmet Sami K\u0131l\u0131\u00e7<\/strong>,<em> \u201c<strong>\u00c7evre dostu ye\u015fil binalar, enerji tasarrufu, yenilenebilir enerji kullan\u0131m\u0131, s\u0131f\u0131r at\u0131k<\/strong> gibi unsurlar\u0131 ile d\u00fcnyan\u0131n s\u0131f\u0131r kirlilik ve ye\u015fil kalk\u0131nma hedeflerine en uygun ara\u00e7t\u0131r.\u201d<\/em> dedi.<\/p>\n<h3><strong>Yat\u0131r\u0131mc\u0131n\u0131n harekete ge\u00e7me zaman\u0131<\/strong><\/h3>\n<p><strong>Enerji, ula\u015f\u0131m, g\u0131da, tar\u0131m, sanayi<\/strong> ve<strong> yap\u0131 sekt\u00f6rleri<\/strong> i\u00e7in <strong>s\u00fcrd\u00fcr\u00fclebilirlik<\/strong>, gelecekte var olabilmenin temel unsuru. <strong>Avrupa Ye\u015fil Mutabakat\u0131<\/strong> \u00e7er\u00e7evesinde,<strong> s\u0131f\u0131r kirlilik hedefi, ekosistemleri ve biyo\u00e7e\u015fitlili\u011fi korumak<\/strong> b\u00fcy\u00fck \u00f6nem ta\u015f\u0131yor. Bu konuda Avrupa Birli\u011fi, <strong>\u2018Birlikte harekete ge\u00e7me zaman\u0131\u2019<\/strong> slogan\u0131yla Ye\u015fil Mutabakat kapsam\u0131nda <strong>Avrupa \u0130klim Pakt\u0131n\u0131<\/strong> g\u00fcndemine ald\u0131.<\/p>\n<p>\u00c7EDB\u0130K Y\u00f6netim Kurulu Ba\u015fkan\u0131 <strong>Mehmet Sami K\u0131l\u0131\u00e7<\/strong>, s\u00fcrd\u00fcr\u00fclebilir bir gelecek i\u00e7in yap\u0131 sekt\u00f6r\u00fc genelinde, \u00f6ncelikle, <strong>s\u00fcrd\u00fcr\u00fclebilir ya\u015fam alanlar\u0131, tasar\u0131m<\/strong> ve<strong> in\u015faat a\u015famalar\u0131nda<\/strong> yap\u0131 projelerinin ilk unsuru olmas\u0131 gerekti\u011fini s\u00f6yledi. K\u0131l\u0131\u00e7, <em>\u201c\u015eimdi yat\u0131r\u0131mc\u0131lar i\u00e7in harekete ge\u00e7me zaman\u0131. <strong>Gayrimenkul sekt\u00f6r\u00fc<\/strong> yeniden hareketleniyor. Yeni ve b\u00fcy\u00fck projeler hayata ge\u00e7iyor. Bu projelerin yat\u0131r\u0131mc\u0131lar\u0131 s\u00fcrd\u00fcr\u00fclebilirli\u011fin hayati \u00f6nemine g\u00f6re yat\u0131r\u0131mlar\u0131n\u0131 y\u00f6nlendirmeli.\u201d<\/em> dedi.<\/p>\n<h3><strong>Yeni binalar s\u0131f\u0131r enerjiyi hedef almal\u0131<\/strong><\/h3>\n<p>T\u00fcrkiye&#8217;nin <strong>enerji t\u00fcketiminin<\/strong> <strong>1\/3<\/strong>&#8216;\u00fc binalarda ger\u00e7ekle\u015fti\u011fini hat\u0131rlatan Mehmet Sami K\u0131l\u0131\u00e7, <em>\u201cAvrupa Birli\u011fi \u00fclkeleri 1 Ocak 2021 tarihinden itibaren yap\u0131lan <strong>t\u00fcm binalar\u0131n s\u0131f\u0131r enerji bina<\/strong> olmas\u0131n\u0131 zorunlu hale getirdi. Asl\u0131nda \u00fclkemizde en \u00f6nemli d\u00f6n\u00fc\u015f\u00fcm, bizde de yeni yap\u0131lacak<strong> binalar\u0131n s\u0131f\u0131r enerji prensibiyle<\/strong> hayata ge\u00e7irilmesi ile ger\u00e7ekle\u015fecektir. \u015eu anda t\u00fcm d\u00fcnyada <strong>ye\u015fil d\u00f6n\u00fc\u015f\u00fcm<\/strong> ba\u015flad\u0131. T\u00fcrkiye\u2019deki ye\u015fil d\u00f6n\u00fc\u015f\u00fcm i\u00e7in \u00e7ok daha fazla gayrimenkul projesinin<strong> ye\u015fil bina<\/strong> prensiplerini hedef alarak hayata ge\u00e7irilmesi \u00f6nem ta\u015f\u0131yor.\u201d<\/em>\u00a0 yorumunu yapt\u0131.<\/p>","protected":false},"excerpt":{"rendered":"<p>Sorry, this entry is only available in Turkish. For the sake of viewer convenience, the content is shown below in the alternative language. You may click the link to switch the active language. Y\u0131ld\u0131z Teknik \u00dcniversitesi\u2019nin GreenStars program\u0131nda sertifikaya lay\u0131k g\u00f6r\u00fclen, in\u015faat sekt\u00f6r\u00fcn\u00fcn ye\u015fil binalar konusundaki \u00e7at\u0131 kurulu\u015fu \u00c7EDB\u0130K, yat\u0131r\u0131mc\u0131lara \u00e7a\u011fr\u0131da bulundu. \u00c7EDB\u0130K Y\u00f6netim Kurulu [&hellip;]<\/p>\n","protected":false},"author":1,"featured_media":152833,"comment_status":"open","ping_status":"open","sticky":false,"template":"","format":"standard","meta":[],"categories":[51,53,52],"tags":[79082,4240,103,12,101991,100139,97536,26122,42658,101993,6379,87,55,2482,101992,29165,3836],"views":135,"_links":{"self":[{"href":"https:\/\/www.enerjigazetesi.ist\/en\/wp-json\/wp\/v2\/posts\/152830"}],"collection":[{"href":"https:\/\/www.enerjigazetesi.ist\/en\/wp-json\/wp\/v2\/posts"}],"about":[{"href":"https:\/\/www.enerjigazetesi.ist\/en\/wp-json\/wp\/v2\/types\/post"}],"author":[{"embeddable":true,"href":"https:\/\/www.enerjigazetesi.ist\/en\/wp-json\/wp\/v2\/users\/1"}],"replies":[{"embeddable":true,"href":"https:\/\/www.enerjigazetesi.ist\/en\/wp-json\/wp\/v2\/comments?post=152830"}],"version-history":[{"count":0,"href":"https:\/\/www.enerjigazetesi.ist\/en\/wp-json\/wp\/v2\/posts\/152830\/revisions"}],"wp:featuredmedia":[{"embeddable":true,"href":"https:\/\/www.enerjigazetesi.ist\/en\/wp-json\/wp\/v2\/media\/152833"}],"wp:attachment":[{"href":"https:\/\/www.enerjigazetesi.ist\/en\/wp-json\/wp\/v2\/media?parent=152830"}],"wp:term":[{"taxonomy":"category","embeddable":true,"href":"https:\/\/www.enerjigazetesi.ist\/en\/wp-json\/wp\/v2\/categories?post=152830"},{"taxonomy":"post_tag","embeddable":true,"href":"https:\/\/www.enerjigazetesi.ist\/en\/wp-json\/wp\/v2\/tags?post=152830"}],"curies":[{"name":"wp","href":"https:\/\/api.w.org\/{rel}","templated":true}]}}