{"id":152688,"date":"2022-03-19T18:42:21","date_gmt":"2022-03-19T15:42:21","guid":{"rendered":"https:\/\/www.enerjigazetesi.ist\/?p=152688"},"modified":"2022-03-19T19:00:16","modified_gmt":"2022-03-19T16:00:16","slug":"kuresel-rekabette-surdurulebilir-kalkinma-icin-dongusel-ekonomiye-gecis-sart","status":"publish","type":"post","link":"https:\/\/www.enerjigazetesi.ist\/en\/kuresel-rekabette-surdurulebilir-kalkinma-icin-dongusel-ekonomiye-gecis-sart\/","title":{"rendered":"(Turkish) K\u00fcresel Rekabette S\u00fcrd\u00fcr\u00fclebilir Kalk\u0131nma \u0130\u00e7in &#8216;D\u00f6ng\u00fcsel Ekonomi&#8217;ye Ge\u00e7i\u015f"},"content":{"rendered":"<p class=\"qtranxs-available-languages-message qtranxs-available-languages-message-en\">Sorry, this entry is only available in <a href=\"https:\/\/www.enerjigazetesi.ist\/tr\/wp-json\/wp\/v2\/posts\/152688\" class=\"qtranxs-available-language-link qtranxs-available-language-link-tr\" title=\"Turkish\">Turkish<\/a>. For the sake of viewer convenience, the content is shown below in the alternative language. You may click the link to switch the active language.<\/p><p><\/p>\n<h2>14 &#8211; 18 Mart 2022&#8217;de ger\u00e7ekle\u015ftirilen II. T\u00fcrkiye D\u00f6ng\u00fcsel Ekonomi Haftas\u0131\u2019nda T\u00fcrkiye\u2019nin ye\u015fil kalk\u0131nma hedeflerine vizyon \u00e7izen; i\u015f d\u00fcnyas\u0131, kamu kurumlar\u0131, sivil toplum \u00f6rg\u00fctleri, akademisyenler ve aktivistlerden olu\u015fan 100\u2019e yak\u0131n konu\u015fmac\u0131 bir araya geldi.<\/h2>\n<p>Hafta boyunca d\u00fczenlenen oturumlarda, T\u00fcrkiye\u2019nin <strong>ye\u015fil kalk\u0131nma<\/strong>s\u0131nda ihtiya\u00e7 duyulan<strong> ekonomik<\/strong> ve <strong>toplumsal dinamikler<\/strong>, <strong>Paris \u0130klim Anla\u015fmas\u0131<\/strong>&#8216;nda Avrupa \u00fclkeleri ve Amerika\u2019n\u0131n uyum sa\u011flama s\u00fcreci konu\u015fulurken \u00fclkemizin <strong>d\u00f6ng\u00fcsel ekonomiye ge\u00e7i\u015fi<\/strong> i\u00e7in <strong>stratejik yol haritas\u0131<\/strong>n\u0131n politikalar ile desteklenmesi gerekti\u011fi konu\u015fuldu.<\/p>\n<p><img loading=\"lazy\" class=\"alignright wp-image-152690\" src=\"https:\/\/www.enerjigazetesi.ist\/wp-content\/uploads\/2022\/03\/kuresel-rekabette-surdurulebilir-kalkinma-icin-dongusel-ekonomiye-gecis-sart-2.jpg\" alt=\"\" width=\"320\" height=\"226\" srcset=\"https:\/\/www.enerjigazetesi.ist\/wp-content\/uploads\/2022\/03\/kuresel-rekabette-surdurulebilir-kalkinma-icin-dongusel-ekonomiye-gecis-sart-2.jpg 550w, https:\/\/www.enerjigazetesi.ist\/wp-content\/uploads\/2022\/03\/kuresel-rekabette-surdurulebilir-kalkinma-icin-dongusel-ekonomiye-gecis-sart-2-300x212.jpg 300w, https:\/\/www.enerjigazetesi.ist\/wp-content\/uploads\/2022\/03\/kuresel-rekabette-surdurulebilir-kalkinma-icin-dongusel-ekonomiye-gecis-sart-2-500x353.jpg 500w, https:\/\/www.enerjigazetesi.ist\/wp-content\/uploads\/2022\/03\/kuresel-rekabette-surdurulebilir-kalkinma-icin-dongusel-ekonomiye-gecis-sart-2-71x50.jpg 71w\" sizes=\"(max-width: 320px) 100vw, 320px\" \/>Haftada \u00f6n plana \u00e7\u0131kan <span style=\"text-decoration: underline;\">mesajlar \u015f\u00f6yle oldu:<\/span><\/p>\n<p>&#8211; D\u00f6ng\u00fcsel ekonominin bir b\u00fct\u00fcn olarak<strong> end\u00fcstride, kentle\u015fmede, tasar\u0131mda <\/strong>ve<strong> \u00fcretimde<\/strong> hayata ge\u00e7mesi i\u00e7in teknolojide <strong>inovasyonun sa\u011flanmas\u0131<\/strong> ve<strong> ye\u015fil teknolojiye ge\u00e7ilmesi<\/strong> \u00f6nemli. D\u00f6ng\u00fcselli\u011fe ge\u00e7i\u015f t\u00fcm bu s\u00fcre\u00e7lerin <strong>ye\u015fil teknolojiye adapte edilmesiyle<\/strong> m\u00fcmk\u00fcn olabilecek.<\/p>\n<p>&#8211; <strong>Ye\u015fil kalk\u0131nma<\/strong> yolunda i\u015f g\u00fcc\u00fcn\u00fc d\u00f6n\u00fc\u015ft\u00fcrmek, <strong>dijital<\/strong> ve <strong>teknolojik<\/strong> yetkinliklerini art\u0131rmak gerekirken d\u00f6n\u00fc\u015f\u00fcmden etkilenecek k\u0131r\u0131lgan gruplar\u0131 g\u00fc\u00e7lendirmek g\u00f6z ard\u0131 edilemez.<strong> D\u00f6n\u00fc\u015f\u00fcm<\/strong> ancak <strong>adil bir \u015fekilde<\/strong> sa\u011flanabilirse <strong>s\u00fcrd\u00fcr\u00fclebilir<\/strong> olacak.<\/p>\n<p>&#8211; Son olarak <strong>ye\u015fil d\u00f6n\u00fc\u015f\u00fcm<\/strong> i\u00e7in toplumun t\u00fcm kesimlerine dokunulmas\u0131, <strong>d\u00f6ng\u00fcsel ekonominin<\/strong> ve s\u00fcrd\u00fcr\u00fclebilirli\u011fin kitle ileti\u015fiminde ana unsurlar\u0131ndan biri. Mevcut t\u00fcketim k\u00fclt\u00fcr\u00fc terk edilerek, t\u00fcm toplumun <strong>d\u00f6ng\u00fcsel bir ya\u015fama ge\u00e7mesi<\/strong> gezegenimizin <strong>varl\u0131\u011f\u0131n\u0131 s\u00fcrd\u00fcrmesine<\/strong> imkan sa\u011flayacak.<\/p>\n<p>Hedefler i\u00e7in <em>\u0130\u015f D\u00fcnyas\u0131 Platformu (B4G), DCube D\u00f6ng\u00fcsel Ekonomi Kooperatifi (DCube) ve \u0130\u015f D\u00fcnyas\u0131 ve S\u00fcrd\u00fcr\u00fclebilir Kalk\u0131nma Derne\u011fi (SKD T\u00fcrkiye)<\/em> i\u015f birli\u011finde hayata ge\u00e7irilen <strong>II. T\u00fcrkiye D\u00f6ng\u00fcsel Ekonomi Haftas\u0131<\/strong>\u2019n\u0131n stratejik partnerli\u011fini <strong>Finlandiya B\u00fcy\u00fckel\u00e7ili\u011fi<\/strong> ve <strong>Business Finland <\/strong>\u00fcstlendi.<\/p>\n<h3><strong>T\u00fcrkiye\u2019nin D\u00f6ng\u00fcsel Ekonomiye Ge\u00e7i\u015fi Ka\u00e7\u0131n\u0131lmaz!<\/strong><\/h3>\n<p>Haftan\u0131n kapan\u0131\u015f\u0131nda Frans\u0131z Kalk\u0131nma Ajans\u0131 (AFD) taraf\u0131ndan sa\u011flanan fon deste\u011fi,<em> \u0130\u015f D\u00fcnyas\u0131 ve S\u00fcrd\u00fcr\u00fclebilir Kalk\u0131nma Derne\u011fi (SKD T\u00fcrkiye), KPMG T\u00fcrkiye ve KPMG Fransa<\/em> i\u015f birli\u011fi ile haz\u0131rlanan <strong>\u201cT\u00fcrkiye\u2019de Be\u015f Sekt\u00f6rde D\u00f6ng\u00fcsellik Potansiyelinin \u00d6n Ara\u015ft\u0131rma Raporu\u201d<\/strong> sonu\u00e7lar\u0131 kamuoyu ile payla\u015f\u0131ld\u0131.<\/p>\n<p>Etkinli\u011fin a\u00e7\u0131l\u0131\u015f konu\u015fmalar\u0131 <strong>Fransa \u0130stanbul Ba\u015fkonsolosu Olivier Gauvin, SKD T\u00fcrkiye Y\u00f6netim Kurulu Ba\u015fkan\u0131 Ebru Dildar Edin, AFD T\u00fcrkiye Direkt\u00f6r\u00fc Tanguy Denieul, KPMG T\u00fcrkiye \u015firket orta\u011f\u0131 \u015eirin Soysal\u00a0<\/strong>ve<strong>\u00a0T.C. \u00c7evre, \u015eehircilik ve \u0130klim De\u011fi\u015fikli\u011fi Bakanl\u0131\u011f\u0131 S\u0131f\u0131r At\u0131k ve At\u0131k \u0130\u015fleme Dairesi Ba\u015fkan\u0131 Sadiye Karabulut\u00a0<\/strong>taraf\u0131ndan ger\u00e7ekle\u015ftirildi.<\/p>\n<p><strong>Fransa \u0130stanbul Ba\u015fkonsolosu Olivier Gauvin<\/strong><em> \u201c\u0130klim i\u00e7in seferberlik hi\u00e7bir zaman zay\u0131flamamal\u0131d\u0131r. Bu, Fransa ve Avrupa Birli\u011fi Konseyi&#8217;nin Fransa D\u00f6nem Ba\u015fkanl\u0131\u011f\u0131 i\u00e7in bir \u00f6nceliktir. D\u00f6ng\u00fcsel ekonominin geli\u015ftirilmesi, \u00fcr\u00fcnlerin <strong>tasar\u0131m<\/strong> ve<strong> t\u00fcketilme \u015fekline<\/strong> dayanan kilit bir unsurdur. Bu ortak \u00e7al\u0131\u015fma, Fransa ve T\u00fcrkiye&#8217;de bu konudaki deneyimlerimizi payla\u015fmak i\u00e7in de\u011ferli bir giri\u015fimdir&#8221;<\/em> dedi.<\/p>\n<p><strong>AFD T\u00fcrkiye Direkt\u00f6r\u00fc Tanguy Denieul<\/strong>\u00a0<em>\u201c\u00c7evrenin ve do\u011fal kaynaklar\u0131n korunmas\u0131, ekonominin daha verimli i\u015flemesi i\u00e7in \u00e7\u00f6z\u00fcm olan d\u00f6ng\u00fcsel ekonomi ilkelerinin \u00fcr\u00fcnlerin yeniden kullan\u0131m\u0131na dayal\u0131 olarak uygulanmas\u0131n\u0131 gerektirmektedir. AFD olarak, T\u00fcrkiye\u2019deki ortaklar\u0131m\u0131zla birlikte konuyla aktif olarak ilgileniyoruz ve onlar\u0131 bu alanda desteklemek i\u00e7in <strong>mali<\/strong> ve <strong>teknik i\u015f birli\u011fi<\/strong> ara\u00e7lar\u0131m\u0131z haz\u0131r\u201d<\/em> dedi.<\/p>\n<p><strong>SKD T\u00fcrkiye Y\u00f6netim Kurulu Ba\u015fkan\u0131 Ebru Dildar Edin<\/strong>\u00a0<em>\u201cBug\u00fcn, sekt\u00f6rel olarak \u00fclkemiz i\u00e7in \u00f6nemli olan ve d\u00f6ng\u00fcsel ekonomide iyi uygulamalara sahip,<strong> plastik paketleme, tekstil, beyaz e\u015fya, otomotiv ve in\u015faat<\/strong> sekt\u00f6rlerinin d\u00f6ng\u00fcsellik potansiyelinin ara\u015ft\u0131rma sonu\u00e7lar\u0131n\u0131 payla\u015f\u0131yoruz. Ara\u015ft\u0131rmaya kat\u0131lan \u015firketlerden elde edilen ilk bulgulara g\u00f6re, plastik ambalaj sekt\u00f6r\u00fcnde ortalama girdi d\u00f6ng\u00fcselli\u011fi yakla\u015f\u0131k <strong>%7<\/strong>, tekstil sekt\u00f6r\u00fcnde ise yakla\u015f\u0131k <strong>%16<\/strong> olarak belirlendi. Bu rapor SKD T\u00fcrkiye olarak da konsorsiyum orta\u011f\u0131 olarak yer ald\u0131\u011f\u0131m\u0131z, \u00c7evre \u015eehircilik ve \u0130klim De\u011fi\u015fikli\u011fi Bakanl\u0131\u011f\u0131\u2019n\u0131n yararlan\u0131c\u0131s\u0131 oldu\u011fu, <strong>\u201cT\u00fcrkiye\u2019nin D\u00f6ng\u00fcsel Ekonomiye Ge\u00e7i\u015f Potansiyeli\u2019nin De\u011ferlendirilmesi \u0130\u00e7in Teknik Destek Projesi\u201dne<\/strong> ve \u00fclkemizin d\u00f6ng\u00fcsel ekonomi ulusal stratejisine ve eylem plan\u0131na katk\u0131 sa\u011flayacak. T\u00fcrkiye genelinde daha <strong>verimli kaynak<\/strong> ve<strong> at\u0131k y\u00f6netimine<\/strong> katk\u0131da bulunmak i\u00e7in, sundu\u011fumuz platformlarla ve y\u00fcr\u00fctt\u00fc\u011f\u00fcm\u00fcz projelerle d\u00f6ng\u00fcsel ekonomiye ge\u00e7i\u015fi te\u015fvik etmeye devam edece\u011fiz\u201d<\/em> dedi.<\/p>\n<p><strong>T.C. \u00c7evre, \u015eehircilik ve \u0130klim De\u011fi\u015fikli\u011fi Bakanl\u0131\u011f\u0131 S\u0131f\u0131r At\u0131k ve At\u0131k \u0130\u015fleme Dairesi Ba\u015fkan\u0131 Sadiye Karabulut<\/strong>\u00a0rapora dair \u015fu de\u011ferlendirmede bulundu:<em> \u201cSekt\u00f6rdeki f\u0131rsatlar\u0131 ve riskleri de\u011ferlendirmemize imk\u00e2n sa\u011flayan T\u00fcrkiye\u2019de <strong>5 Sekt\u00f6rde D\u00f6ng\u00fcsellik Potansiyeli \u00d6n Ara\u015ft\u0131rma Raporu\u2019nda<\/strong> da belirtildi\u011fi gibi <strong>d\u00f6ng\u00fcsel ekonomiye ge\u00e7i\u015fte<\/strong> ba\u015fta politika belirleyici konumdaki <strong>kamu otoriteleri<\/strong> olmak \u00fczere <strong>i\u015fletmelerin, sivil toplum \u00f6rg\u00fctlerinin<\/strong> ve <strong>uluslararas\u0131 kurulu\u015flar\u0131n<\/strong> \u00fczerine d\u00fc\u015fen sorumluluklar var. 2015 y\u0131l\u0131nda<strong> Avrupa Komisyonu<\/strong> taraf\u0131ndan a\u00e7\u0131klanan ilk d\u00f6ng\u00fcsel ekonomi paketiyle beraber art\u0131k klasik bir <strong>at\u0131k y\u00f6netiminden<\/strong> uzakla\u015fm\u0131\u015f bulunuyoruz. \u00dcr\u00fcnlerin tasar\u0131m\u0131 a\u015famas\u0131ndan ba\u015flayarak t\u00fcm ya\u015fam d\u00f6ng\u00fcs\u00fcn\u00fc ele alan bu s\u00fcre\u00e7te payda\u015flar aras\u0131 i\u015f birli\u011finin k\u00fcresel \u00e7abalara destek verir nitelikte geli\u015ftirilmesi ka\u00e7\u0131n\u0131lmaz. Bu do\u011frultuda gelecekte farkl\u0131 sekt\u00f6rlere dair \u00e7al\u0131\u015fmalar\u0131n da geli\u015ftirilmesini, bu rapor gibi \u00e7\u0131kt\u0131lar\u0131n i\u015f birli\u011fi i\u00e7erisinde \u00fcretilerek ortak hedeflerimize destek vermesini umut ediyorum\u201d.<\/em><\/p>\n<p><strong>KPMG T\u00fcrkiye \u015eirket Orta\u011f\u0131 \u015eirin Soysal\u00a0<\/strong>\u015funlar\u0131 s\u00f6yledi: <em>\u201cD\u00f6ng\u00fcsel ekonomiye ge\u00e7i\u015f, \u015firketlerde <strong>kaynak verimlili\u011fi<\/strong> sa\u011flarken <strong>iklim de\u011fi\u015fikli\u011fi ile m\u00fccadele<\/strong> kapsam\u0131nda<strong> sera gazlar\u0131 sal\u0131mlar\u0131n\u0131n azalt\u0131lmas\u0131n\u0131<\/strong> ve <strong>inovasyon f\u0131rsatlar\u0131<\/strong> ile yeni i\u015f alanlar\u0131 olu\u015fturarak ekonomik b\u00fcy\u00fcmeyi de destekleyecektir. \u00dclkemizde faaliyet g\u00f6steren \u015firketlerin d\u00f6ng\u00fcsel ekonomi i\u015f stratejilerini yap\u0131land\u0131rarak <strong>uygulamaya ge\u00e7irmeleri<\/strong> ve<strong> s\u00fcrd\u00fcr\u00fclebilir kalk\u0131nma<\/strong> yakla\u015f\u0131m\u0131yla de\u011fer yaratmalar\u0131 k\u00fcresel rekabette avantaj elde etmek a\u00e7\u0131s\u0131ndan kritik \u00f6nem ta\u015f\u0131yor. \u00a0Konunun \u00fclkemiz a\u00e7\u0131s\u0131ndan \u00f6nem arz etmesi nedeni ile AFD taraf\u0131ndan fonlanan proje kapsam\u0131nda <strong>SKD T\u00fcrkiye, KPMG T\u00fcrkiye <\/strong>ve<strong> KPMG Fransa<\/strong> i\u015f birli\u011fi ile \u201cT\u00fcrkiye\u2019de Be\u015f Sekt\u00f6rde D\u00f6ng\u00fcsellik Potansiyeli \u00d6n Ara\u015ft\u0131rma Raporu\u201d haz\u0131rland\u0131. Belirlenen sekt\u00f6rlerden<strong> g\u00f6n\u00fcll\u00fc kurulu\u015flar\u0131n<\/strong> ve <strong>akademisyenlerin<\/strong> katk\u0131lar\u0131 ile y\u00fcr\u00fct\u00fclen projede \u015firketlerin d\u00f6ng\u00fcsellik potansiyellerini ara\u015ft\u0131rmak \u00fczere ilk defa firma baz\u0131nda pratik uygulamalar ger\u00e7ekle\u015ftirildi.\u201d<\/em><\/p>\n<p>A\u00e7\u0131k kaynaklarda yap\u0131lan ara\u015ft\u0131rma sonu\u00e7lar\u0131na g\u00f6re, incelenen 5 sekt\u00f6rde<strong> d\u00f6ng\u00fcsel ekonomi uygulamalar\u0131n\u0131n<\/strong> erken bir a\u015famada oldu\u011fu ortaya \u00e7\u0131k\u0131yor. Bu do\u011frultuda T\u00fcrkiye\u2019nin d\u00f6ng\u00fcsel ekonomi ger\u00e7ekle\u015feni potansiyelinin alt\u0131nda kal\u0131yor. K\u00fcr<strong>esel rekabet g\u00fcc\u00fc<\/strong> ve <strong>s\u00fcrd\u00fcr\u00fclebilir kalk\u0131nma<\/strong> hedeflerine ula\u015fabilmesi i\u00e7in T\u00fcrkiye\u2019nin d\u00f6ng\u00fcsel ekonomiye ge\u00e7i\u015fi ka\u00e7\u0131n\u0131lmaz g\u00f6r\u00fcn\u00fcyor. Avrupa pazar\u0131 ile \u00f6nemli<strong> ticari ili\u015fkileri<\/strong> bulunan \u00fclkemizin ve sekt\u00f6rlerimizin yak\u0131n zamanda <strong>kamu, \u00f6zel sekt\u00f6r, STK\u2019lar<\/strong> ve <strong>t\u00fcketicilerle<\/strong> i\u015f birli\u011fi halinde,<strong> kaynak verimlili\u011fini art\u0131ran, at\u0131klar\u0131 azaltan, kirlili\u011fi \u00f6nleyen<\/strong> <strong>d\u00f6ng\u00fcsel ekonomiye ge\u00e7i\u015fi,<\/strong> uluslararas\u0131 arenada rekabet\u00e7ili\u011fini art\u0131racak ve ticari ili\u015fkileri g\u00fc\u00e7lendirecek.<\/p>\n<p>\u00dcr\u00fcnlerde d\u00f6ng\u00fcsellik oranlar\u0131n\u0131n art\u0131r\u0131lmas\u0131 ile<strong> yenilik\u00e7i<\/strong> ve <strong>ekolojik \u00fcr\u00fcn tasar\u0131mlar\u0131<\/strong> i\u00e7in gerekli yat\u0131r\u0131m maliyetlerinin y\u00fcksek olmas\u0131n\u0131n da<strong> d\u00f6ng\u00fcsel ekonomiye ge\u00e7i\u015fi<\/strong> yava\u015flatt\u0131\u011f\u0131 ara\u015ft\u0131rmada g\u00f6r\u00fcl\u00fcyor. Bu do\u011frultuda <strong>s\u00fcrd\u00fcr\u00fclebilir finansman\u0131n<\/strong>, d\u00f6ng\u00fcsel ekonomi alan\u0131nda yap\u0131lan <strong>yat\u0131r\u0131mlar, vergi ve faiz indirimleri, avantajl\u0131 krediler, yeni sigorta modelleri<\/strong> ve<strong> yeni yat\u0131r\u0131mlar<\/strong> ile<strong> te\u015fvik edilmesi<\/strong> \u00f6nem arz ediyor.<\/p>\n<p><strong>Halka a\u00e7\u0131k veriler<\/strong>, g\u00f6n\u00fcll\u00fc \u015firketlerin ve akademisyenlerin niteliksel ve niceliksel veri payla\u015f\u0131mlar\u0131 ve katk\u0131lar\u0131 ile derlenen raporda, <strong>plastik paketleme, tekstil, beyaz e\u015fya, otomotiv ve in\u015faat<\/strong> sekt\u00f6rlerinin d\u00f6ng\u00fcsellik stratejileri a\u00e7\u0131s\u0131ndan mevcut durum de\u011ferlendirmelerine, iyi uygulama \u00f6rneklerine ve d\u00f6ng\u00fcsel ekonomiye ge\u00e7i\u015fteki engellere yer veriliyor.<\/p>\n<p>Program\u0131n son b\u00f6l\u00fcm\u00fcnde d\u00fczenlenen <strong>\u201cD\u00f6ng\u00fcsel Ekonomide Sekt\u00f6rel \u0130yi Uygulamalar\u201d<\/strong> ba\u015fl\u0131kl\u0131 oturumda ise <strong>Ar\u00e7elik, Sun Tekstil, Elif Plastik, Korozo, Enka<\/strong> ve <strong>Unilever<\/strong> \u015firketlerinden uzman ki\u015filer bu alandaki iyi uygulamalar\u0131n\u0131 payla\u015ft\u0131.<\/p>\n<p><a href=\"http:\/\/www.skdturkiye.org\/images\/icerik\/Preliminary_Research_Report_on_Turkeys_Circular_Economy_Potential_in_5.pdf\" target=\"_blank\" rel=\"noopener\"><strong>\u0130ngilizce Rapora Ula\u015fmak i\u00e7in T\u0131klay\u0131n&gt;&gt;&gt;<\/strong><\/a><\/p>","protected":false},"excerpt":{"rendered":"<p>Sorry, this entry is only available in Turkish. For the sake of viewer convenience, the content is shown below in the alternative language. You may click the link to switch the active language. 14 &#8211; 18 Mart 2022&#8217;de ger\u00e7ekle\u015ftirilen II. T\u00fcrkiye D\u00f6ng\u00fcsel Ekonomi Haftas\u0131\u2019nda T\u00fcrkiye\u2019nin ye\u015fil kalk\u0131nma hedeflerine vizyon \u00e7izen; i\u015f d\u00fcnyas\u0131, kamu kurumlar\u0131, sivil [&hellip;]<\/p>\n","protected":false},"author":1,"featured_media":152696,"comment_status":"open","ping_status":"open","sticky":false,"template":"","format":"standard","meta":[],"categories":[53,52],"tags":[101913,101914,19260,101912,4531,5902,50126,101915,2271,27449,101809,37993,1243,25633,87237,29165],"views":124,"_links":{"self":[{"href":"https:\/\/www.enerjigazetesi.ist\/en\/wp-json\/wp\/v2\/posts\/152688"}],"collection":[{"href":"https:\/\/www.enerjigazetesi.ist\/en\/wp-json\/wp\/v2\/posts"}],"about":[{"href":"https:\/\/www.enerjigazetesi.ist\/en\/wp-json\/wp\/v2\/types\/post"}],"author":[{"embeddable":true,"href":"https:\/\/www.enerjigazetesi.ist\/en\/wp-json\/wp\/v2\/users\/1"}],"replies":[{"embeddable":true,"href":"https:\/\/www.enerjigazetesi.ist\/en\/wp-json\/wp\/v2\/comments?post=152688"}],"version-history":[{"count":0,"href":"https:\/\/www.enerjigazetesi.ist\/en\/wp-json\/wp\/v2\/posts\/152688\/revisions"}],"wp:featuredmedia":[{"embeddable":true,"href":"https:\/\/www.enerjigazetesi.ist\/en\/wp-json\/wp\/v2\/media\/152696"}],"wp:attachment":[{"href":"https:\/\/www.enerjigazetesi.ist\/en\/wp-json\/wp\/v2\/media?parent=152688"}],"wp:term":[{"taxonomy":"category","embeddable":true,"href":"https:\/\/www.enerjigazetesi.ist\/en\/wp-json\/wp\/v2\/categories?post=152688"},{"taxonomy":"post_tag","embeddable":true,"href":"https:\/\/www.enerjigazetesi.ist\/en\/wp-json\/wp\/v2\/tags?post=152688"}],"curies":[{"name":"wp","href":"https:\/\/api.w.org\/{rel}","templated":true}]}}