{"id":152671,"date":"2022-03-19T17:23:06","date_gmt":"2022-03-19T14:23:06","guid":{"rendered":"https:\/\/www.enerjigazetesi.ist\/?p=152671"},"modified":"2022-03-19T17:23:28","modified_gmt":"2022-03-19T14:23:28","slug":"turkiyenin-kurulu-gucu-nun-yuzde-65-i-yerli-kaynaklardan-olusuyor","status":"publish","type":"post","link":"https:\/\/www.enerjigazetesi.ist\/en\/turkiyenin-kurulu-gucu-nun-yuzde-65-i-yerli-kaynaklardan-olusuyor\/","title":{"rendered":"(Turkish) T\u00fcrkiye&#8217;nin Kurulu G\u00fcc\u00fcn\u00fcn % 65\u2019i Yerli Kaynaklardan Olu\u015fuyor"},"content":{"rendered":"<p class=\"qtranxs-available-languages-message qtranxs-available-languages-message-en\">Sorry, this entry is only available in <a href=\"https:\/\/www.enerjigazetesi.ist\/tr\/wp-json\/wp\/v2\/posts\/152671\" class=\"qtranxs-available-language-link qtranxs-available-language-link-tr\" title=\"Turkish\">Turkish<\/a>. For the sake of viewer convenience, the content is shown below in the alternative language. You may click the link to switch the active language.<\/p><p><\/p>\n<h2>T.C. Enerji ve Tabii Kaynaklar Bakanl\u0131\u011f\u0131, T.C. Ticaret Bakanl\u0131\u011f\u0131, ve Enerji Piyasas\u0131 D\u00fczenleme Kurumu (EPDK) taraf\u0131ndan 26 y\u0131ld\u0131r aral\u0131ks\u0131z desteklenen enerji platformu ICCI kapsam\u0131nda <strong>enerji sekt\u00f6r\u00fcndeki arz g\u00fcvenli\u011fi konusuna ili\u015fkin \u00f6nemli konu ba\u015fl\u0131klar\u0131n\u0131n de\u011ferlendirildi\u011fi konferans\u0131n<\/strong><strong>\u00a0a\u00e7\u0131l\u0131\u015f konu\u015fmalar\u0131n\u0131,\u00a0<\/strong>T.C Enerji ve Tabii Kaynaklar Bakanl\u0131\u011f\u0131 Bakan Yard\u0131mc\u0131s\u0131 Abdullah Tancan, TBMM San. Tic. Enerji, Tabi K., Bilgi ve Tekn. Kom. B\u015fk. Ziya Altunyald\u0131z, DE\u0130K Enerji \u0130\u015f Konseyi B\u015fk. Haluk Kalyoncu, ICCI Dan\u0131\u015fma Komitesi Ba\u015fkan\u0131 Yavuz Ayd\u0131n, TG Expo Genel M\u00fcd\u00fcr\u00fc Cem \u015eenel yapt\u0131.<\/h2>\n<h3><strong>KURULU G\u00dcC\u00dcM\u00dcZ\u00dcN % 65\u2019\u0130 YERL\u0130 KAYNAKLARDAN OLU\u015eUYOR<\/strong><\/h3>\n<p><strong>T.C. Enerji ve Tabi Kaynaklar Bakanl\u0131\u011f\u0131 Bakan Yard\u0131mc\u0131s\u0131 Abdullah Tancan, <em>&#8220;<\/em><\/strong><em>26 y\u0131l gibi uzun bir s\u00fcredir devam eden ICCI, enerjinin d\u00fcn\u00fcne bug\u00fcn\u00fcne yar\u0131n\u0131na dair b\u00fcy\u00fck bir bilgi birikimine sahip. De\u011ferli kat\u0131l\u0131mc\u0131lar <strong>49 bin 713\u2019\u00fc kamu 268 bin 349\u2019u \u00f6zel olmak \u00fczere toplam 368 bin 302 personelle enerji alan\u0131nda \u00fclkemize hizmet veriyoruz<\/strong>. Enerji, geli\u015fme yolculu\u011fumuzda vazge\u00e7ilmez bir ihtiya\u00e7t\u0131r ve bu ihtiya\u00e7 \u00fclkemiz geli\u015ftik\u00e7e daha da art\u0131\u015fkaydetmektedir. Enerjideki d\u0131\u015fa ba\u011f\u0131ml\u0131l\u0131\u011f\u0131m\u0131z\u0131 yapt\u0131\u011f\u0131m\u0131z<strong> do\u011fal gaz<\/strong> ve <strong>petrol sondaj \u00e7al\u0131\u015fmalar\u0131y<\/strong>la in\u015fa edilen <strong>n\u00fckleer santraller, yenilenebilir enerji<\/strong> ve <strong>kendi k\u00f6m\u00fcr madenlerimiz<\/strong> ile azaltmaya \u00e7al\u0131\u015f\u0131yoruz. T\u00fcm bunlar\u0131n yan\u0131 s\u0131ra, enerjinin <strong>verimli<\/strong> ve<strong> tasarruflu kullan\u0131lmas\u0131yla<\/strong> ilgili \u00e7al\u0131\u015fmalar da yaparak \u00fclkemiz kaynaklar\u0131na destek vermeye \u00e7al\u0131\u015f\u0131yoruz.\u00a0<\/em><\/p>\n<p><em><img loading=\"lazy\" class=\"aligncenter size-full wp-image-152673\" src=\"https:\/\/www.enerjigazetesi.ist\/wp-content\/uploads\/2022\/03\/turkiyenin-kurulu-gucunun-65i-yerli-kaynaklardan-olusuyor-2.jpg\" alt=\"\" width=\"550\" height=\"299\" srcset=\"https:\/\/www.enerjigazetesi.ist\/wp-content\/uploads\/2022\/03\/turkiyenin-kurulu-gucunun-65i-yerli-kaynaklardan-olusuyor-2.jpg 550w, https:\/\/www.enerjigazetesi.ist\/wp-content\/uploads\/2022\/03\/turkiyenin-kurulu-gucunun-65i-yerli-kaynaklardan-olusuyor-2-300x163.jpg 300w, https:\/\/www.enerjigazetesi.ist\/wp-content\/uploads\/2022\/03\/turkiyenin-kurulu-gucunun-65i-yerli-kaynaklardan-olusuyor-2-500x272.jpg 500w, https:\/\/www.enerjigazetesi.ist\/wp-content\/uploads\/2022\/03\/turkiyenin-kurulu-gucunun-65i-yerli-kaynaklardan-olusuyor-2-80x43.jpg 80w\" sizes=\"(max-width: 550px) 100vw, 550px\" \/><\/em><\/p>\n<p><em>Karadeniz\u2019de ke\u015ffetti\u011fimiz <strong>540 milyar metrek\u00fcpl\u00fck<\/strong> do\u011falgaz\u0131n rezervi \u00fclkemizin makus talihi yenmesi a\u00e7\u0131s\u0131ndan \u00f6nemli bir ba\u015flang\u0131\u00e7 oldu. Yeni <strong>petrol sondaj \u00e7al\u0131\u015fmalar\u0131<\/strong>n\u0131n yan\u0131 s\u0131ra kapat\u0131lan eski kuyular\u0131 yeni bir bak\u0131\u015f a\u00e7\u0131s\u0131 ve yeni teknoloji ile ele alarak de\u011ferlendiriyoruz. Uzun s\u00fcre s\u00fcr\u00fcncemede kalan n\u00fckleer enerji hususunda da \u00e7ok \u00f6nemli mesafeler kat ettik. S\u00fcrd\u00fcr\u00fclebilir enerji kapsam\u0131nda, <strong>karbonsuz elektrik \u00fcretimi<\/strong>ne y\u00f6nelik enerji \u00fcretim portf\u00f6y\u00fcm\u00fcze \u00f6n\u00fcm\u00fczdeki y\u0131llarda n\u00fckleer enerjiyi de eklemi\u015f olaca\u011f\u0131z.\u00a0<\/em><\/p>\n<p><em>Akkuyu N\u00fckleer Santrali \u00fclkemizin enerji ihtiyac\u0131n\u0131 gidermede b\u00fcy\u00fck bir bo\u015flu\u011fu dolduracak. Halihaz\u0131rda <strong>d\u00fcnyada 32 \u00fclkede 439 adet kurulu n\u00fckleer g\u00fc\u00e7 reakt\u00f6r\u00fc faaliyet g\u00f6steriyor. 19 \u00fclkede de 52 adet n\u00fckleer g\u00fc\u00e7 reakt\u00f6r\u00fc in\u015fa a\u015famas\u0131nda.<\/strong> Bildi\u011finiz gibi bug\u00fcn d\u00fcnya enerji dar bo\u011faz\u0131ndan ge\u00e7iyor. Hem fiyatlar hem tedarik konusunda ciddi sorunlar ya\u015fan\u0131yor. B\u00f6yle bir ortamda yerli enerjinin \u00f6nemi \u00e7ok daha fazla \u00f6ne \u00e7\u0131k\u0131yor. T\u00fcrkiye\u2019nin halihaz\u0131rda yakla\u015f\u0131k <strong>100 bin megawatt<\/strong>l\u0131k elektriksel bir kurulu g\u00fcc\u00fc s\u00f6z konusu. Bu kurulu g\u00fcc\u00fcn yakla\u015f\u0131k 54 bin megawatt\u0131 ise yenilenebilir enerjiden olu\u015fuyor. Her ge\u00e7en g\u00fcn \u00e7evreci enerji oran\u0131m\u0131z\u0131 daha da art\u0131r\u0131yoruz. \u00d6zellikle son y\u0131llarda devreye al\u0131nan kurulu g\u00fcc\u00fcm\u00fcz\u00fcn b\u00fcy\u00fck \u00e7o\u011funlu\u011fu yenilenebilir enerji kaynaklar\u0131na dayal\u0131. Ayn\u0131 \u015fekildeki b\u00fcy\u00fcmenin yani yenilenebilir enerji santralleriyle kurulu g\u00fcc\u00fcm\u00fcz\u00fc art\u0131rman\u0131n \u00f6n\u00fcm\u00fczdeki y\u0131llarda da devam edece\u011fini \u00fcmit ediyorum. Ayn\u0131 zamanda, yenilenebilir enerjiyle birlikte yerli enerjiye de \u00f6zel bir hassasiyet g\u00f6steriyoruz. <strong>Toplam bug\u00fcnk\u00fc kurulu g\u00fcc\u00fcm\u00fcz\u00fcn yakla\u015f\u0131k % 65\u2019i ayn\u0131 zamanda yerli enerji kaynaklar\u0131ndan olu\u015fuyor.<\/strong> Yerli imalata verdi\u011fimiz \u00f6nemle<strong> g\u00fcne\u015f<\/strong> ve <strong>r\u00fczgar santrallerinin<\/strong> en kritik ekipmanlar\u0131 yurt i\u00e7inde \u00fcretilir hale de geldi. Enerjideki <strong>bu d\u00f6n\u00fc\u015f\u00fcm s\u00fcrecinde<\/strong> mevcut santrallerimizin <strong>verimliliklerini art\u0131rmak<\/strong> ve <strong>zararl\u0131 emisyonlar\u0131 da azaltmak<\/strong> zorunday\u0131z. Bu d\u00f6n\u00fc\u015f\u00fcm s\u00fcrecinde toplam verimlili\u011fin en y\u00fcksek d\u00fczeye ula\u015ft\u0131\u011f\u0131 birle\u015fik g\u00fc\u00e7 yani<strong> kojenerasyon sistemleri<\/strong>ni yayg\u0131nla\u015ft\u0131rmam\u0131z gerekiyor. End\u00fcstride \u00f6zellikle ihracata y\u00f6nelik \u00e7al\u0131\u015fan reel sekt\u00f6rde kojenerasyon sistemleri <strong>y\u00fcksek verimlilikle enerji maliyetlerini d\u00fc\u015f\u00fcrerek<\/strong> yerli firmalar\u0131m\u0131z\u0131n rekabet g\u00fcc\u00fcn\u00fc de art\u0131rm\u0131\u015f olacak&#8221; a\u00e7\u0131klamas\u0131nda bulundu.<\/em><\/p>\n<p><em><strong>TBMM San. Tic. Enerji, Tabi K., Bilgi ve Tekn. Kom. B\u015fk. Ziya Altunyald\u0131z<\/strong>, &#8220;2021 iklim de\u011fi\u015fikli\u011fi ve hemen akabinde gelen k\u00fcresel enerji meseleleri, bu iki konunun birbiriyle ne kadar ba\u011flant\u0131l\u0131 ve e\u015fg\u00fcd\u00fcml\u00fc bir \u015fekilde devam ettirilmesi gerekti\u011fini ortaya koydu. Cumhurba\u015fkan\u0131m\u0131z\u0131n da belirtmi\u015f oldu\u011fu <strong>ye\u015fil kalk\u0131nma devrimi<\/strong> ve k\u00fcresel alandaki sermayenin bundan sonra ekonomide ye\u015fil d\u00f6n\u00fc\u015f\u00fcm\u00fcn\u00fc sa\u011flayabilecek \u00fclkelere do\u011fru kaymaya ba\u015flamas\u0131 ve k\u00fcresel tedarikin bir anlamda yeni destinasyonlar aramas\u0131 \u00fclkemizi hem iklim de\u011fi\u015fikli\u011finde yapaca\u011f\u0131 eylemlerde hem de aktivitelerde \u00f6n plana \u00e7\u0131karmaya ba\u015flad\u0131. \u00d6zellikle son y\u0131llarda<strong> iklim de\u011fi\u015fikli\u011fi<\/strong> ile <strong>enerji d\u00f6n\u00fc\u015f\u00fcm\u00fcnde<\/strong> \u00e7al\u0131\u015fmalar yapan \u00fclkemiz, k\u00fcresel anlamda ye\u015fil enerji d\u00f6n\u00fc\u015f\u00fcm\u00fcndeki hamleleri ile elde etti\u011fi konumu ve dereceleriyle \u00f6n plana \u00e7\u0131k\u0131yor. Yine herkesin bildi\u011fi gibi <strong>\u00f6zellikle yenilenebilir ye\u015fil enerjide \u00fclkemiz, D\u00fcnya\u2019da 12\u2019nci Avrupa\u2019da 5\u2019inci s\u0131ralara y\u00fckseldi.<\/strong> Ayr\u0131ca, son y\u0131llarda hizmet ald\u0131\u011f\u0131m\u0131z t\u00fcm enerji \u00fcretim alanlar\u0131n\u0131n yenilenebilir enerji oldu\u011funu g\u00f6r\u00fcyoruz. Herkesin bildi\u011fi gibi Bakanl\u0131\u011f\u0131m\u0131z ve EPDK ile yapm\u0131\u015f oldu\u011fumuz \u00e7al\u0131\u015fmalar kapsam\u0131nda meclisimizde yasala\u015fan kanunlar ile hem baz enerji hem de alternatif enerji kaynaklar\u0131nda ortaya koydu\u011fumuz a\u00e7\u0131l\u0131mlar ve yat\u0131r\u0131mlar\u0131n cazip hale getirilmesinde <strong>ye\u015fil d\u00f6n\u00fc\u015f\u00fcm, enerji d\u00f6n\u00fc\u015f\u00fcm\u00fc, iklim de\u011fi\u015fikli\u011fi<\/strong> ve \u00fclkemizin k\u00fcresel tedarikte yeni \u00fcretim ve tedarik hab\u0131 olmas\u0131 gibi unsurlar yer al\u0131yor. ICCI, da t\u00fcm bu unsurlar\u0131n \u00a0konu\u015fulaca\u011f\u0131, harmanlanaca\u011f\u0131 eminim inisiyatif alanlar\u0131n\u0131n olu\u015faca\u011f\u0131 bir fuar olacakt\u0131r&#8221; <\/em>dedi.<\/p>\n<h3><strong>YE\u015e\u0130L MUTABAKATA UYUMLULUKTA \u201cEN HIZLI 5 \u00dcLKE ARASINDAYIZ\u201d<\/strong><\/h3>\n<p><strong>DE\u0130K Enerji \u0130\u015f Konseyi B\u015fk.<\/strong>\u00a0<strong>Haluk KALYONCU<\/strong><strong>,<\/strong>\u00a0<em>\u201cK\u00fcresel salg\u0131nla birlikte sekt\u00f6r\u00fcm\u00fcz\u00fc olduk\u00e7a etkileyen ve etkileyecek olan ikiz d\u00f6n\u00fc\u015f\u00fcm g\u00fcndemimizde \u00fcst s\u0131ralarda yer edinmi\u015fti. Bug\u00fcn ise, salg\u0131na ek olarak yan\u0131 ba\u015f\u0131m\u0131zda ya\u015fanan<strong> s\u0131cak sava\u015f\u0131n, k\u00fcresel ekonomi<\/strong> ve sekt\u00f6r\u00fcm\u00fcz \u00fczerinde ciddi etkilerinin \u015fimdiden hissedildi\u011fi bir d\u00f6nemin i\u00e7inden ge\u00e7iyoruz. <strong>D\u00fcnya jeopoliti\u011fi<\/strong> ve <strong>sekt\u00f6r\u00fcm\u00fcz\u00fc<\/strong> etkileyen bu geli\u015fmeleri g\u00f6z \u00f6n\u00fcnde bulundurarak ya\u015fanan krizler <strong>enerji g\u00fcvenli\u011fini sa\u011flaman\u0131n<\/strong> ve <strong>enerji kaynaklar\u0131n\u0131 \u00e7e\u015fitlendirmenin<\/strong> ne denli \u00f6nemli oldu\u011funu bir kez daha g\u00f6zler \u00f6n\u00fcne serdi. Enerji sekt\u00f6r\u00fc <strong>yenilenebilir enerji yat\u0131r\u0131mlar\u0131 \u00fcretilen elektri\u011fin y\u00fczde 55\u2019ine geldi<\/strong> ve bu <strong>ye\u015fil mutabakat \u00e7er\u00e7evesine uyum anlam\u0131nda en h\u0131zl\u0131 ilk 5 \u00fclke aras\u0131nda yerini alm\u0131\u015ft\u0131r<\/strong>. T\u00fcrkiye enerji sekt\u00f6r\u00fc karbonsuzla\u015fma yolunda enerji d\u00f6n\u00fc\u015f\u00fcm politikalar\u0131na devam etmenin gerekliliklerini h\u0131zla yerine getirirken ve bir yandan D\u00fcnya iklim zirvesinde \u00e7evreye <strong>sal\u0131nan gazlar\u0131n \u00f6nlenmesi<\/strong> i\u00e7in uluslararas\u0131 bu anla\u015fmalar yap\u0131l\u0131rken di\u011fer yandan bu \u00e7evre zirvelerine \u00f6nc\u00fcl\u00fck eden devletlerin karbon sal\u0131n\u0131m\u0131n\u0131n <strong>y\u00fczde 65<\/strong>\u2019ini olu\u015fturdu\u011funun alt\u0131n\u0131 \u00e7izmek isterim. Zira az \u00f6nce ifade etti\u011fim gibi giri\u015fimci enerji sekt\u00f6r\u00fc yat\u0131r\u0131mc\u0131lar\u0131m\u0131z Yenilenebilir enerji kaynaklar\u0131n\u0131n geni\u015fletilmesi enerji d\u00f6n\u00fc\u015f\u00fcm\u00fcm\u00fcz\u00fcn \u00e7ok \u00f6nemli bir par\u00e7as\u0131 haline geldi. <strong>Son 20 y\u0131lda, yenilebilir enerji kurulu g\u00fcc\u00fcm\u00fcz 4.5 kat art\u0131\u015f g\u00f6sterdi<\/strong>. Enerji Bakanl\u0131\u011f\u0131m\u0131z\u0131n katk\u0131 ve destekleri ile yenilenebilir enerjiden elde edilen elektri\u011fin pay\u0131 <strong>y\u00fczde 22<\/strong>\u2019lik bir art\u0131\u015f g\u00f6sterdi. <strong>R\u00fczgar<\/strong> ve<strong> g\u00fcne\u015fteki<\/strong> h\u0131zl\u0131 y\u00fckseli\u015f memnun edici ancak potansiyelimizi yans\u0131tm\u0131yor. Daha fazlas\u0131n\u0131 yapmak yine sekt\u00f6r temsilcilerimizin elinde. G\u00fcne\u015ften efektif yararlanma d\u00fczeyinin y\u00fcksekli\u011fi ve r\u00fczgar enerjisi santralleri kurulumuna uygun b\u00f6lgelerin yo\u011funlu\u011fu d\u00fcnya ortalamas\u0131n\u0131n \u00e7ok \u00fczerinde. <strong>R\u00fczgar, g\u00fcne\u015f, n\u00fckleer projeler<\/strong> ve <strong>YEKA<\/strong> gibi devam eden projeler sayesinde \u00fclkemizin <strong>enerji arz\u0131 g\u00fcvenli\u011fi<\/strong> konusundaki konumunun giderek iyile\u015fece\u011fine inan\u0131yorum\u201d<\/em> dedi.<\/p>\n<h3><strong>ODAK KONU ENERJ\u0130 G\u0130DERLER\u0130N\u0130N AZALTILMASI<\/strong><\/h3>\n<p><strong>ICCI Dan\u0131\u015fma Komitesi Ba\u015fkan\u0131 Yavuz Ayd\u0131n<\/strong>\u00a0da, <em>\u201c2010 y\u0131l\u0131ndan sonra yenilenebilir enerji kaynaklar\u0131na verilen <strong>destek<\/strong> ve<strong> te\u015fviklerin etkisi<\/strong> ve<strong> teknolojideki h\u0131zl\u0131 geli\u015fmenin<\/strong> katk\u0131s\u0131yla yeni enerji yat\u0131r\u0131mlar\u0131nda <strong>fosilden yenilenebilir enerjiye do\u011fru<\/strong> \u00e7ok ciddi bir d\u00f6n\u00fc\u015f\u00fcm ya\u015fanmaya ba\u015flad\u0131. Bu kapsamda, 2021 y\u0131l\u0131 sonu itibariyle kurulu g\u00fc\u00e7 <strong>100 bin megawat\u0131<\/strong>, elektrik \u00fcretimi <strong>330 milyar kilowat s<\/strong>aati ge\u00e7ti. <strong>Y\u00fczde 25<\/strong>\u2019i kamu <strong>y\u00fczde 75\u2019<\/strong>i \u00f6zel sekt\u00f6rde olan bug\u00fcnk\u00fc kurulu g\u00fcc\u00fcn <strong>y\u00fczde 45<\/strong>\u2019i termik,<strong> y\u00fczde 55<\/strong>\u2019i yenilenebilir kaynakl\u0131. \u00d6n\u00fcm\u00fczdeki 5 y\u0131lda yenilenebilir kurulu g\u00fc\u00e7 oran\u0131n\u0131n ise <strong>y\u00fczde 65<\/strong>\u2019e \u00e7\u0131kaca\u011f\u0131n\u0131 rahatl\u0131kla s\u00f6yleyebiliriz. Bu kapsamda, enerji sekt\u00f6r\u00fcn\u00fcn nabz\u0131n\u0131 tutan fuar\u0131m\u0131z\u0131 bu y\u0131l fiziksel fuar ve konferans olarak d\u00fczenleme karar\u0131 ald\u0131k. Sanayinin en \u00f6nemli maliyet kalemi olan<strong> enerji giderlerinin azalt\u0131lmas\u0131<\/strong> ve enerji verimlili\u011finin art\u0131\u015f\u0131na y\u00f6nelik teknolojik geli\u015fmeler konferans\u0131n odak konular\u0131 aras\u0131nda yerini ald\u0131. Bu y\u0131lki konferanslara kat\u0131l\u0131m ve panel konular\u0131nda \u00fclkemizin en b\u00fcy\u00fck enerji t\u00fcketicisi olan ve ihracat\u0131m\u0131z\u0131n dinamosu olan reel sekt\u00f6r ve end\u00fcstri kurulu\u015flar\u0131n\u0131n \u00fcst d\u00fczeyde temsil edilmesi de bizi sevindiriyor\u201d<\/em> diye konu\u015ftu.<\/p>\n<p><strong>TG Expo Genel M\u00fcd\u00fcr\u00fc Cem \u015eenel,<\/strong>\u00a0<em>\u201cGe\u00e7ti\u011fimiz iki y\u0131l<strong> dijital<\/strong> olarak ger\u00e7ekle\u015ftirilen <strong>ICCI\u2019 da<\/strong> bu y\u0131l, fuara paralel olarak d\u00fczenlenecek uluslararas\u0131 konferanslarda 3 g\u00fcn boyunca <strong>4<\/strong> salonda <strong>40<\/strong> oturum ve <strong>200\u2019\u00fcn<\/strong> \u00fczerinde konu\u015fmac\u0131 yer alacak. Yine 200\u2019den fazla <strong>yerli<\/strong> ve <strong>yabanc\u0131<\/strong> kat\u0131l\u0131mc\u0131 markan\u0131n oldu\u011fu fuar\u0131 <strong>15 bin sekt\u00f6r<\/strong> profesyonelinin ziyaret etmesini hedefliyoruz. Hi\u00e7 ara vermeden sekt\u00f6r\u00fcn nabz\u0131n\u0131 tuttu\u011fumuz fuar\u0131m\u0131z sekt\u00f6r\u00fcn network platformu olan bu a\u011f\u0131 canl\u0131 tutmak i\u00e7in gerekli i\u00e7erikleri \u00fcretmeye devam ediyor. Bu sebeple; fuarla e\u015fzamanl\u0131 d\u00fczenlenen ve ana temas\u0131 <strong>Enerji ve \u0130klimlendirme, Verimlilik, S\u00fcrd\u00fcr\u00fclebilirlik ve D\u00f6n\u00fc\u015f\u00fcm<\/strong> olarak belirlenen ICCI 2022 konferanslar\u0131, bu y\u0131l her zamankinden daha fazla talep g\u00f6r\u00fcyor\u201d<\/em> \u015feklinde konu\u015ftu.<\/p>","protected":false},"excerpt":{"rendered":"<p>Sorry, this entry is only available in Turkish. For the sake of viewer convenience, the content is shown below in the alternative language. You may click the link to switch the active language. T.C. Enerji ve Tabii Kaynaklar Bakanl\u0131\u011f\u0131, T.C. Ticaret Bakanl\u0131\u011f\u0131, ve Enerji Piyasas\u0131 D\u00fczenleme Kurumu (EPDK) taraf\u0131ndan 26 y\u0131ld\u0131r aral\u0131ks\u0131z desteklenen enerji platformu [&hellip;]<\/p>\n","protected":false},"author":1,"featured_media":152674,"comment_status":"open","ping_status":"open","sticky":false,"template":"","format":"standard","meta":[],"categories":[46,51,53,52,49,43,44,4],"tags":[18613,1564,101906,100678,1999,91556,31929,11246,101905,1296,793,25578,1245,2482,97510],"views":477,"_links":{"self":[{"href":"https:\/\/www.enerjigazetesi.ist\/en\/wp-json\/wp\/v2\/posts\/152671"}],"collection":[{"href":"https:\/\/www.enerjigazetesi.ist\/en\/wp-json\/wp\/v2\/posts"}],"about":[{"href":"https:\/\/www.enerjigazetesi.ist\/en\/wp-json\/wp\/v2\/types\/post"}],"author":[{"embeddable":true,"href":"https:\/\/www.enerjigazetesi.ist\/en\/wp-json\/wp\/v2\/users\/1"}],"replies":[{"embeddable":true,"href":"https:\/\/www.enerjigazetesi.ist\/en\/wp-json\/wp\/v2\/comments?post=152671"}],"version-history":[{"count":0,"href":"https:\/\/www.enerjigazetesi.ist\/en\/wp-json\/wp\/v2\/posts\/152671\/revisions"}],"wp:featuredmedia":[{"embeddable":true,"href":"https:\/\/www.enerjigazetesi.ist\/en\/wp-json\/wp\/v2\/media\/152674"}],"wp:attachment":[{"href":"https:\/\/www.enerjigazetesi.ist\/en\/wp-json\/wp\/v2\/media?parent=152671"}],"wp:term":[{"taxonomy":"category","embeddable":true,"href":"https:\/\/www.enerjigazetesi.ist\/en\/wp-json\/wp\/v2\/categories?post=152671"},{"taxonomy":"post_tag","embeddable":true,"href":"https:\/\/www.enerjigazetesi.ist\/en\/wp-json\/wp\/v2\/tags?post=152671"}],"curies":[{"name":"wp","href":"https:\/\/api.w.org\/{rel}","templated":true}]}}