{"id":152608,"date":"2022-03-18T14:15:41","date_gmt":"2022-03-18T11:15:41","guid":{"rendered":"https:\/\/www.enerjigazetesi.ist\/?p=152608"},"modified":"2022-03-18T14:16:11","modified_gmt":"2022-03-18T11:16:11","slug":"togg-ile-turkiye-nin-yesil-donusumu-hizlaniyor","status":"publish","type":"post","link":"https:\/\/www.enerjigazetesi.ist\/en\/togg-ile-turkiye-nin-yesil-donusumu-hizlaniyor\/","title":{"rendered":"(Turkish) &#8217;TOGG&#8217; ile T\u00fcrkiye\u2019nin Ye\u015fil D\u00f6n\u00fc\u015f\u00fcm\u00fc H\u0131zlan\u0131yor"},"content":{"rendered":"<p class=\"qtranxs-available-languages-message qtranxs-available-languages-message-en\">Sorry, this entry is only available in <a href=\"https:\/\/www.enerjigazetesi.ist\/tr\/wp-json\/wp\/v2\/posts\/152608\" class=\"qtranxs-available-language-link qtranxs-available-language-link-tr\" title=\"Turkish\">Turkish<\/a>. For the sake of viewer convenience, the content is shown below in the alternative language. You may click the link to switch the active language.<\/p><p><\/p>\n<h2><strong>T\u00fcrkiye\u2019nin mobilite alan\u0131nda hizmet veren k\u00fcresel teknoloji markas\u0131 Togg\u2019un CEO\u2019su M. G\u00fcrcan Karaka\u015f, Londra\u2019da d\u00fczenlenen \u0130ngiltere &#8211; T\u00fcrkiye Ye\u015fil Finans Konferans\u0131\u2019nda (UK-Turkey Green Finance Conference) bir konu\u015fma yapt\u0131.<\/strong><\/h2>\n<p><strong>26\u2019nc\u0131 Birle\u015fmi\u015f Milletler \u0130klim De\u011fi\u015fikli\u011fi Konferans\u0131<\/strong>&#8216;nda <strong>(COP26)<\/strong> belirlenen hedeflere ula\u015fabilmek i\u00e7in ye\u015fil finans ekosisteminin masaya yat\u0131r\u0131ld\u0131\u011f\u0131 <strong>Londra<\/strong>\u2019daki <strong>\u0130ngiltere-T\u00fcrkiye Ye\u015fil Finans Konferans\u0131<\/strong>, \u00fcst d\u00fczey<strong> kamu<\/strong> ve <strong>\u00f6zel sekt\u00f6r<\/strong> temsilcilerini bir araya getirdi. <strong>Ye\u015fil finans<\/strong> <img loading=\"lazy\" class=\"alignright wp-image-152617\" src=\"https:\/\/www.enerjigazetesi.ist\/wp-content\/uploads\/2022\/03\/togg-ile-turkiye-nin-yesil-donusumu-hizlaniyor-1.jpg\" alt=\"\" width=\"320\" height=\"216\" srcset=\"https:\/\/www.enerjigazetesi.ist\/wp-content\/uploads\/2022\/03\/togg-ile-turkiye-nin-yesil-donusumu-hizlaniyor-1.jpg 550w, https:\/\/www.enerjigazetesi.ist\/wp-content\/uploads\/2022\/03\/togg-ile-turkiye-nin-yesil-donusumu-hizlaniyor-1-300x202.jpg 300w, https:\/\/www.enerjigazetesi.ist\/wp-content\/uploads\/2022\/03\/togg-ile-turkiye-nin-yesil-donusumu-hizlaniyor-1-500x337.jpg 500w, https:\/\/www.enerjigazetesi.ist\/wp-content\/uploads\/2022\/03\/togg-ile-turkiye-nin-yesil-donusumu-hizlaniyor-1-74x50.jpg 74w\" sizes=\"(max-width: 320px) 100vw, 320px\" \/>konusunda en iyi \u00f6rneklerin ele al\u0131nd\u0131\u011f\u0131 konferansta konu\u015fan Togg CEO\u2019su <strong>M. G\u00fcrcan Karaka\u015f<\/strong>, \u00fcretimden yat\u0131r\u0131ma olu\u015fturduklar\u0131 <strong>mobilite ekosistemi<\/strong>nin do\u011fas\u0131 gere\u011fi <strong>s\u00fcrd\u00fcr\u00fclebilir<\/strong> oldu\u011funu belirterek, <span style=\"text-decoration: underline;\">\u015funlar\u0131 s\u00f6yledi:<\/span><\/p>\n<p><em>\u201cBiz do\u011fu\u015ftan <strong>ye\u015fil<\/strong> ve <strong>s\u00fcrd\u00fcr\u00fclebilir<\/strong> bir markay\u0131z. Togg, sadece kullan\u0131l\u0131rken <strong>s\u0131f\u0131r emisyonlu<\/strong> bir ak\u0131ll\u0131 cihaz de\u011fil. Veriye dayal\u0131 i\u015f modelimiz, bir teknoloji \u015firketi olarak geli\u015ftirdi\u011fimiz <strong>mobilite \u00e7\u00f6z\u00fcmlerimiz, ak\u0131ll\u0131 enerji <\/strong>ve <strong>ak\u0131ll\u0131 ya\u015fam \u00e7\u00f6z\u00fcmleri<\/strong> alan\u0131ndaki yeniliklerimizle \u00f6rd\u00fc\u011f\u00fcm\u00fcz ekosistem s\u00fcrd\u00fcr\u00fclebilirlik \u00fczerinde y\u00fckseliyor. <strong>\u0130klim de\u011fi\u015fikli\u011fiyle m\u00fccadele<\/strong> kapsam\u0131nda s\u00fcrd\u00fcr\u00fclebilirlik konusunda fark yaratacak uygulamalar\u0131 hayata ge\u00e7irmek ve t\u00fcm ekosistemi bunun bir par\u00e7as\u0131 haline getirmek i\u00e7in gerekli t\u00fcm ad\u0131mlar\u0131 uluslararas\u0131 standartlara uygun ve hatta standartlar\u0131n \u00f6tesinde olacak \u015fekilde at\u0131yoruz.\u201d<\/em><\/p>\n<h3><strong>Kullan\u0131c\u0131 odakl\u0131 yakla\u015f\u0131mla de\u011fer yarat\u0131yoruz<\/strong><\/h3>\n<p>Karaka\u015f, Togg\u2019un s\u00fcrd\u00fcr\u00fclebilirlik stratejisini kullan\u0131c\u0131ya de\u011fer yaratacak aksiyonlar etraf\u0131nda \u015fekillendirdiklerini vurgulayarak, \u015f\u00f6yle devam etti: <em>\u201cKullan\u0131c\u0131 odakl\u0131 yakla\u015f\u0131m\u0131m\u0131z\u0131 s\u00fcrd\u00fcr\u00fclebilirlik faaliyetlerimizde de benimsiyoruz. B\u00f6ylelikle payda\u015flar\u0131m\u0131zla birlikte ve payda\u015flar\u0131m\u0131z i\u00e7in ortak de\u011fer yaratma anlay\u0131\u015f\u0131n\u0131 t\u00fcm s\u00fcre\u00e7lerimizin odak noktas\u0131na yerle\u015ftirerek, bunun etraf\u0131nda yap\u0131land\u0131r\u0131yoruz. <strong>\u00c7evresel boyutta<\/strong> hem \u00fcr\u00fcn hem s\u00fcre\u00e7 a\u00e7\u0131s\u0131ndan <strong>karbon emisyonu, at\u0131k y\u00f6netimi <\/strong>ve<strong> geri d\u00f6n\u00fc\u015f\u00fcm, enerji verimlili\u011fi, yenilenebilir enerji kaynaklar\u0131n\u0131n kullan\u0131m\u0131<\/strong> ile <strong>\u00e7evresel uyumluluk<\/strong> ba\u015fl\u0131klar\u0131 a\u011f\u0131rl\u0131k verdi\u011fimiz konular\u0131m\u0131z\u0131n ba\u015f\u0131nda geliyor. Sosyal tarafta t\u00fcm payda\u015flarla birlikte toplum i\u00e7in de\u011fer yaratmaya odaklan\u0131yoruz. \u00dcr\u00fcnlerimizin hem \u00fcretim hem kullan\u0131m a\u015famas\u0131nda <strong>sa\u011fl\u0131k<\/strong> ve <strong>g\u00fcvenlik a\u00e7\u0131s\u0131ndan<\/strong> g\u00fcvenilir olmas\u0131 da s\u00fcrd\u00fcr\u00fclebilirli\u011fin \u00e7ok \u00f6nemli bir par\u00e7as\u0131. Gemlik tesisimizdeki boyahanemiz<strong> 5 gr\/m2<\/strong>\u2019den az <strong>\u201cu\u00e7ucu organik bile\u015fen\u201d<\/strong> sal\u0131m\u0131 ile T\u00fcrkiye\u2019deki yasal s\u0131n\u0131r\u0131n <strong>9<\/strong>\u2019da<strong> 1\u2019i<\/strong>, Avrupa\u2019daki yasal s\u0131n\u0131r\u0131n ise 7\u2019de 1\u2019i bir de\u011ferle Avrupa\u2019n\u0131n en temizi. D\u00f6ng\u00fcsel ekonomi, \u00fcr\u00fcnlerin geri d\u00f6n\u00fc\u015f\u00fcm\u00fc, <strong>\u2018ikincil \u00f6m\u00fcrleri\u2019<\/strong> meselesinde batarya konusunun \u00fczerinde de hassasiyetle duruyoruz.\u201d<\/em><\/p>\n<p>Karaka\u015f konu\u015fmas\u0131nda, <strong>s\u00fcrd\u00fcr\u00fclebilirlik<\/strong> konusunda proje bazl\u0131 i\u015flerden ziyade <strong>b\u00fct\u00fcnc\u00fcl bak\u0131\u015f a\u00e7\u0131s\u0131na<\/strong> sahip yakla\u015f\u0131mlara ayr\u0131lan kaynaklar\u0131n artmas\u0131 gerekti\u011fine de vurgu yapt\u0131.<\/p>","protected":false},"excerpt":{"rendered":"<p>Sorry, this entry is only available in Turkish. For the sake of viewer convenience, the content is shown below in the alternative language. You may click the link to switch the active language. T\u00fcrkiye\u2019nin mobilite alan\u0131nda hizmet veren k\u00fcresel teknoloji markas\u0131 Togg\u2019un CEO\u2019su M. G\u00fcrcan Karaka\u015f, Londra\u2019da d\u00fczenlenen \u0130ngiltere &#8211; T\u00fcrkiye Ye\u015fil Finans Konferans\u0131\u2019nda (UK-Turkey [&hellip;]<\/p>\n","protected":false},"author":1,"featured_media":152618,"comment_status":"open","ping_status":"open","sticky":false,"template":"","format":"standard","meta":[],"categories":[51,53],"tags":[76248,20721,78001,73012,101873,98507,101872],"views":144,"_links":{"self":[{"href":"https:\/\/www.enerjigazetesi.ist\/en\/wp-json\/wp\/v2\/posts\/152608"}],"collection":[{"href":"https:\/\/www.enerjigazetesi.ist\/en\/wp-json\/wp\/v2\/posts"}],"about":[{"href":"https:\/\/www.enerjigazetesi.ist\/en\/wp-json\/wp\/v2\/types\/post"}],"author":[{"embeddable":true,"href":"https:\/\/www.enerjigazetesi.ist\/en\/wp-json\/wp\/v2\/users\/1"}],"replies":[{"embeddable":true,"href":"https:\/\/www.enerjigazetesi.ist\/en\/wp-json\/wp\/v2\/comments?post=152608"}],"version-history":[{"count":0,"href":"https:\/\/www.enerjigazetesi.ist\/en\/wp-json\/wp\/v2\/posts\/152608\/revisions"}],"wp:featuredmedia":[{"embeddable":true,"href":"https:\/\/www.enerjigazetesi.ist\/en\/wp-json\/wp\/v2\/media\/152618"}],"wp:attachment":[{"href":"https:\/\/www.enerjigazetesi.ist\/en\/wp-json\/wp\/v2\/media?parent=152608"}],"wp:term":[{"taxonomy":"category","embeddable":true,"href":"https:\/\/www.enerjigazetesi.ist\/en\/wp-json\/wp\/v2\/categories?post=152608"},{"taxonomy":"post_tag","embeddable":true,"href":"https:\/\/www.enerjigazetesi.ist\/en\/wp-json\/wp\/v2\/tags?post=152608"}],"curies":[{"name":"wp","href":"https:\/\/api.w.org\/{rel}","templated":true}]}}