{"id":152585,"date":"2022-03-18T11:47:25","date_gmt":"2022-03-18T08:47:25","guid":{"rendered":"https:\/\/www.enerjigazetesi.ist\/?p=152585"},"modified":"2022-03-18T11:55:56","modified_gmt":"2022-03-18T08:55:56","slug":"zorlu-enerji-nin-bizenerji-bulusmasinda-ilham-veren-kadinlar-bir-araya-geldi","status":"publish","type":"post","link":"https:\/\/www.enerjigazetesi.ist\/en\/zorlu-enerji-nin-bizenerji-bulusmasinda-ilham-veren-kadinlar-bir-araya-geldi\/","title":{"rendered":"(Turkish) &#8217;Zorlu Enerji&#8217;nin BizEnerji Bulu\u015fmas\u0131nda \u0130lham Veren Kad\u0131nlar Bir Araya Geldi"},"content":{"rendered":"<p class=\"qtranxs-available-languages-message qtranxs-available-languages-message-en\">Sorry, this entry is only available in <a href=\"https:\/\/www.enerjigazetesi.ist\/tr\/wp-json\/wp\/v2\/posts\/152585\" class=\"qtranxs-available-language-link qtranxs-available-language-link-tr\" title=\"Turkish\">Turkish<\/a>. For the sake of viewer convenience, the content is shown below in the alternative language. You may click the link to switch the active language.<\/p><p><\/p>\n<h2>Gelece\u011fin enerji \u015firketi Zorlu Enerji; birbirinden de\u011ferli konuklar\u0131n\u0131 a\u011f\u0131rlad\u0131\u011f\u0131 gelenekselle\u015fen BizEnerji bulu\u015fmalar\u0131n\u0131n 9\u2019uncusunu kad\u0131n \u00e7al\u0131\u015fanlar\u0131na ay\u0131rd\u0131. 8 Mart D\u00fcnya Kad\u0131nlar G\u00fcn\u00fc kapsam\u0131nda ger\u00e7ekle\u015ftirilen \u201cBizEnerji\u201d bulu\u015fmas\u0131nda; Zorlu Enerji \u00e7al\u0131\u015fanlar\u0131; Masal anlat\u0131c\u0131s\u0131 ve Sanat Terapisti Judith Liberman ve Ala\u015fehir Kad\u0131n Kooperatifi Ba\u015fkan\u0131 Selen T\u00fcrker \u00d6k\u00fczc\u00fco\u011flu ile zoom etkinli\u011finde bir araya geldi.<\/h2>\n<p><em>Zorlu Enerji Kurumsal \u0130leti\u015fim Grup M\u00fcd\u00fcr\u00fc<\/em><strong> Funda K\u00fc\u00e7\u00fckosmano\u011flu<\/strong> moderat\u00f6rl\u00fc\u011f\u00fcnde ger\u00e7ekle\u015fen etkinlikte; <em>Ala\u015fehir Kad\u0131n Kooperatifi Ba\u015fkan\u0131<\/em> <strong>Selen T\u00fcrker<\/strong>; <strong>kad\u0131n eme\u011fi<em><img loading=\"lazy\" class=\"alignright wp-image-152587\" src=\"https:\/\/www.enerjigazetesi.ist\/wp-content\/uploads\/2022\/03\/zorlu-enerji-nin-bizenerji-bulusmasinda-ilham-veren-kadinlar-bir-araya-geldi-2.jpg\" alt=\"\" width=\"320\" height=\"240\" srcset=\"https:\/\/www.enerjigazetesi.ist\/wp-content\/uploads\/2022\/03\/zorlu-enerji-nin-bizenerji-bulusmasinda-ilham-veren-kadinlar-bir-araya-geldi-2.jpg 550w, https:\/\/www.enerjigazetesi.ist\/wp-content\/uploads\/2022\/03\/zorlu-enerji-nin-bizenerji-bulusmasinda-ilham-veren-kadinlar-bir-araya-geldi-2-300x225.jpg 300w, https:\/\/www.enerjigazetesi.ist\/wp-content\/uploads\/2022\/03\/zorlu-enerji-nin-bizenerji-bulusmasinda-ilham-veren-kadinlar-bir-araya-geldi-2-500x375.jpg 500w, https:\/\/www.enerjigazetesi.ist\/wp-content\/uploads\/2022\/03\/zorlu-enerji-nin-bizenerji-bulusmasinda-ilham-veren-kadinlar-bir-araya-geldi-2-67x50.jpg 67w\" sizes=\"(max-width: 320px) 100vw, 320px\" \/><\/em> kooperatiflerinin geli\u015fmesi<\/strong> ve <strong>yayg\u0131nla\u015fmas\u0131<\/strong> i\u00e7in yapt\u0131klar\u0131 \u00e7al\u0131\u015fmalar\u0131 ve <strong>Ala\u015fehir Kad\u0131n Kooperatifini<\/strong> detayl\u0131 bir \u015fekilde anlatt\u0131. T\u00fcrker ay\u0131ca, <strong>Zorlu Enerji<\/strong>\u2019nin kad\u0131n \u00e7al\u0131\u015fanlar\u0131na <strong>08 Mart hediyesi<\/strong> olarak \u00fcretmelerini istedikleri \u00e7antalar\u0131n onlar\u0131n en b\u00fcy\u00fck sipari\u015flerinden biri oldu\u011funu vurgulad\u0131.<\/p>\n<h3><strong>\u201cKad\u0131nlarla b\u00fcy\u00fcyor, g\u00fc\u00e7leniyoruz\u201d<\/strong><\/h3>\n<p>T\u00fcrker konu\u015fmas\u0131nda <em>\u201cAla\u015fehir\u2019li <strong>kad\u0131nlar\u0131n ekonomiye kat\u0131lmas\u0131n\u0131n<\/strong> yan\u0131nda <strong>Ala\u015fehir\u2019de<\/strong> kad\u0131nlar\u0131n sosyal olarak da kendilerini ifade ettikleri, g\u00fczel zaman ge\u00e7irdikleri bir olu\u015fum haline geldik. B\u00f6lgede <strong>kad\u0131nlar\u0131n g\u00fc\u00e7lendirilmesi<\/strong> anlam\u0131nda \u00f6nc\u00fc oldu\u011fumuzu s\u00f6yleyebilirim. Kad\u0131nlar \u00e7o\u011fu kez g\u00f6n\u00fcll\u00fc \u00e7al\u0131\u015fmalarla kooperatifin b\u00fcy\u00fcmesine de katk\u0131 sunuyor, sosyal sorumluluk projelerine de imza at\u0131yor. Kad\u0131nlarla birlikte b\u00fcy\u00fcyor ve g\u00fc\u00e7leniyoruz\u201d<\/em> ifadelerine yer verdi.<\/p>\n<h3><strong>Bak\u0131\u015f a\u00e7\u0131s\u0131 de\u011fi\u015firse her \u015fey de\u011fi\u015fir<\/strong><\/h3>\n<p>Birlikte hayal kurman\u0131n <strong>g\u00fcc\u00fcne inanan<\/strong> ve<strong> iyili\u011fin bundan do\u011faca\u011f\u0131n\u0131<\/strong> d\u00fc\u015f\u00fcnen <em>Masal anlat\u0131c\u0131s\u0131 ve Sanat Terapisti<\/em> <strong>Judith Liberman<\/strong> ise her konuya merakla yakla\u015fman\u0131n ve masallar \u00fczerine yeniden d\u00fc\u015f\u00fcnmenin \u00f6nemine vurgu yapt\u0131. Liberman; <em>\u201cKad\u0131nlar\u0131n kurban rol\u00fcne b\u00fcr\u00fcnd\u00fcr\u00fcld\u00fc\u011f\u00fc masallar\u0131n tersini d\u00fc\u015f\u00fcnmek gerekiyor. Bir kurban olarak \u00e7izilmi\u015f kad\u0131n hikayesini de\u011fi\u015ftirip onlar\u0131 kahraman olarak g\u00f6rmeye ba\u015flad\u0131ktan sonra hayattaki pek \u00e7ok \u015fey de\u011fi\u015fiyor. B\u00fct\u00fcn kad\u0131nlar asl\u0131nda bizden \u00f6nce gelen kad\u0131nlar\u0131n ne kadar g\u00fc\u00e7l\u00fc oldu\u011funu <strong>masallardaki kad\u0131nlar\u0131n hikayeleri<\/strong>ni de\u011fi\u015ftirince de apa\u00e7\u0131k \u015fekilde g\u00f6r\u00fcyoruz. Kad\u0131nlar\u0131 masallarda <strong>\u00f6zg\u00fcrle\u015ftirdik\u00e7e<\/strong>, ger\u00e7ek hayatta da <strong>kendi hikayelerimizde de<\/strong> \u00f6zg\u00fcrle\u015fiyoruz\u201d<\/em> dedi.<\/p>\n<p><strong>Zorlu Enerji<\/strong> kad\u0131nlar\u0131n hem <strong>\u00e7al\u0131\u015fma ya\u015fam\u0131nda<\/strong> hem de <strong>toplumsal hayatta<\/strong> g\u00fc\u00e7lerine daha fazla g\u00fc\u00e7 katacaklar\u0131 <strong>etkinlik<\/strong> ve<strong> \u00e7al\u0131\u015fmalar\u0131na, toplumsal cinsiyet e\u015fitli\u011fi tahayy\u00fct\u00fc<\/strong> ve<strong> daha e\u015fit<\/strong> bir d\u00fcnya i\u00e7in devam edecek.<\/p>","protected":false},"excerpt":{"rendered":"<p>Sorry, this entry is only available in Turkish. For the sake of viewer convenience, the content is shown below in the alternative language. You may click the link to switch the active language. Gelece\u011fin enerji \u015firketi Zorlu Enerji; birbirinden de\u011ferli konuklar\u0131n\u0131 a\u011f\u0131rlad\u0131\u011f\u0131 gelenekselle\u015fen BizEnerji bulu\u015fmalar\u0131n\u0131n 9\u2019uncusunu kad\u0131n \u00e7al\u0131\u015fanlar\u0131na ay\u0131rd\u0131. 8 Mart D\u00fcnya Kad\u0131nlar G\u00fcn\u00fc kapsam\u0131nda [&hellip;]<\/p>\n","protected":false},"author":1,"featured_media":152588,"comment_status":"open","ping_status":"open","sticky":false,"template":"","format":"standard","meta":[],"categories":[51,53],"tags":[37015,25670,101864,101863,101865,344],"views":95,"_links":{"self":[{"href":"https:\/\/www.enerjigazetesi.ist\/en\/wp-json\/wp\/v2\/posts\/152585"}],"collection":[{"href":"https:\/\/www.enerjigazetesi.ist\/en\/wp-json\/wp\/v2\/posts"}],"about":[{"href":"https:\/\/www.enerjigazetesi.ist\/en\/wp-json\/wp\/v2\/types\/post"}],"author":[{"embeddable":true,"href":"https:\/\/www.enerjigazetesi.ist\/en\/wp-json\/wp\/v2\/users\/1"}],"replies":[{"embeddable":true,"href":"https:\/\/www.enerjigazetesi.ist\/en\/wp-json\/wp\/v2\/comments?post=152585"}],"version-history":[{"count":0,"href":"https:\/\/www.enerjigazetesi.ist\/en\/wp-json\/wp\/v2\/posts\/152585\/revisions"}],"wp:featuredmedia":[{"embeddable":true,"href":"https:\/\/www.enerjigazetesi.ist\/en\/wp-json\/wp\/v2\/media\/152588"}],"wp:attachment":[{"href":"https:\/\/www.enerjigazetesi.ist\/en\/wp-json\/wp\/v2\/media?parent=152585"}],"wp:term":[{"taxonomy":"category","embeddable":true,"href":"https:\/\/www.enerjigazetesi.ist\/en\/wp-json\/wp\/v2\/categories?post=152585"},{"taxonomy":"post_tag","embeddable":true,"href":"https:\/\/www.enerjigazetesi.ist\/en\/wp-json\/wp\/v2\/tags?post=152585"}],"curies":[{"name":"wp","href":"https:\/\/api.w.org\/{rel}","templated":true}]}}