{"id":15257,"date":"2013-09-12T09:38:12","date_gmt":"2013-09-12T06:38:12","guid":{"rendered":"https:\/\/www.enerjigazetesi.ist\/?p=15257"},"modified":"2013-09-12T11:09:57","modified_gmt":"2013-09-12T08:09:57","slug":"yingli-solardan-satis-rekoru","status":"publish","type":"post","link":"https:\/\/www.enerjigazetesi.ist\/en\/yingli-solardan-satis-rekoru\/","title":{"rendered":"(Turkish) Yingli Solar\u2019dan Sat\u0131\u015f Rekoru!"},"content":{"rendered":"<p class=\"qtranxs-available-languages-message qtranxs-available-languages-message-en\">Sorry, this entry is only available in <a href=\"https:\/\/www.enerjigazetesi.ist\/tr\/wp-json\/wp\/v2\/posts\/15257\" class=\"qtranxs-available-language-link qtranxs-available-language-link-tr\" title=\"Turkish\">Turkish<\/a>. For the sake of viewer convenience, the content is shown below in the alternative language. You may click the link to switch the active language.<\/p><p><strong>Yingli Solar, t\u00fcm PV \u00fcreticileri aras\u0131nda 0,8 GW ile tek ba\u015f\u0131na t\u00fcm global sat\u0131\u015f\u0131n y\u00fczde 8\u2019ini ger\u00e7ekle\u015ftirerek bir d\u00fcnya rekoru k\u0131rd\u0131.<\/strong><\/p>\n<p>Global g\u00fcne\u015f enerjisi sekt\u00f6r\u00fcn\u00fcn \u00f6nde gelen ba\u011f\u0131ms\u0131z analiz ve raporlama kurulu\u015fu NPD Solarbuzz\u2019\u0131n yay\u0131mlad\u0131\u011f\u0131 rapora g\u00f6re 2013\u2019\u00fcn ikinci \u00e7eyre\u011finde d\u00fcnyan\u0131n en b\u00fcy\u00fck 20 fotovoltaik (PV) panel \u00fcreticisi sevkiyatta 5,8 GW kapasitesini a\u015farak bir rekor k\u0131rd\u0131. Yingli Solar 0,8 GW ile PV \u00fcreticileri aras\u0131nda ilk s\u0131rada yer alarak \u00f6nemli bir ba\u015far\u0131ya imza att\u0131.<\/p>\n<p>D\u00fcnyan\u0131n en b\u00fcy\u00fck 20 fotovoltaik panel \u00fcreticisi 2013 ikinci \u00e7eyrek verilerine g\u00f6re d\u00fcnya \u00e7ap\u0131nda 5,8 GW\u2019lik sat\u0131\u015f ger\u00e7ekle\u015ftirerek rekor bir rakama ula<a href=\"https:\/\/www.enerjigazetesi.ist\/wp-content\/uploads\/2013\/09\/yingli-solardan-satis-rekoru.jpg\"><img loading=\"lazy\" class=\"alignleft size-medium wp-image-15258\" title=\"yingli-solardan-satis-rekoru\" src=\"https:\/\/www.enerjigazetesi.ist\/wp-content\/uploads\/2013\/09\/yingli-solardan-satis-rekoru-300x193.jpg\" alt=\"\" width=\"300\" height=\"193\" srcset=\"https:\/\/www.enerjigazetesi.ist\/wp-content\/uploads\/2013\/09\/yingli-solardan-satis-rekoru-300x193.jpg 300w, https:\/\/www.enerjigazetesi.ist\/wp-content\/uploads\/2013\/09\/yingli-solardan-satis-rekoru-77x50.jpg 77w, https:\/\/www.enerjigazetesi.ist\/wp-content\/uploads\/2013\/09\/yingli-solardan-satis-rekoru.jpg 449w\" sizes=\"(max-width: 300px) 100vw, 300px\" \/><\/a>\u015ft\u0131.<\/p>\n<p>Global g\u00fcne\u015f enerjisi sekt\u00f6r\u00fcn\u00fcn \u00f6nde gelen ba\u011f\u0131ms\u0131z analiz ve raporlama kurulu\u015fu NPD Solarbuzz, yay\u0131mlad\u0131\u011f\u0131 raporda PV \u00fcreticilerinin ge\u00e7en y\u0131l\u0131n ayn\u0131 d\u00f6neminde 4,8 GW seviyesinde olan sat\u0131\u015f kapasitesini y\u00fczde 21 art\u0131rd\u0131\u011f\u0131na dikkat \u00e7ekti.<\/p>\n<p>Raporda rekora katk\u0131 sa\u011flayan \u015firketlerin ba\u015f\u0131nda Yingli Solar gelirken s\u0131ralamada Trina Solar, Jinko Solar, Renesola ve Hanwha SolarOne gibi \u00c7in merkezli PV \u00fcreticilerinin pay\u0131n\u0131n b\u00fcy\u00fck oldu\u011funa yer verildi.<\/p>\n<p>Yingli Solar\u2019\u0131n ge\u00e7en d\u00f6rt \u00e7eyrek i\u00e7inde pazar pay\u0131ndaki kazan\u0131mlara g\u00fc\u00e7l\u00fc bir \u015fekilde odakland\u0131\u011f\u0131n\u0131 belirten NPD Solarbuzz \u00dcst D\u00fczey Analisti Ray Lian, \u201cYingli Solar, h\u0131zla y\u00fczde 10\u2019luk global pazar pay\u0131na yakla\u015f\u0131yor ve \u015fu anda megavatl\u0131k sat\u0131\u015flar\u0131yla a\u00e7\u0131k ara lideri konumunda. \u00d6nde gelen PV \u00fcreticileri tak\u0131mdan ayr\u0131lmaya ba\u015fl\u0131yor, bu da sekt\u00f6rde beklenen konsolidasyonun sonunda y\u00fcr\u00fcrl\u00fc\u011fe girdi\u011finin g\u00fc\u00e7l\u00fc bir kan\u0131t\u0131d\u0131r.\u201d dedi.<\/p>\n<p>Merkezi \u00c7in\u2019de bulunan ve d\u00fcnyan\u0131n en b\u00fcy\u00fck g\u00fcne\u015f paneli \u00fcreticilerinden biri olan Yingli Solar, 2012 y\u0131l\u0131nda 2,2 (GW) kapasitesinde g\u00fcne\u015f paneli sat\u0131\u015f\u0131 ger\u00e7ekle\u015ftirerek d\u00fcnya pazar lideri olmu\u015ftu.<\/p>\n<p>Kaynak ve Yay\u0131nc\u0131: <a href=\"https:\/\/www.enerjigazetesi.ist\" target=\"_blank\">Enerji Gazetesi<\/a><\/p>","protected":false},"excerpt":{"rendered":"<p>Sorry, this entry is only available in Turkish. For the sake of viewer convenience, the content is shown below in the alternative language. You may click the link to switch the active language.Yingli Solar, t\u00fcm PV \u00fcreticileri aras\u0131nda 0,8 GW ile tek ba\u015f\u0131na t\u00fcm global sat\u0131\u015f\u0131n y\u00fczde 8\u2019ini ger\u00e7ekle\u015ftirerek bir d\u00fcnya rekoru k\u0131rd\u0131. Global g\u00fcne\u015f [&hellip;]<\/p>\n","protected":false},"author":1,"featured_media":15258,"comment_status":"open","ping_status":"open","sticky":false,"template":"","format":"standard","meta":[],"categories":[53,49],"tags":[886,63,67,1009,165,2403,502,8544,227,13,1384,8545,1405,8543,4206],"views":550,"_links":{"self":[{"href":"https:\/\/www.enerjigazetesi.ist\/en\/wp-json\/wp\/v2\/posts\/15257"}],"collection":[{"href":"https:\/\/www.enerjigazetesi.ist\/en\/wp-json\/wp\/v2\/posts"}],"about":[{"href":"https:\/\/www.enerjigazetesi.ist\/en\/wp-json\/wp\/v2\/types\/post"}],"author":[{"embeddable":true,"href":"https:\/\/www.enerjigazetesi.ist\/en\/wp-json\/wp\/v2\/users\/1"}],"replies":[{"embeddable":true,"href":"https:\/\/www.enerjigazetesi.ist\/en\/wp-json\/wp\/v2\/comments?post=15257"}],"version-history":[{"count":3,"href":"https:\/\/www.enerjigazetesi.ist\/en\/wp-json\/wp\/v2\/posts\/15257\/revisions"}],"predecessor-version":[{"id":15271,"href":"https:\/\/www.enerjigazetesi.ist\/en\/wp-json\/wp\/v2\/posts\/15257\/revisions\/15271"}],"wp:featuredmedia":[{"embeddable":true,"href":"https:\/\/www.enerjigazetesi.ist\/en\/wp-json\/wp\/v2\/media\/15258"}],"wp:attachment":[{"href":"https:\/\/www.enerjigazetesi.ist\/en\/wp-json\/wp\/v2\/media?parent=15257"}],"wp:term":[{"taxonomy":"category","embeddable":true,"href":"https:\/\/www.enerjigazetesi.ist\/en\/wp-json\/wp\/v2\/categories?post=15257"},{"taxonomy":"post_tag","embeddable":true,"href":"https:\/\/www.enerjigazetesi.ist\/en\/wp-json\/wp\/v2\/tags?post=15257"}],"curies":[{"name":"wp","href":"https:\/\/api.w.org\/{rel}","templated":true}]}}