{"id":152546,"date":"2022-03-17T12:29:17","date_gmt":"2022-03-17T09:29:17","guid":{"rendered":"https:\/\/www.enerjigazetesi.ist\/?p=152546"},"modified":"2022-03-17T12:29:17","modified_gmt":"2022-03-17T09:29:17","slug":"yedas-kesintisiz-enerji-mucadelesine-hazir","status":"publish","type":"post","link":"https:\/\/www.enerjigazetesi.ist\/en\/yedas-kesintisiz-enerji-mucadelesine-hazir\/","title":{"rendered":"(Turkish) YEDA\u015e, &#8216;Kesintisiz Enerji&#8217; M\u00fccadelesine Haz\u0131r"},"content":{"rendered":"<p class=\"qtranxs-available-languages-message qtranxs-available-languages-message-en\">Sorry, this entry is only available in <a href=\"https:\/\/www.enerjigazetesi.ist\/tr\/wp-json\/wp\/v2\/posts\/152546\" class=\"qtranxs-available-language-link qtranxs-available-language-link-tr\" title=\"Turkish\">Turkish<\/a>. For the sake of viewer convenience, the content is shown below in the alternative language. You may click the link to switch the active language.<\/p><p><\/p>\n<h2>Samsun, Ordu, \u00c7orum, Amasya ve Sinop illerinde 40.000 km2 alanda 3 milyon t\u00fcketiciye kaliteli ve kesintisiz elektrik hizmeti sunmak i\u00e7in 7\/24 faaliyet g\u00f6steren YEDA\u015e, &#8216;kesintisiz enerji&#8217; m\u00fccadelesine haz\u0131r.<\/h2>\n<p>YEDA\u015e daha \u00f6nce ya\u015fanan hava muhalefetlerinden kaynaklanan deneyimleri ile <strong>kriz planlar\u0131n\u0131<\/strong> olu\u015fturarak hafta sonunda ya\u015fanmas\u0131 muhtemel <strong>olumsuz hava \u015fartlar\u0131<\/strong> i\u00e7in t\u00fcm haz\u0131rl\u0131klar\u0131n\u0131 <img loading=\"lazy\" class=\"alignright wp-image-152548\" src=\"https:\/\/www.enerjigazetesi.ist\/wp-content\/uploads\/2022\/03\/yedas-kesintisiz-enerji-mucadelesine-hazir-1.jpg\" alt=\"\" width=\"320\" height=\"214\" srcset=\"https:\/\/www.enerjigazetesi.ist\/wp-content\/uploads\/2022\/03\/yedas-kesintisiz-enerji-mucadelesine-hazir-1.jpg 550w, https:\/\/www.enerjigazetesi.ist\/wp-content\/uploads\/2022\/03\/yedas-kesintisiz-enerji-mucadelesine-hazir-1-300x200.jpg 300w, https:\/\/www.enerjigazetesi.ist\/wp-content\/uploads\/2022\/03\/yedas-kesintisiz-enerji-mucadelesine-hazir-1-500x334.jpg 500w, https:\/\/www.enerjigazetesi.ist\/wp-content\/uploads\/2022\/03\/yedas-kesintisiz-enerji-mucadelesine-hazir-1-75x50.jpg 75w, https:\/\/www.enerjigazetesi.ist\/wp-content\/uploads\/2022\/03\/yedas-kesintisiz-enerji-mucadelesine-hazir-1-450x300.jpg 450w\" sizes=\"(max-width: 320px) 100vw, 320px\" \/>tamamlad\u0131. <strong>Kar ya\u011f\u0131\u015flar\u0131n\u0131n artmas\u0131<\/strong> nedeniyle \u00f6zellikle k\u0131rsalda meydana gelebilecek <strong>elektrik kesintileri<\/strong> i\u00e7in YEDA\u015e ekipleri teyakkuza ge\u00e7ti. K\u0131rsalda amans\u0131z m\u00fccadeleyi s\u00fcrd\u00fcren YEDA\u015e ar\u0131za ekipleri, bir\u00e7ok k\u00f6y yollar\u0131n\u0131n kapanmas\u0131na ra\u011fmen koordineli olarak her<strong> ar\u0131za ihbar\u0131na<\/strong> ko\u015ftu.<\/p>\n<p><strong>Samsun, Ordu, \u00c7orum, Amasya<\/strong> ve<strong> Sinop<\/strong> k\u0131rsal\u0131nda ya\u015fanan yo\u011fun kar ya\u011f\u0131\u015f\u0131 en \u00e7ok i\u00e7 b\u00f6lgeleri etkiledi. Y\u00fcksek da\u011f k\u00f6ylerinde <strong>enerji nakil hatlar\u0131n\u0131n<\/strong> s\u0131f\u0131r\u0131n alt\u0131ndaki so\u011fuk nedeniyle zarar g\u00f6rmesi \u00fczerine zaman zaman ya\u015fanan <strong>elektrik kesintilerini gidermek<\/strong> i\u00e7in her il ve il\u00e7ede \u00f6zel ekipler olu\u015fturuldu.<\/p>\n<h3><strong>EK\u0130PLER HAFTA SONU \u0130\u00c7\u0130N HAZIR<\/strong><\/h3>\n<p><em>YEDA\u015e Sistem \u0130\u015fletme Koordinat\u00f6r\u00fc<\/em> <strong>Alpay Karaer<\/strong>, <em>&#8220;T\u00fcm illerde ekiplerimiz ile faaliyetimizi s\u00fcrd\u00fcr\u00fcyoruz. Onlarca <strong>arac\u0131m\u0131z, il<\/strong> ve <strong>il\u00e7elerde,<\/strong> k\u00f6ylerdeki<strong> ar\u0131zalara m\u00fcdahale<\/strong> etmektedir. Co\u011frafi olarak zor b\u00f6lgelerde<strong> 7\/24<\/strong> esas\u0131na uygun olarak ar\u0131za ekiplerimiz canla ba\u015fla g\u00f6revlerini s\u00fcrd\u00fcr\u00fcyor&#8221; dedi. Karaer \u015f\u00f6yle devam etti: &#8220;Yat\u0131r\u0131mlar\u0131m\u0131z\u0131 kentlerde oldu\u011fu kadar k\u0131rsalda da a\u011f\u0131rl\u0131kl\u0131 olarak s\u00fcrd\u00fcr\u00fcyoruz. Ama a\u00e7\u0131ktaki hatlar\u0131n, her t\u00fcrl\u00fc do\u011fa ko\u015fullar\u0131na<strong> a\u00e7\u0131k<\/strong> ve <strong>korunmas\u0131z<\/strong> oldu\u011funu da unutmamal\u0131y\u0131z. \u015eu ana kadar k\u0131rsaldaki yollar\u0131n b\u00fcy\u00fck b\u00f6l\u00fcm\u00fcn\u00fcn kapanmas\u0131na ra\u011fmen ilk g\u00fcnden itibaren sadece baz\u0131<strong> u\u00e7 noktalarda kesinti<\/strong> ya\u015fand\u0131 ancak <strong>ekiplerimiz an\u0131nda m\u00fcdahale<\/strong> etti. Halen de \u00e7etin m\u00fccadelemiz s\u00fcr\u00fcyor. <strong>Meteoroloji m\u00fcd\u00fcrl\u00fc\u011f\u00fcm\u00fczle<\/strong> de yak\u0131n \u00e7al\u0131\u015f\u0131yoruz. Bu do\u011frultuda hafta sonunda ya\u015fanabilecek t\u00fcm olumsuzluklara an\u0131nda m\u00fcdahale edebilece\u011fimiz \u015fekilde t\u00fcm tedbirlerimizi ald\u0131k&#8221;<\/em> diye konu\u015ftu.<\/p>","protected":false},"excerpt":{"rendered":"<p>Sorry, this entry is only available in Turkish. For the sake of viewer convenience, the content is shown below in the alternative language. You may click the link to switch the active language. Samsun, Ordu, \u00c7orum, Amasya ve Sinop illerinde 40.000 km2 alanda 3 milyon t\u00fcketiciye kaliteli ve kesintisiz elektrik hizmeti sunmak i\u00e7in 7\/24 faaliyet [&hellip;]<\/p>\n","protected":false},"author":1,"featured_media":152549,"comment_status":"open","ping_status":"open","sticky":false,"template":"","format":"standard","meta":[],"categories":[51,53],"tags":[3148,24013,11276,101840,26353,101839,7162,1998,1595,9138],"views":97,"_links":{"self":[{"href":"https:\/\/www.enerjigazetesi.ist\/en\/wp-json\/wp\/v2\/posts\/152546"}],"collection":[{"href":"https:\/\/www.enerjigazetesi.ist\/en\/wp-json\/wp\/v2\/posts"}],"about":[{"href":"https:\/\/www.enerjigazetesi.ist\/en\/wp-json\/wp\/v2\/types\/post"}],"author":[{"embeddable":true,"href":"https:\/\/www.enerjigazetesi.ist\/en\/wp-json\/wp\/v2\/users\/1"}],"replies":[{"embeddable":true,"href":"https:\/\/www.enerjigazetesi.ist\/en\/wp-json\/wp\/v2\/comments?post=152546"}],"version-history":[{"count":0,"href":"https:\/\/www.enerjigazetesi.ist\/en\/wp-json\/wp\/v2\/posts\/152546\/revisions"}],"wp:featuredmedia":[{"embeddable":true,"href":"https:\/\/www.enerjigazetesi.ist\/en\/wp-json\/wp\/v2\/media\/152549"}],"wp:attachment":[{"href":"https:\/\/www.enerjigazetesi.ist\/en\/wp-json\/wp\/v2\/media?parent=152546"}],"wp:term":[{"taxonomy":"category","embeddable":true,"href":"https:\/\/www.enerjigazetesi.ist\/en\/wp-json\/wp\/v2\/categories?post=152546"},{"taxonomy":"post_tag","embeddable":true,"href":"https:\/\/www.enerjigazetesi.ist\/en\/wp-json\/wp\/v2\/tags?post=152546"}],"curies":[{"name":"wp","href":"https:\/\/api.w.org\/{rel}","templated":true}]}}