{"id":15253,"date":"2013-09-12T09:59:19","date_gmt":"2013-09-12T06:59:19","guid":{"rendered":"https:\/\/www.enerjigazetesi.ist\/?p=15253"},"modified":"2013-09-12T09:59:19","modified_gmt":"2013-09-12T06:59:19","slug":"temsana-yerli-hes-imalati-icin-tseden-urun-belgesi","status":"publish","type":"post","link":"https:\/\/www.enerjigazetesi.ist\/en\/temsana-yerli-hes-imalati-icin-tseden-urun-belgesi\/","title":{"rendered":"(Turkish) TEMSAN\u2019a Yerli HES \u0130malat\u0131 \u0130\u00e7in TSE\u2019den \u00dcr\u00fcn Belgesi"},"content":{"rendered":"<p class=\"qtranxs-available-languages-message qtranxs-available-languages-message-en\">Sorry, this entry is only available in <a href=\"https:\/\/www.enerjigazetesi.ist\/tr\/wp-json\/wp\/v2\/posts\/15253\" class=\"qtranxs-available-language-link qtranxs-available-language-link-tr\" title=\"Turkish\">Turkish<\/a>. For the sake of viewer convenience, the content is shown below in the alternative language. You may click the link to switch the active language.<\/p><p><strong>TEMSAN, hidroelektrik santrallerde (HES) yerli imalat te\u015fviki i\u00e7in T\u00fcrk Standartlar\u0131 Enstit\u00fcs\u00fc`nden (TSE) \u00fcr\u00fcn belgesi ald\u0131. TSE`nin HES`lerde yerli imalat\u0131 te\u015fvik i\u00e7in TEMSAN`a belge vermesiyle ilgili bir t\u00f6ren d\u00fczenlendi. T\u00f6rende konu\u015fan Enerji ve Tabii Kaynaklar Bakan\u0131 Taner Y\u0131ld\u0131z, T\u00fcrkiye`nin kaynaklar\u0131n\u0131n \u00fclkede \u00fcretilecek ekipmanlarla kullan\u0131lmas\u0131n\u0131n sa\u011flanmas\u0131na y\u00f6nelik bir gayret oldu\u011funu kaydetti.<\/strong><\/p>\n<p>Petrol fiyatlar\u0131n\u0131n siyasi istikrars\u0131zl\u0131klardan kaynaklanan nedenlerle art\u0131yor olmas\u0131n\u0131n yerli kaynaklarla yap\u0131lan \u00e7al\u0131\u015fmalar\u0131 daha da \u00f6nemli hale getirdi\u011fini vurgulayan Bakan Y\u0131ld\u0131z, yerli kaynaklar\u0131n \u00f6neminin yaln\u0131zca petrol fiyatlar\u0131 artarken de\u011fil, strateji belirlerken de anla\u015f\u0131lmas\u0131 gerekti\u011fini dile getirdi.<\/p>\n<p><strong>TSE SERT\u0130F\u0130KALI \u00dcRET\u0130M DAHA Y\u00dcKSEK F\u0130YATLA ALINACAK<\/strong><br \/>\nT\u00fcrkiye`nin bir yandan ithal etti\u011fi ham petrol ve do\u011falgaz gibi kaynaklar\u0131, bir yandan da k\u00f6m\u00fcr gibi yerli, su gibi yenilenebilir kaynaklar\u0131 kulland\u0131\u011f\u0131n\u0131 ifade eden Bakan Y\u0131ld\u0131z, \u00fcretilen elektri\u011fin serbest piyasada sat\u0131lamamas\u0131 halinde yat\u0131r\u0131mc\u0131dan, elektrik \u00fcreticisinden belli fiyatlarla 10 y\u0131ll\u0131k s\u00fcrede alabildiklerini s\u00f6yledi. Bakan Y\u0131ld\u0131z, elektri\u011fin TSE taraf\u0131ndan sertifikaland\u0131r\u0131lm\u0131\u015f yerli imalatla \u00fcretilmesi halinde bunu daha y\u00fcksek fiyatla almay\u0131 taahh\u00fct ettiklerini s\u00f6yledi.<\/p>\n<p><strong>SU KAYNAKLARINDA HEDEF 10 YILDA 16 M\u0130LYAR DOLAR\u2019LIK YATIRIM<\/strong><br \/>\nBakan Y\u0131ld\u0131z, &#8220;Bizim as\u0131l amac\u0131m\u0131z yerli \u00fcretimlerimizi art\u0131rmak ve \u015fu ana kadar ancak y\u00fczde 40`lar civar\u0131nda de\u011ferlendiren su kaynaklar\u0131m\u0131z\u0131n elektri\u011fe d\u00f6n\u00fc\u015ft\u00fcr\u00fclmesiyle alakal\u0131 yap\u0131y\u0131 en az 2 kat\u0131na \u00e7\u0131kartmakt\u0131r. Bu yakla\u015f\u0131k 16 bin MW\u2019lar civar\u0131nda ve burada \u00fcretilecek 10 y\u0131l i\u00e7erisinde 16 milyar dolarl\u0131k bir kalem var.Bunlar\u0131n hepsini yurt d\u0131\u015f\u0131ndan alabiliriz, her birini yurt i\u00e7inde imal ediyor olabiliriz. Bize d\u00fc\u015fen ikinci \u015f\u0131kt\u0131r ve T\u00fcrk m\u00fchendisleriyle, \u00e7al\u0131\u015fanlar\u0131m\u0131zla beraber, TEMSAN`\u0131n m\u00fchendisleri, teknisyenleri, teknikerleri ve b\u00fct\u00fcn i\u015f\u00e7i karde\u015flerimle y\u00fcr\u00fct\u00fclecek olan \u00e7al\u0131\u015fmalard\u0131r&#8221; diye konu\u015ftu.<a href=\"https:\/\/www.enerjigazetesi.ist\/wp-content\/uploads\/2013\/09\/temsana-yerli-hes-imalati-icin-tseden-urun-belgesi.jpg\"><img loading=\"lazy\" class=\"alignright size-medium wp-image-15254\" title=\"temsana-yerli-hes-imalati-icin-tseden-urun-belgesi\" src=\"https:\/\/www.enerjigazetesi.ist\/wp-content\/uploads\/2013\/09\/temsana-yerli-hes-imalati-icin-tseden-urun-belgesi-300x202.jpg\" alt=\"\" width=\"300\" height=\"202\" srcset=\"https:\/\/www.enerjigazetesi.ist\/wp-content\/uploads\/2013\/09\/temsana-yerli-hes-imalati-icin-tseden-urun-belgesi-300x202.jpg 300w, https:\/\/www.enerjigazetesi.ist\/wp-content\/uploads\/2013\/09\/temsana-yerli-hes-imalati-icin-tseden-urun-belgesi-73x50.jpg 73w, https:\/\/www.enerjigazetesi.ist\/wp-content\/uploads\/2013\/09\/temsana-yerli-hes-imalati-icin-tseden-urun-belgesi.jpg 448w\" sizes=\"(max-width: 300px) 100vw, 300px\" \/><\/a><br \/>\nYerli kaynaklar\u0131n te\u015fvik edilmesinin baz\u0131 yerlerde yad\u0131rgand\u0131\u011f\u0131n\u0131 dile getiren Y\u0131ld\u0131z, \u00e7\u00fcnk\u00fc ithal etmenin \u00e7ok kolay oldu\u011funu, ancak kolayc\u0131l\u0131\u011fa talip olmad\u0131klar\u0131n\u0131 s\u00f6yledi. Y\u0131ld\u0131z, T\u00fcrkiye`nin mutlaka bu \u00fcretimi yapabiliyor olmas\u0131 gerekti\u011fini ifade etti.<\/p>\n<p><strong>TEMSAN D\u0130YARBAKIR TES\u0130SLER\u0130N\u0130N KAPAS\u0130TES\u0130 ARTTILMALI<\/strong><br \/>\nBakan Y\u0131ld\u0131z ayr\u0131ca, &#8220;TEMSAN performans\u0131yla her zaman ele\u015ftiri konusu olmu\u015ftur. Bunu a\u00e7\u0131k\u00e7a s\u00f6ylemem laz\u0131m. Bulundu\u011fu bu noktadan mutlaka bu pazarlarla beraber bu zinciri k\u0131rabiliyor olmam\u0131z laz\u0131m. O y\u00fczden Diyarbak\u0131r`daki \u00fcretim tesislerimizin de at\u0131l kapasitesinin mutlaka art\u0131r\u0131lmas\u0131 ve buradaki tesislerle iyi bir noktaya ula\u015ft\u0131r\u0131lmas\u0131 gerekmekte&#8221; dedi.<br \/>\nSantral i\u00e7in \u00fcretilecek yerli ekipmanlar\u0131n istihdam\u0131 da ciddi oranda olumlu \u015fekilde etkileyece\u011fini vurgulayan Y\u0131ld\u0131z, TSE`nin \u00e7al\u0131\u015fmalar\u0131n\u0131n da bu hedefe ula\u015fmada \u00f6nemli katk\u0131lar\u0131 olaca\u011f\u0131n\u0131 kaydetti.<\/p>\n<p><strong>YERL\u0130 KATKI PAYININ Y\u00dcZDE 55\u2019\u0130 A\u015eMASI \u0130LE C\u0130DD\u0130 TE\u015eV\u0130K VAR<\/strong><br \/>\nTSE Ba\u015fkan\u0131 Hulusi \u015eent\u00fcrk DE, Bakanl\u0131\u011f\u0131n, HES`lerde yerli katk\u0131 pay\u0131n\u0131n y\u00fczde 55`i a\u015fma durumunda \u00e7ok ciddi bir te\u015fvik verdi\u011fini s\u00f6yledi. Te\u015fvikten yararlanmak i\u00e7in ise kullan\u0131lan aksam\u0131n yerli olup olmad\u0131\u011f\u0131n\u0131n belgelendirilmesi gerekti\u011fini anlatan \u015eent\u00fcrk, \u00e7ok k\u0131sa bir s\u00fcre i\u00e7inde kriterlerin ortaya \u00e7\u0131kar\u0131ld\u0131\u011f\u0131n\u0131 ve bu kapsamda de\u011ferlendirme yap\u0131larak belgelendirmenin sa\u011fland\u0131\u011f\u0131n\u0131 ifade etti.<\/p>\n<p>\u015eent\u00fcrk, \u201cBu, \u00f6zellikle bu alanda yerli sanayinin geli\u015fmesi a\u00e7\u0131s\u0131ndan stratejik bir \u00f6neme sahip. \u00c7\u00fcnk\u00fc T\u00fcrkiye, enerji sekt\u00f6r\u00fcndeki dev yat\u0131r\u0131mlar\u0131yla beraber, ciddi bir pazar do\u011furdu. Bu pazara hizmet veren kurulu\u015flar, Bakanl\u0131\u011f\u0131m\u0131z\u0131n bu te\u015fvikinden yararlanmak istiyorlarsa, yerli mal\u0131n\u0131 kullanmak mecburiyetindeler. Bunun anlam\u0131 da T\u00fcrk yerli \u00fcreticilerinin, Avrupal\u0131 ya da \u00c7inli rakiplerine g\u00f6re \u00e7ok ciddi bir avantaj sahibi olmas\u0131 demek. Ben inan\u0131yorum ki bu belgeyle beraber, TEMSAN ve TEMSAN`a \u00fcr\u00fcn tedarik eden alt tedarik\u00e7iler, \u00e7ok ciddi i\u015f hacimlerine kavu\u015facaklar.\u201d dedi.<\/p>\n<p><strong>TEMSAN 2023`E KADAR YAPILACAK HES\u2019LERE TAL\u0130P<\/strong><br \/>\nTEMSAN Y\u00f6netim Kurulu Ba\u015fkan\u0131 Hilmi Ba\u015ft\u00fcrk ise 2023`e kadar T\u00fcrkiye`de tamamlanmas\u0131 hedeflenen \u00e7ok say\u0131da HES oldu\u011funa i\u015faret ederek, TEMSAN`\u0131n, bunlar\u0131n b\u00fcy\u00fck bir k\u0131sm\u0131na talip oldu\u011funu ifade etti. Ald\u0131klar\u0131 belgeyle, T\u00fcrkiye`de bir ilkin ger\u00e7ekle\u015fti\u011fine de\u011finen Ba\u015ft\u00fcrk, bundan t\u00fcm sekt\u00f6r\u00fcn yararlanaca\u011f\u0131n\u0131 kaydetti.<\/p>\n<p>Kaynak: <a href=\"http:\/\/enerjigunlugu.net\/temsana-yerli-hes-imalati-icin-tseden-urun-belgesi_4868.html\" target=\"_blank\">Enerji G\u00fcnl\u00fc\u011f\u00fc<\/a><\/p>","protected":false},"excerpt":{"rendered":"<p>Sorry, this entry is only available in Turkish. For the sake of viewer convenience, the content is shown below in the alternative language. You may click the link to switch the active language.TEMSAN, hidroelektrik santrallerde (HES) yerli imalat te\u015fviki i\u00e7in T\u00fcrk Standartlar\u0131 Enstit\u00fcs\u00fc`nden (TSE) \u00fcr\u00fcn belgesi ald\u0131. TSE`nin HES`lerde yerli imalat\u0131 te\u015fvik i\u00e7in TEMSAN`a belge [&hellip;]<\/p>\n","protected":false},"author":1,"featured_media":15254,"comment_status":"open","ping_status":"open","sticky":false,"template":"","format":"standard","meta":[],"categories":[51,53,47],"tags":[710,19,63,67,1009,165,35370,8542,4724,667,5550,2077,4162,4163,8540,1534,8541,8539],"views":1529,"_links":{"self":[{"href":"https:\/\/www.enerjigazetesi.ist\/en\/wp-json\/wp\/v2\/posts\/15253"}],"collection":[{"href":"https:\/\/www.enerjigazetesi.ist\/en\/wp-json\/wp\/v2\/posts"}],"about":[{"href":"https:\/\/www.enerjigazetesi.ist\/en\/wp-json\/wp\/v2\/types\/post"}],"author":[{"embeddable":true,"href":"https:\/\/www.enerjigazetesi.ist\/en\/wp-json\/wp\/v2\/users\/1"}],"replies":[{"embeddable":true,"href":"https:\/\/www.enerjigazetesi.ist\/en\/wp-json\/wp\/v2\/comments?post=15253"}],"version-history":[{"count":2,"href":"https:\/\/www.enerjigazetesi.ist\/en\/wp-json\/wp\/v2\/posts\/15253\/revisions"}],"predecessor-version":[{"id":15256,"href":"https:\/\/www.enerjigazetesi.ist\/en\/wp-json\/wp\/v2\/posts\/15253\/revisions\/15256"}],"wp:featuredmedia":[{"embeddable":true,"href":"https:\/\/www.enerjigazetesi.ist\/en\/wp-json\/wp\/v2\/media\/15254"}],"wp:attachment":[{"href":"https:\/\/www.enerjigazetesi.ist\/en\/wp-json\/wp\/v2\/media?parent=15253"}],"wp:term":[{"taxonomy":"category","embeddable":true,"href":"https:\/\/www.enerjigazetesi.ist\/en\/wp-json\/wp\/v2\/categories?post=15253"},{"taxonomy":"post_tag","embeddable":true,"href":"https:\/\/www.enerjigazetesi.ist\/en\/wp-json\/wp\/v2\/tags?post=15253"}],"curies":[{"name":"wp","href":"https:\/\/api.w.org\/{rel}","templated":true}]}}