{"id":152504,"date":"2022-03-16T15:36:06","date_gmt":"2022-03-16T12:36:06","guid":{"rendered":"https:\/\/www.enerjigazetesi.ist\/?p=152504"},"modified":"2022-03-16T15:39:40","modified_gmt":"2022-03-16T12:39:40","slug":"surdurulebilir-kalkinma-amaclari-ve-metaverse","status":"publish","type":"post","link":"https:\/\/www.enerjigazetesi.ist\/en\/surdurulebilir-kalkinma-amaclari-ve-metaverse\/","title":{"rendered":"(Turkish) S\u00fcrd\u00fcr\u00fclebilir Kalk\u0131nma Ama\u00e7lar\u0131 ve Metaverse&#8230;"},"content":{"rendered":"<p class=\"qtranxs-available-languages-message qtranxs-available-languages-message-en\">Sorry, this entry is only available in <a href=\"https:\/\/www.enerjigazetesi.ist\/tr\/wp-json\/wp\/v2\/posts\/152504\" class=\"qtranxs-available-language-link qtranxs-available-language-link-tr\" title=\"Turkish\">Turkish<\/a>. For the sake of viewer convenience, the content is shown below in the alternative language. You may click the link to switch the active language.<\/p><p><\/p>\n<h2>Gelece\u011fimiz olan \u00e7ocuklar\u0131m\u0131za ve gen\u00e7lerimize b\u0131rakaca\u011f\u0131m\u0131z d\u00fcnyan\u0131n her a\u00e7\u0131dan s\u00fcrd\u00fcr\u00fclebilir ve ya\u015fanabilir olmas\u0131 gerekmektedir. 2021 y\u0131l\u0131 sonunda ger\u00e7ekle\u015ftirilen COP26 \u0130klim De\u011fi\u015fikli\u011fi Zirvesi&#8217;ndeki temel g\u00fcndem olan iklim de\u011fi\u015fikli\u011fiyle ilgili aksiyon al\u0131nmas\u0131ndaki yetersizlik, bu konuda daha fazla \u00e7abada ve \u00f6zveride bulunulmas\u0131 gerekti\u011fini g\u00f6stermi\u015f oldu. S\u00fcrd\u00fcr\u00fclebilir ve herkes i\u00e7in ya\u015fanabilir bir d\u00fcnya yaratma hedefiyle Birle\u015fmi\u015f Milletler (BM)&#8217;in belirledi\u011fi 17 adet S\u00fcrd\u00fcr\u00fclebilir Kalk\u0131nma Ama\u00e7lar\u0131 (SKA), t\u00fcm d\u00fcnya \u00fclkelerini tek bir noktada birle\u015ftirerek insanl\u0131\u011f\u0131n ve do\u011fan\u0131n gelece\u011finin korunmas\u0131na katk\u0131 sa\u011flamay\u0131 hedeflemektedir.<\/h2>\n<div id=\"attachment_152507\" style=\"width: 330px\" class=\"wp-caption alignright\"><img aria-describedby=\"caption-attachment-152507\" loading=\"lazy\" class=\"wp-image-152507\" src=\"https:\/\/www.enerjigazetesi.ist\/wp-content\/uploads\/2022\/03\/surdurulebilir-kalkinma-amaclari-ve-metaverse.jpg\" alt=\"\" width=\"320\" height=\"214\" srcset=\"https:\/\/www.enerjigazetesi.ist\/wp-content\/uploads\/2022\/03\/surdurulebilir-kalkinma-amaclari-ve-metaverse.jpg 550w, https:\/\/www.enerjigazetesi.ist\/wp-content\/uploads\/2022\/03\/surdurulebilir-kalkinma-amaclari-ve-metaverse-300x200.jpg 300w, https:\/\/www.enerjigazetesi.ist\/wp-content\/uploads\/2022\/03\/surdurulebilir-kalkinma-amaclari-ve-metaverse-500x334.jpg 500w, https:\/\/www.enerjigazetesi.ist\/wp-content\/uploads\/2022\/03\/surdurulebilir-kalkinma-amaclari-ve-metaverse-75x50.jpg 75w, https:\/\/www.enerjigazetesi.ist\/wp-content\/uploads\/2022\/03\/surdurulebilir-kalkinma-amaclari-ve-metaverse-450x300.jpg 450w\" sizes=\"(max-width: 320px) 100vw, 320px\" \/><p id=\"caption-attachment-152507\" class=\"wp-caption-text\">Cerebrum Tech Kurucusu ve Y\u00f6netim Kurulu Ba\u015fkan\u0131 Dr. Erdem Erkul Metaverse<\/p><\/div>\n<p>UNDP T\u00fcrkiye&#8217;nin a\u00e7\u0131klamas\u0131na g\u00f6re belirlenen bu 17 Ama\u00e7 aras\u0131nda <em>sa\u011fl\u0131k ve kaliteli ya\u015fam, nitelikli e\u011fitim, ekonomik b\u00fcy\u00fcme, sanayi, yenilik\u00e7ilik, altyap\u0131 ve iklim eylemi\u00a0<\/em>gibi alanlar yer almaktad\u0131r. Birbiri ile ba\u011flant\u0131l\u0131 olan ve ortak sorunlar\u0131 ele alan SKA\u2019lar i\u00e7in farkl\u0131 alanlarda fark\u0131ndal\u0131k art\u0131r\u0131c\u0131 \u00e7e\u015fitli \u00e7\u00f6z\u00fcmler geli\u015ftirilmektedir. Bu \u00e7\u00f6z\u00fcmleri m\u00fcmk\u00fcn k\u0131lacak ara\u00e7lardan biri de son d\u00f6nemde g\u00fcndemden d\u00fc\u015fmeyen \u201c<strong>metaverse<\/strong>\u201d kavram\u0131d\u0131r. Metaverse, <em>konumdan, zamandan ve fiziksel yeterlikten\u00a0<\/em>ba\u011f\u0131ms\u0131z olarak insanlar\u0131 \u00f6zg\u00fcrle\u015ftiren, merkeziyetsiz ve \u00f6zerkli\u011fi \u00f6nemseyen sanal bir evrendir. \u0130nternetin ve teknolojik altyap\u0131n\u0131n oldu\u011fu her yerden bu sanal evrendeki topluluklarla ileti\u015fime ge\u00e7mek m\u00fcmk\u00fcnd\u00fcr. Bu sanal evrenlerde <strong>e\u011flenirken \u00f6\u011frenebilir<\/strong> ve ayn\u0131 zamanda <strong>d\u00fcnyam\u0131z\u0131n s\u00fcrd\u00fcr\u00fclebilirli\u011fi<\/strong> konusunda fark\u0131ndal\u0131k yaratacak \u00e7\u00f6z\u00fcmler \u00fcretebiliriz.<\/p>\n<p>BM taraf\u0131ndan belirlenmi\u015f 17 K\u00fcresel Ama\u00e7 i\u00e7erisinde, metaverse evreninde insanl\u0131\u011f\u0131n ve d\u00fcnyam\u0131z\u0131n sorunlar\u0131na \u00e7\u00f6z\u00fcmler arama s\u00fcre\u00e7lerinde bizlere yol g\u00f6sterebilecek olan <strong>sa\u011fl\u0131k ve kaliteli ya\u015fam, nitelikli e\u011fitim ve iklim eylemi<\/strong> SKA\u2019lar\u0131 yer almaktad\u0131r. D\u00fcnya genelinde sa\u011fl\u0131k hizmetlerine eri\u015fim e\u015fit ko\u015fullarda sa\u011flanamad\u0131\u011f\u0131ndan, bu sorunun \u00e7\u00f6z\u00fcm\u00fcn\u00fc metaverse\u2019le sa\u011flayabiliriz. \u00d6rne\u011fin, <strong>sanal sa\u011fl\u0131k hizmetleri<\/strong> sayesinde d\u00fcnyan\u0131n bir ucundayken bile istedi\u011finiz \u00fclkedeki doktorlardan randevu al\u0131p muayene olabileceksiniz. B\u00f6ylece, herkesin <strong>genel sa\u011fl\u0131k hizmetine<\/strong> g\u00fcvenilir bi\u00e7imde eri\u015fmesinin \u00f6n\u00fc a\u00e7\u0131lm\u0131\u015f olacak.<\/p>\n<p>Ba\u015fka bir \u00f6rnek olarak, <strong>nitelikli e\u011fitimi\u00a0<\/strong>d\u00fcnya genelinde sa\u011flayabilmek i\u00e7in sanal s\u0131n\u0131flar in\u015fa edebilece\u011fiz ve bu sanal s\u0131n\u0131flar\u0131n her t\u00fcrl\u00fc ihtiyac\u0131n\u0131 sa\u011flayabilece\u011fiz. Bu sayede e\u011fitimin hem niteli\u011fini art\u0131rabilece\u011fiz hem de <strong>e\u011fitimde f\u0131rsat e\u015fitli\u011fi<\/strong> yaratabilece\u011fiz. <strong>BM \u00fclkelerinin<\/strong> \u00fczerinde durdu\u011fu <strong>\u201ciklim eylemi\u201d<\/strong> amac\u0131 i\u00e7in ise metaverse\u2019\u00fcn katk\u0131lar\u0131ndan s\u00f6z etmek m\u00fcmk\u00fcn. \u00c7o\u011fu aktivitenin metaverse ortam\u0131na ta\u015f\u0131nmas\u0131yla \u00e7evreye zarar veren eylemlerin etkisi belirli bir \u00f6l\u00e7\u00fcde hafifleyebilecektir. \u00d6rne\u011fin, seyahat etmek zorunda kalmadan \u00e7al\u0131\u015fabilirsek ve al\u0131\u015fveri\u015f yapabilirsek<strong> karbon ayak izi<\/strong>mizi biraz da olsa azaltabiliriz. Veya <strong>e\u011flence sekt\u00f6r\u00fc<\/strong> aktivitelerinde vakit ge\u00e7irmek i\u00e7in sahip oldu\u011fumuz fiziksel kaynaklar\u0131 kullanmam\u0131za gerek kalmazsa <strong>iklim eylemi<\/strong> i\u00e7in \u00f6nemli ve olumlu ad\u0131mlar atm\u0131\u015f oluruz. <strong>S\u00fcrd\u00fcr\u00fclebilirlik hedefleri<\/strong> i\u00e7in <strong>sa\u011fl\u0131ktan e\u011fitime, ula\u015f\u0131mdan turizme<\/strong> ve <strong>\u00e7evreye<\/strong> her alan \u00fcst\u00fcne d\u00fc\u015feni yapmal\u0131d\u0131r. Bu sayede <strong>metaverse<\/strong> sanal evreninde<strong> insanlar\u0131n toplumlar\u0131n<\/strong> ve <strong>\u00e7evrenin s\u00fcrd\u00fcr\u00fclebilirli\u011fi<\/strong> ile ilgili fark\u0131ndal\u0131klar\u0131 art\u0131r\u0131labilir.<\/p>\n<p><strong>Belirlenen 17 Ama\u00e7\u2019\u0131n hepsi<\/strong> i\u00e7in metaverse\u2019te ayr\u0131 ayr\u0131 fark\u0131ndal\u0131k yaratabiliriz. Metaverse evrenlerindeki \u00e7oklu kat\u0131l\u0131ma imkan sa\u011flayan <strong>sim\u00fclasyonlar<\/strong> ve <strong>oyunlar arac\u0131l\u0131\u011f\u0131yla<\/strong> verilecek e\u011fitimlerle hem insanlar\u0131n durumun ciddiyetini anlamas\u0131 sa\u011flan\u0131r hem de insanlar\u0131n &#8211; \u00f6rne\u011fin <strong>tar\u0131m<\/strong> ve <strong>hayvanc\u0131l\u0131k<\/strong> gibi konulardaki &#8211; gerekli <strong>bilgiye<\/strong> ve <strong>deneyime<\/strong> sahip olmas\u0131 sa\u011flan\u0131r. Unutmamak gerekir ki <strong>metaverse<\/strong>\u2019\u00fcn art\u0131lar\u0131n\u0131 bu ama\u00e7lar i\u00e7in kullan\u0131rsak hem bizler kazan\u0131r\u0131z hem de gezegenimiz kazan\u0131r \u00e7\u00fcnk\u00fc metaverse <strong>SKA\u2019lar<\/strong> ile daha da de\u011ferlidir.<\/p>","protected":false},"excerpt":{"rendered":"<p>Sorry, this entry is only available in Turkish. For the sake of viewer convenience, the content is shown below in the alternative language. You may click the link to switch the active language. Gelece\u011fimiz olan \u00e7ocuklar\u0131m\u0131za ve gen\u00e7lerimize b\u0131rakaca\u011f\u0131m\u0131z d\u00fcnyan\u0131n her a\u00e7\u0131dan s\u00fcrd\u00fcr\u00fclebilir ve ya\u015fanabilir olmas\u0131 gerekmektedir. 2021 y\u0131l\u0131 sonunda ger\u00e7ekle\u015ftirilen COP26 \u0130klim De\u011fi\u015fikli\u011fi Zirvesi&#8217;ndeki [&hellip;]<\/p>\n","protected":false},"author":1,"featured_media":152507,"comment_status":"open","ping_status":"open","sticky":false,"template":"","format":"standard","meta":[],"categories":[53],"tags":[87239,101823,101824,1999,54280,1426,49164,99542,59867,89026,34595,54948],"views":105,"_links":{"self":[{"href":"https:\/\/www.enerjigazetesi.ist\/en\/wp-json\/wp\/v2\/posts\/152504"}],"collection":[{"href":"https:\/\/www.enerjigazetesi.ist\/en\/wp-json\/wp\/v2\/posts"}],"about":[{"href":"https:\/\/www.enerjigazetesi.ist\/en\/wp-json\/wp\/v2\/types\/post"}],"author":[{"embeddable":true,"href":"https:\/\/www.enerjigazetesi.ist\/en\/wp-json\/wp\/v2\/users\/1"}],"replies":[{"embeddable":true,"href":"https:\/\/www.enerjigazetesi.ist\/en\/wp-json\/wp\/v2\/comments?post=152504"}],"version-history":[{"count":0,"href":"https:\/\/www.enerjigazetesi.ist\/en\/wp-json\/wp\/v2\/posts\/152504\/revisions"}],"wp:featuredmedia":[{"embeddable":true,"href":"https:\/\/www.enerjigazetesi.ist\/en\/wp-json\/wp\/v2\/media\/152507"}],"wp:attachment":[{"href":"https:\/\/www.enerjigazetesi.ist\/en\/wp-json\/wp\/v2\/media?parent=152504"}],"wp:term":[{"taxonomy":"category","embeddable":true,"href":"https:\/\/www.enerjigazetesi.ist\/en\/wp-json\/wp\/v2\/categories?post=152504"},{"taxonomy":"post_tag","embeddable":true,"href":"https:\/\/www.enerjigazetesi.ist\/en\/wp-json\/wp\/v2\/tags?post=152504"}],"curies":[{"name":"wp","href":"https:\/\/api.w.org\/{rel}","templated":true}]}}