{"id":152482,"date":"2022-03-16T13:43:54","date_gmt":"2022-03-16T10:43:54","guid":{"rendered":"https:\/\/www.enerjigazetesi.ist\/?p=152482"},"modified":"2022-03-16T13:49:49","modified_gmt":"2022-03-16T10:49:49","slug":"yesil-is-zirvesi-9-uncu-yilinda-tum-paydaslari-bir-araya-getiriyor","status":"publish","type":"post","link":"https:\/\/www.enerjigazetesi.ist\/en\/yesil-is-zirvesi-9-uncu-yilinda-tum-paydaslari-bir-araya-getiriyor\/","title":{"rendered":"(Turkish) &#8217;Ye\u015fil \u0130\u015f Zirvesi&#8217; 9&#8217;uncu Y\u0131l\u0131nda T\u00fcm Payda\u015flar\u0131 Bir Araya Getiriyor"},"content":{"rendered":"<p class=\"qtranxs-available-languages-message qtranxs-available-languages-message-en\">Sorry, this entry is only available in <a href=\"https:\/\/www.enerjigazetesi.ist\/tr\/wp-json\/wp\/v2\/posts\/152482\" class=\"qtranxs-available-language-link qtranxs-available-language-link-tr\" title=\"Turkish\">Turkish<\/a>. For the sake of viewer convenience, the content is shown below in the alternative language. You may click the link to switch the active language.<\/p><p><\/p>\n<h2>K\u00fcresel iklim krizi ve pandemi, yeni riskler ve kayg\u0131lar\u0131 ortaya \u00e7\u0131kar\u0131rken, s\u00fcrd\u00fcr\u00fclebilir i\u015f d\u00f6n\u00fc\u015f\u00fcm\u00fcn\u00fcn ne derece acil ve \u00f6nemli oldu\u011funun alt\u0131n\u0131 bir kez daha \u00e7izdi.<\/h2>\n<p>Bununla birlikte i\u00e7inde bulundu\u011fumuz de\u011fi\u015fim \u00e7a\u011f\u0131n\u0131n, iddial\u0131 hedefleri hem k\u0131sa hem de uzun vadeli aksiyonlara d\u00f6n\u00fc\u015ft\u00fcren ve pazara yenilikler sunan <strong>strateji, yat\u0131r\u0131m, inovasyon<\/strong> ve<strong> i\u015f birli\u011fi f\u0131rsatlar\u0131n\u0131<\/strong> da beraberinde getirdi\u011fi g\u00f6r\u00fcld\u00fc.<\/p>\n<p><strong><img loading=\"lazy\" class=\"alignright wp-image-152485\" src=\"https:\/\/www.enerjigazetesi.ist\/wp-content\/uploads\/2022\/03\/yesil-is-zirvesi-9-uncu-yilinda-tum-paydaslari-bir-araya-getiriyor.png\" alt=\"\" width=\"320\" height=\"178\" srcset=\"https:\/\/www.enerjigazetesi.ist\/wp-content\/uploads\/2022\/03\/yesil-is-zirvesi-9-uncu-yilinda-tum-paydaslari-bir-araya-getiriyor.png 1131w, https:\/\/www.enerjigazetesi.ist\/wp-content\/uploads\/2022\/03\/yesil-is-zirvesi-9-uncu-yilinda-tum-paydaslari-bir-araya-getiriyor-300x167.png 300w, https:\/\/www.enerjigazetesi.ist\/wp-content\/uploads\/2022\/03\/yesil-is-zirvesi-9-uncu-yilinda-tum-paydaslari-bir-araya-getiriyor-1024x569.png 1024w, https:\/\/www.enerjigazetesi.ist\/wp-content\/uploads\/2022\/03\/yesil-is-zirvesi-9-uncu-yilinda-tum-paydaslari-bir-araya-getiriyor-768x426.png 768w, https:\/\/www.enerjigazetesi.ist\/wp-content\/uploads\/2022\/03\/yesil-is-zirvesi-9-uncu-yilinda-tum-paydaslari-bir-araya-getiriyor-500x278.png 500w, https:\/\/www.enerjigazetesi.ist\/wp-content\/uploads\/2022\/03\/yesil-is-zirvesi-9-uncu-yilinda-tum-paydaslari-bir-araya-getiriyor-80x44.png 80w\" sizes=\"(max-width: 320px) 100vw, 320px\" \/>Pandemi sonras\u0131<\/strong> de\u011fi\u015fim \u00e7a\u011f\u0131na ba\u015far\u0131l\u0131 bir ge\u00e7i\u015fle birlikte , k\u00fcresel yakla\u015f\u0131mlar ve at\u0131lacak somut ad\u0131mlar i\u00e7in izlenmesi gereken yol haritalar\u0131, S\u00fcrd\u00fcr\u00fclebilirlik Akademisi taraf\u0131ndan bu y\u0131l <strong>25-26 May\u0131s 2022<\/strong> tarihlerinde <strong>9&#8217;uncu kez<\/strong> d\u00fczenlenecek <strong>Ye\u015fil \u0130\u015f Zirvesi<\/strong>\u2019nde de\u011ferlendirilecek.<\/p>\n<p><strong>\u2018Ye\u015fil D\u00f6n\u00fc\u015f\u00fcm\u00fcn Paradigmalar\u0131\u2019\u00a0<\/strong>temas\u0131yla ger\u00e7ekle\u015fecek zirve, <strong>k\u00fcresel<\/strong> ve<strong> yerel i\u015f d\u00fcnyas\u0131n\u0131n<\/strong> <strong>liderleri, s\u00fcrd\u00fcr\u00fclebilir b\u00fcy\u00fcmenin<\/strong> uzmanlar\u0131, b\u00fcy\u00fck sermayeli \u015firketlerden <strong>KOB\u0130\u2019lere<\/strong> kadar t\u00fcm <strong>\u00f6zel sekt\u00f6r, kamu sekt\u00f6r\u00fc, sivil toplum kurulu\u015flar\u0131<\/strong> ve <strong>akademi<\/strong> d\u00fcnyas\u0131n\u0131 bir araya getirecek. Yeni d\u00fcnya d\u00fczenine y\u00f6n veren <strong>paradigmalar\u0131n tart\u0131\u015f\u0131laca\u011f\u0131<\/strong> ve<strong> dijital<\/strong> olarak d\u00fczenlenecek Zirve\u2019de <strong>\u0130klim de\u011fi\u015fikli\u011fi, karbonsuzla\u015fma, net s\u0131f\u0131r, s\u00fcrd\u00fcr\u00fclebilir finansman<\/strong> ve <strong>ESG, tedarik zinciri d\u00f6n\u00fc\u015f\u00fcm\u00fc<\/strong>n\u00fcn yan\u0131 s\u0131ra<strong> inovasyon<\/strong> ve<strong> dijitalle\u015fme<\/strong> kulvarlar\u0131 yer alacak.<\/p>\n<p><strong>Zirve Hakk\u0131nda Detayl\u0131 Bilgi ve Kay\u0131tlar \u0130\u00e7in:<\/strong> <a href=\"https:\/\/surdurulebilirlik.com.tr\/etkinlik\/yesil-is-zirvesi-2022\/\" target=\"_blank\" rel=\"noopener\">https:\/\/surdurulebilirlik.com.tr\/etkinlik\/yesil-is-zirvesi-2022\/<\/a>\u00a0adresini ziyaret edebilirsiniz.<\/p>","protected":false},"excerpt":{"rendered":"<p>Sorry, this entry is only available in Turkish. For the sake of viewer convenience, the content is shown below in the alternative language. You may click the link to switch the active language. K\u00fcresel iklim krizi ve pandemi, yeni riskler ve kayg\u0131lar\u0131 ortaya \u00e7\u0131kar\u0131rken, s\u00fcrd\u00fcr\u00fclebilir i\u015f d\u00f6n\u00fc\u015f\u00fcm\u00fcn\u00fcn ne derece acil ve \u00f6nemli oldu\u011funun alt\u0131n\u0131 bir [&hellip;]<\/p>\n","protected":false},"author":1,"featured_media":152485,"comment_status":"open","ping_status":"open","sticky":false,"template":"","format":"standard","meta":[],"categories":[53,52,157],"tags":[34504,57551,1999,3008,31929,58302,98418,68947,42753,816,101811,1296,101813,101812,8168],"views":101,"_links":{"self":[{"href":"https:\/\/www.enerjigazetesi.ist\/en\/wp-json\/wp\/v2\/posts\/152482"}],"collection":[{"href":"https:\/\/www.enerjigazetesi.ist\/en\/wp-json\/wp\/v2\/posts"}],"about":[{"href":"https:\/\/www.enerjigazetesi.ist\/en\/wp-json\/wp\/v2\/types\/post"}],"author":[{"embeddable":true,"href":"https:\/\/www.enerjigazetesi.ist\/en\/wp-json\/wp\/v2\/users\/1"}],"replies":[{"embeddable":true,"href":"https:\/\/www.enerjigazetesi.ist\/en\/wp-json\/wp\/v2\/comments?post=152482"}],"version-history":[{"count":0,"href":"https:\/\/www.enerjigazetesi.ist\/en\/wp-json\/wp\/v2\/posts\/152482\/revisions"}],"wp:featuredmedia":[{"embeddable":true,"href":"https:\/\/www.enerjigazetesi.ist\/en\/wp-json\/wp\/v2\/media\/152485"}],"wp:attachment":[{"href":"https:\/\/www.enerjigazetesi.ist\/en\/wp-json\/wp\/v2\/media?parent=152482"}],"wp:term":[{"taxonomy":"category","embeddable":true,"href":"https:\/\/www.enerjigazetesi.ist\/en\/wp-json\/wp\/v2\/categories?post=152482"},{"taxonomy":"post_tag","embeddable":true,"href":"https:\/\/www.enerjigazetesi.ist\/en\/wp-json\/wp\/v2\/tags?post=152482"}],"curies":[{"name":"wp","href":"https:\/\/api.w.org\/{rel}","templated":true}]}}