{"id":15245,"date":"2013-09-12T10:10:52","date_gmt":"2013-09-12T07:10:52","guid":{"rendered":"https:\/\/www.enerjigazetesi.ist\/?p=15245"},"modified":"2013-09-12T11:09:46","modified_gmt":"2013-09-12T08:09:46","slug":"istanbulda-elektrige-zam-mi-yapildi","status":"publish","type":"post","link":"https:\/\/www.enerjigazetesi.ist\/en\/istanbulda-elektrige-zam-mi-yapildi\/","title":{"rendered":"(Turkish) \u0130stanbul\u2019da Elektri\u011fe Zam m\u0131 Yap\u0131ld\u0131?"},"content":{"rendered":"<p class=\"qtranxs-available-languages-message qtranxs-available-languages-message-en\">Sorry, this entry is only available in <a href=\"https:\/\/www.enerjigazetesi.ist\/tr\/wp-json\/wp\/v2\/posts\/15245\" class=\"qtranxs-available-language-link qtranxs-available-language-link-tr\" title=\"Turkish\">Turkish<\/a>. For the sake of viewer convenience, the content is shown below in the alternative language. You may click the link to switch the active language.<\/p><p><strong>Enerji Bakan\u0131 Taner Y\u0131ld\u0131z, \u0130stanbul\u2019da elektri\u011fe zam yap\u0131ld\u0131\u011f\u0131 iddialar\u0131na ili\u015fkin, kesinlikle b\u00f6yle bir \u015feyin s\u00f6z konusu olmad\u0131\u011f\u0131n\u0131 bildirdi. Enerji ve Tabii Kaynaklar Bakan\u0131 Taner Y\u0131ld\u0131z, \u0130stanbul\u2019da elektrik faturalar\u0131n\u0131n y\u00fcksek geldi\u011fi iddialar\u0131na ili\u015fkin, T\u00fcrkiye\u2019nin tamam\u0131nda veya bir b\u00f6lgesinde elektrik fiyatlar\u0131na zam gelmesi diye bir \u015feyin kesinlikle s\u00f6z konusu olmad\u0131\u011f\u0131n\u0131 bildirdi.<\/strong><\/p>\n<p>Bakan Y\u0131ld\u0131z, T\u00fcrkiye Elektromekanik Sanayi Genel M\u00fcd\u00fcrl\u00fc\u011f\u00fcn\u00fcn (TEMSAN) \u201cHidroelektrik Santrallerde (HES) Yerli \u0130malat Te\u015fviki i\u00e7in TSE \u00dcr\u00fcn Belgesi\u201d alma t\u00f6reninin ard\u0131ndan gazetecilerin sorular\u0131n\u0131 yan\u0131tlad\u0131.<\/p>\n<p>Enerji sekt\u00f6r\u00fcn\u00fcn \u00e7ok \u00f6nemli ve b\u00fcy\u00fck bir pazar oldu\u011funu belirten Y\u0131ld\u0131z, gerek su gerek r\u00fczgar ve g\u00fcne\u015fin de\u011ferlendirilmesinde \u00f6zel sekt\u00f6r\u00fcn, TEMSAN ve TSE ile beraber hareket ederek, ekipmanlar\u0131n T\u00fcrkiye\u2019de \u00fcretilmesi gerekti\u011fini s\u00f6yledi.<\/p>\n<p>Pazar\u0131n gittik\u00e7e geni\u015fledi\u011fini dile getiren Y\u0131ld\u0131z, yaln\u0131zca su kaynaklar\u0131nda 16 milyar dolarl\u0131k bir pazardan bahsedildi\u011fini, onun i\u00e7in TEMSAN\u2019\u0131n da \u00e7al\u0131\u015fmalar\u0131n\u0131n bundan sonra daha da h\u0131zlanaca\u011f\u0131n\u0131 ifade etti.<\/p>\n<p>\u0130stanbul\u2019da elektrik faturalar\u0131n\u0131n y\u00fcksek geldi\u011fi iddialar\u0131na ili\u015fkin bir soru \u00fczerine Y\u0131ld\u0131z, T\u00fcrkiye\u2019nin tamam\u0131nda veya bir b\u00f6lgesinde elektrik fiyatlar\u0131na zam gelmesi diye bir \u015feyin kesinlikle s\u00f6z konusu olmad\u0131\u011f\u0131n\u0131 bildirdi.<\/p>\n<p>Y\u0131ld\u0131z, s\u00f6z konusu olay\u0131n, yaln\u0131zca Ramazan Bayram\u0131\u2019na denk gelen k\u0131s\u0131mdaki faturalama s\u00fcresiyle alakal\u0131 bir husus oldu\u011funu belirterek, \u201cTemmuz ay\u0131nda 27 g\u00fcn, a\u011fustos ay\u0131nda 21 g\u00fcn ve eyl\u00fcl ay\u0131nda da 38 g\u00fcnl\u00fck faturalama d\u00f6nemi o<a href=\"https:\/\/www.enerjigazetesi.ist\/wp-content\/uploads\/2013\/09\/elektrik-uretimi-agustos-ayinda-yuzde-042-azaldi.jpg\"><img loading=\"lazy\" class=\"alignright size-medium wp-image-14824\" title=\"istanbulda-elektrige-zam-mi-yapildi\" src=\"https:\/\/www.enerjigazetesi.ist\/wp-content\/uploads\/2013\/09\/elektrik-uretimi-agustos-ayinda-yuzde-042-azaldi-300x196.jpg\" alt=\"\" width=\"300\" height=\"196\" srcset=\"https:\/\/www.enerjigazetesi.ist\/wp-content\/uploads\/2013\/09\/elektrik-uretimi-agustos-ayinda-yuzde-042-azaldi-300x196.jpg 300w, https:\/\/www.enerjigazetesi.ist\/wp-content\/uploads\/2013\/09\/elektrik-uretimi-agustos-ayinda-yuzde-042-azaldi-500x327.jpg 500w, https:\/\/www.enerjigazetesi.ist\/wp-content\/uploads\/2013\/09\/elektrik-uretimi-agustos-ayinda-yuzde-042-azaldi-76x50.jpg 76w, https:\/\/www.enerjigazetesi.ist\/wp-content\/uploads\/2013\/09\/elektrik-uretimi-agustos-ayinda-yuzde-042-azaldi.jpg 505w\" sizes=\"(max-width: 300px) 100vw, 300px\" \/><\/a>lmu\u015ftur. Bunu bir zam olarak yans\u0131tanlar, yanl\u0131\u015f bir te\u015fhis koymu\u015flard\u0131r, b\u00f6yle bir \u015fey s\u00f6z konusu de\u011fildir. T\u00fcrkiye\u2019de elektrik fiyatlar\u0131n\u0131n zamlanmas\u0131, fiyatlarla alakal\u0131 tasarruflar\u0131n kendisine has bir mekanizmas\u0131 vard\u0131r ve 3 ayda bir de\u011ferlendirilmektedir. \u015eu anda b\u00f6yle bir \u015fey de s\u00f6z konusu de\u011fildir\u201d diye konu\u015ftu.<\/p>\n<p>Hele ki bu g\u00fcnlerde, yap\u0131lan ikili veya \u00f6zel anla\u015fmalarla beraber, \u015fu anda tarifelerinden y\u00fczde 18, 20 civar\u0131nda elektri\u011fi daha indirimli alan sanayicilerin oldu\u011funu anlatan Y\u0131ld\u0131z, serbest t\u00fcketicilerin say\u0131s\u0131 artt\u0131k\u00e7a, bunlarla ilgili yap\u0131lan \u00e7al\u0131\u015fmalar\u0131, i\u015fbirliklerinin daha da artaca\u011f\u0131n\u0131 ifade etti. Y\u0131ld\u0131z, \u201c\u015eu anda her t\u00fcrl\u00fc ham petrol ve do\u011fal gaz fiyatlar\u0131n\u0131n maliyetlerinde art\u0131\u015flar olmas\u0131na ra\u011fmen, yerli kaynaklar\u0131m\u0131zla y\u00fcr\u00fctt\u00fc\u011f\u00fcm\u00fcz bu dengeleme i\u015flemlerinden dolay\u0131 vatanda\u015f\u0131m\u0131z\u0131n, sanayicimizin, t\u00fcccar\u0131m\u0131z\u0131n lehine yorumluyoruz. O y\u00fczden b\u00f6yle bir zam s\u00f6z konusu de\u011fildir\u201d dedi.<\/p>\n<h2>\u201cHi\u00e7bir \u015firket keyfi bir yakla\u015f\u0131m i\u00e7inde bulunamaz\u201d<\/h2>\n<p>Baz\u0131 abonelerin saya\u00e7lar\u0131 yenilenmedi\u011fi halde yeni saya\u00e7 tak\u0131lm\u0131\u015f gibi bir \u00fccretlendirmenin oldu\u011fu iddialar\u0131na ili\u015fkin de Y\u0131ld\u0131z, gerek i\u015fletmecilik anlay\u0131\u015f\u0131ndan gerekse de donan\u0131mdan kaynaklanan bir ar\u0131za varsa, \u00f6zel sekt\u00f6r\u00fcn elbette buna m\u00fcdahale edece\u011fini s\u00f6yledi.<\/p>\n<p>Kamunun ise denetim g\u00f6revini s\u00fcrd\u00fcrd\u00fc\u011f\u00fcn\u00fc vurgulayan Y\u0131ld\u0131z, \u015funlar\u0131 kaydetti:<\/p>\n<p>\u201cE\u011fer bir sayac\u0131n de\u011fi\u015ftirilmeden paras\u0131n\u0131n al\u0131nmas\u0131 s\u00f6z konusuysa, mutlaka denetimdeki arkada\u015flar bunu de\u011ferlendireceklerdir. Ben, gelen \u015fikayetler \u00fczerine bir inceleme de ba\u015flatt\u0131m. Bu konuda hi\u00e7bir \u015firket fevri, subjektif, keyfi bir yakla\u015f\u0131m i\u00e7inde bulunamaz. T\u00fcm vatanda\u015flar\u0131m\u0131z\u0131n abonelik haklar\u0131 bizim g\u00fcvencemiz alt\u0131ndad\u0131r. Bu manada herhangi bir s\u0131k\u0131nt\u0131 ya\u015fanmaz.\u201d<\/p>\n<h2>\u201cHam petrol fiyatlar\u0131n\u0131n d\u00fc\u015fmesini bekliyoruz\u201d<\/h2>\n<p>Bir gazetecinin, akaryak\u0131t fiyatlar\u0131na ili\u015fkin EPDK\u2019n\u0131n \u015firketlere yapt\u0131\u011f\u0131 uyar\u0131y\u0131 hat\u0131rlatarak, \u201cBu konuda acaba bir dinlememe mi s\u00f6z konusu?\u201d sorusunu \u015f\u00f6yle yan\u0131tlad\u0131:<\/p>\n<p>\u201c\u015eu anda herhangi bir dinlememe s\u00f6z konusu de\u011fil. Biliyorsunuz bu bir zincir. Zincir ham petrolden ba\u015fl\u0131yor, rafine edilmesine, oradan da\u011f\u0131t\u0131m \u015firketlerine, oradan da bayilere ula\u015ft\u0131r\u0131lmas\u0131na kadar bir zincir. Buna Maliye Bakanl\u0131\u011f\u0131n\u0131n vergilerini de katarsak, 5 temel unsurdan olu\u015fuyor. Biz, o da\u011f\u0131t\u0131mdan sonraki zincir \u00fczerinde 2-3 kuru\u015fluk hesaplar yaparken, birden bire ham petrol\u00fcn fiyatlar\u0131 biliyorsunuz y\u00fczde 10\u2032lar civar\u0131nda artt\u0131.<\/p>\n<p>Yani 3 kuru\u015fun hesab\u0131n\u0131 yaparken, 13 kuru\u015fluk bir art\u0131\u015f meydana geldi. Bununla alakal\u0131 her zaman g\u00f6zlemlemelerimiz devam ediyor. Bir aksakl\u0131k olursa, bu \u015fekliyle uyarmam\u0131z ve m\u00fcdahalemiz devam ediyor ancak Akdeniz piyasas\u0131nda \u00f6zellikle benzin \u00fcretimindeki art\u0131\u015f, arz ve talep dengesini motorinden daha fazla etkiledi, bunu da s\u00f6ylemem laz\u0131m. Avrupa Birli\u011fi \u00fcyesi, Akdeniz\u2019e kom\u015fu olan 4 \u00fclkenin, Yunanistan, \u0130talya, Fransa ve \u0130spanya\u2019yla beraber, burada olu\u015facak fiyatlar\u0131 de\u011ferlendirdi\u011fimiz bir ortam oldu\u011funu g\u00f6r\u00fcyoruz.<\/p>\n<p>Bu manada, ham petrol fiyatlar\u0131n\u0131n d\u00fc\u015fmesini bekledi\u011fimizi ve \u00f6zellikle d\u00f6viz fiyatlar\u0131n\u0131n, Say\u0131n Merkez Bankas\u0131 Ba\u015fkan\u0131\u2019n\u0131n s\u00f6yledi\u011fi rakamlar\u0131 bulmas\u0131yla beraber, petrol \u00fcr\u00fcnleriyle alakal\u0131 piyasan\u0131n da daha da normalle\u015fece\u011fine inand\u0131\u011f\u0131m\u0131 bir kez daha belirtmek istiyorum.\u201d<\/p>\n<p>Kaynak: <a href=\"http:\/\/enerjienstitusu.com\/2013\/09\/12\/istanbulda-elektrige-zam-mi-yapildi\/\" target=\"_blank\">Enerji Enstit\u00fcs\u00fc<\/a><\/p>","protected":false},"excerpt":{"rendered":"<p>Sorry, this entry is only available in Turkish. For the sake of viewer convenience, the content is shown below in the alternative language. You may click the link to switch the active language.Enerji Bakan\u0131 Taner Y\u0131ld\u0131z, \u0130stanbul\u2019da elektri\u011fe zam yap\u0131ld\u0131\u011f\u0131 iddialar\u0131na ili\u015fkin, kesinlikle b\u00f6yle bir \u015feyin s\u00f6z konusu olmad\u0131\u011f\u0131n\u0131 bildirdi. Enerji ve Tabii Kaynaklar Bakan\u0131 [&hellip;]<\/p>\n","protected":false},"author":1,"featured_media":14824,"comment_status":"open","ping_status":"open","sticky":false,"template":"","format":"standard","meta":[],"categories":[51,53],"tags":[710,68,61,8532,657,63,67,1009,165,667],"views":572,"_links":{"self":[{"href":"https:\/\/www.enerjigazetesi.ist\/en\/wp-json\/wp\/v2\/posts\/15245"}],"collection":[{"href":"https:\/\/www.enerjigazetesi.ist\/en\/wp-json\/wp\/v2\/posts"}],"about":[{"href":"https:\/\/www.enerjigazetesi.ist\/en\/wp-json\/wp\/v2\/types\/post"}],"author":[{"embeddable":true,"href":"https:\/\/www.enerjigazetesi.ist\/en\/wp-json\/wp\/v2\/users\/1"}],"replies":[{"embeddable":true,"href":"https:\/\/www.enerjigazetesi.ist\/en\/wp-json\/wp\/v2\/comments?post=15245"}],"version-history":[{"count":2,"href":"https:\/\/www.enerjigazetesi.ist\/en\/wp-json\/wp\/v2\/posts\/15245\/revisions"}],"predecessor-version":[{"id":15270,"href":"https:\/\/www.enerjigazetesi.ist\/en\/wp-json\/wp\/v2\/posts\/15245\/revisions\/15270"}],"wp:featuredmedia":[{"embeddable":true,"href":"https:\/\/www.enerjigazetesi.ist\/en\/wp-json\/wp\/v2\/media\/14824"}],"wp:attachment":[{"href":"https:\/\/www.enerjigazetesi.ist\/en\/wp-json\/wp\/v2\/media?parent=15245"}],"wp:term":[{"taxonomy":"category","embeddable":true,"href":"https:\/\/www.enerjigazetesi.ist\/en\/wp-json\/wp\/v2\/categories?post=15245"},{"taxonomy":"post_tag","embeddable":true,"href":"https:\/\/www.enerjigazetesi.ist\/en\/wp-json\/wp\/v2\/tags?post=15245"}],"curies":[{"name":"wp","href":"https:\/\/api.w.org\/{rel}","templated":true}]}}