{"id":152380,"date":"2022-03-14T18:18:13","date_gmt":"2022-03-14T15:18:13","guid":{"rendered":"https:\/\/www.enerjigazetesi.ist\/?p=152380"},"modified":"2022-03-14T18:18:13","modified_gmt":"2022-03-14T15:18:13","slug":"dunya-festivallerinden-22-odulle-donen-okul-tirasi-18-martta-vizyonda","status":"publish","type":"post","link":"https:\/\/www.enerjigazetesi.ist\/en\/dunya-festivallerinden-22-odulle-donen-okul-tirasi-18-martta-vizyonda\/","title":{"rendered":"(Turkish) D\u00fcnya Festivalleri&#8217;nden 22 \u00d6d\u00fclle D\u00f6nen &#8216;Okul T\u0131ra\u015f\u0131&#8217; 18 Mart&#8217;ta Vizyonda!"},"content":{"rendered":"<p class=\"qtranxs-available-languages-message qtranxs-available-languages-message-en\">Sorry, this entry is only available in <a href=\"https:\/\/www.enerjigazetesi.ist\/tr\/wp-json\/wp\/v2\/posts\/152380\" class=\"qtranxs-available-language-link qtranxs-available-language-link-tr\" title=\"Turkish\">Turkish<\/a>. For the sake of viewer convenience, the content is shown below in the alternative language. You may click the link to switch the active language.<\/p><p><\/p>\n<h2><strong>Yar\u0131\u015ft\u0131\u011f\u0131 ulusal ve uluslararas\u0131 festivallerde kazand\u0131\u011f\u0131 \u00f6d\u00fcllerle ad\u0131ndan s\u0131k\u00e7a s\u00f6z ettiren <em>\u201cOkul T\u0131ra\u015f\u0131\u201d<\/em>, \u015fimdi de sinemaseverlerle bulu\u015fuyor. \u00d6d\u00fcll\u00fc y\u00f6netmen Ferit Karahan imzal\u0131 film 18 Mart\u2019ta sinemalarda!<\/strong><\/h2>\n<p><strong>Ferit Karahan<\/strong>\u2019\u0131n ikinci uzun metraj filmi<strong><em> \u201cOkul<\/em><em> T\u0131ra\u015f\u0131\u201d<\/em><\/strong>, bask\u0131 ve disiplinin yo\u011fun oldu\u011fu bir <strong>yat\u0131l\u0131 okulda hastalanan arkada\u015f\u0131n\u0131 doktora g\u00f6t\u00fcrmeye<\/strong> \u00e7al\u0131\u015fan; fakat okulun b\u00fcrokrasisini, idarenin vurdumduymazl\u0131\u011f\u0131n\u0131 ve<strong> zor co\u011frafi ko\u015fullar\u0131 a\u015fmak<\/strong> zorunda olan Yusuf\u2019un <strong>dokunakl\u0131 hik\u00e2yesini<\/strong> <img loading=\"lazy\" class=\"alignright wp-image-152382 size-full\" src=\"https:\/\/www.enerjigazetesi.ist\/wp-content\/uploads\/2022\/03\/dunya-festivallerinden-22-odulle-donen-okul-tirasi-18-martta-vizyonda-1.jpg\" alt=\"\" width=\"286\" height=\"214\" srcset=\"https:\/\/www.enerjigazetesi.ist\/wp-content\/uploads\/2022\/03\/dunya-festivallerinden-22-odulle-donen-okul-tirasi-18-martta-vizyonda-1.jpg 286w, https:\/\/www.enerjigazetesi.ist\/wp-content\/uploads\/2022\/03\/dunya-festivallerinden-22-odulle-donen-okul-tirasi-18-martta-vizyonda-1-67x50.jpg 67w\" sizes=\"(max-width: 286px) 100vw, 286px\" \/>beyazperdeye ta\u015f\u0131yor.<\/p>\n<p><strong>Ferit Karahan<\/strong>\u2019\u0131n, senaryosunu<strong> G\u00fclistan Acet <\/strong>ile birlikte kaleme ald\u0131\u011f\u0131 ve y\u00f6netmen koltu\u011funda oturdu\u011fu <strong><em>\u201cOkul<\/em><em> T\u0131ra\u015f\u0131\u201d<\/em><\/strong>n\u0131n yap\u0131mc\u0131l\u0131\u011f\u0131n\u0131 <strong>Kanat Do\u011framac\u0131<\/strong> \u00fcstleniyor. <strong>Karahan<\/strong>\u2019\u0131n kendi hayat\u0131ndan izler de bar\u0131nd\u0131ran filmin ba\u015frollerini<strong> Ekin Ko\u00e7, Mahir \u0130pek, Cansu F\u0131r\u0131nc\u0131, Melih Sel\u00e7uk <\/strong>ile \u00e7ocuk oyuncu<strong> Samet Y\u0131ld\u0131z<\/strong> payla\u015f\u0131yor. <strong><em>\u201cOkul<\/em><em> T\u0131ra\u015f\u0131\u201d<\/em><\/strong>n\u0131n kadrosunda yer alan di\u011fer \u00e7ocuk oyuncular ise, \u00e7ekimlerin yap\u0131ld\u0131\u011f\u0131 Van\u2019\u0131n Bah\u00e7esaray il\u00e7esinde b\u00f6lgenin yerel halk\u0131ndan se\u00e7ildi. Edit\u00f6rl\u00fc\u011f\u00fcn\u00fc <strong>Sercan Sezgin<\/strong>\u2019in ve <strong>Hayedeh Safiyari<\/strong>\u2019nin, g\u00f6r\u00fcnt\u00fc y\u00f6netmenli\u011fini <strong>T\u00fcrksoy G\u00f6lebeyi<\/strong>\u2019nin yapt\u0131\u011f\u0131 filmin d\u00fcnya da\u011f\u0131t\u0131m\u0131n\u0131 ise \u0130talya merkezli <strong>Intramovies<\/strong> \u00fcstleniyor.<\/p>\n<p><strong>Asteros Film <\/strong>yap\u0131m\u0131 olan, da\u011f\u0131t\u0131mc\u0131l\u0131\u011f\u0131n\u0131 <strong>CGV Mars Da\u011f\u0131t\u0131m<\/strong>\u2019\u0131n \u00fcstlendi\u011fi<strong> <em>\u201cOkul<\/em><em> T\u0131ra\u015f\u0131\u201d<\/em><\/strong> sinemalarda!<\/p>","protected":false},"excerpt":{"rendered":"<p>Sorry, this entry is only available in Turkish. For the sake of viewer convenience, the content is shown below in the alternative language. You may click the link to switch the active language. Yar\u0131\u015ft\u0131\u011f\u0131 ulusal ve uluslararas\u0131 festivallerde kazand\u0131\u011f\u0131 \u00f6d\u00fcllerle ad\u0131ndan s\u0131k\u00e7a s\u00f6z ettiren \u201cOkul T\u0131ra\u015f\u0131\u201d, \u015fimdi de sinemaseverlerle bulu\u015fuyor. \u00d6d\u00fcll\u00fc y\u00f6netmen Ferit Karahan imzal\u0131 [&hellip;]<\/p>\n","protected":false},"author":1,"featured_media":152383,"comment_status":"open","ping_status":"open","sticky":false,"template":"","format":"standard","meta":[],"categories":[53,4],"tags":[94129,101748,101749,101747,94124,97895,94125,97894],"views":172,"_links":{"self":[{"href":"https:\/\/www.enerjigazetesi.ist\/en\/wp-json\/wp\/v2\/posts\/152380"}],"collection":[{"href":"https:\/\/www.enerjigazetesi.ist\/en\/wp-json\/wp\/v2\/posts"}],"about":[{"href":"https:\/\/www.enerjigazetesi.ist\/en\/wp-json\/wp\/v2\/types\/post"}],"author":[{"embeddable":true,"href":"https:\/\/www.enerjigazetesi.ist\/en\/wp-json\/wp\/v2\/users\/1"}],"replies":[{"embeddable":true,"href":"https:\/\/www.enerjigazetesi.ist\/en\/wp-json\/wp\/v2\/comments?post=152380"}],"version-history":[{"count":0,"href":"https:\/\/www.enerjigazetesi.ist\/en\/wp-json\/wp\/v2\/posts\/152380\/revisions"}],"wp:featuredmedia":[{"embeddable":true,"href":"https:\/\/www.enerjigazetesi.ist\/en\/wp-json\/wp\/v2\/media\/152383"}],"wp:attachment":[{"href":"https:\/\/www.enerjigazetesi.ist\/en\/wp-json\/wp\/v2\/media?parent=152380"}],"wp:term":[{"taxonomy":"category","embeddable":true,"href":"https:\/\/www.enerjigazetesi.ist\/en\/wp-json\/wp\/v2\/categories?post=152380"},{"taxonomy":"post_tag","embeddable":true,"href":"https:\/\/www.enerjigazetesi.ist\/en\/wp-json\/wp\/v2\/tags?post=152380"}],"curies":[{"name":"wp","href":"https:\/\/api.w.org\/{rel}","templated":true}]}}