{"id":152293,"date":"2022-03-13T22:09:00","date_gmt":"2022-03-13T19:09:00","guid":{"rendered":"https:\/\/www.enerjigazetesi.ist\/?p=152293"},"modified":"2022-03-13T22:14:29","modified_gmt":"2022-03-13T19:14:29","slug":"konutlarda-gunesten-elektrik-uretim-siniri-10-kwden-25-kwye-yukseltildi","status":"publish","type":"post","link":"https:\/\/www.enerjigazetesi.ist\/en\/konutlarda-gunesten-elektrik-uretim-siniri-10-kwden-25-kwye-yukseltildi\/","title":{"rendered":"(Turkish) Konutlarda G\u00fcne\u015f&#8217;ten Elektrik \u00dcretim S\u0131n\u0131r\u0131 10 kW&#8217;den 25 kW&#8217;ye Y\u00fckseltildi"},"content":{"rendered":"<p class=\"qtranxs-available-languages-message qtranxs-available-languages-message-en\">Sorry, this entry is only available in <a href=\"https:\/\/www.enerjigazetesi.ist\/tr\/wp-json\/wp\/v2\/posts\/152293\" class=\"qtranxs-available-language-link qtranxs-available-language-link-tr\" title=\"Turkish\">Turkish<\/a>. For the sake of viewer convenience, the content is shown below in the alternative language. You may click the link to switch the active language.<\/p><p><\/p>\n<h2>12 May\u0131s 2019\u2019da Resmi Gazete&#8217;de yay\u0131nlanan y\u00f6netmelik \u00e7at\u0131 ve cephe uygulamal\u0131 g\u00fcne\u015f enerjisine dayal\u0131 \u00fcretim tesislerinde, evlere y\u00f6nelik 10kW g\u00fc\u00e7 s\u0131n\u0131r\u0131na vurgu yap\u0131lmaktayd\u0131. Ancak meclise sunulan kanun teklifinin kabul edili\u015fi sonras\u0131, bu g\u00fc\u00e7 s\u0131n\u0131r\u0131 art\u0131r\u0131larak 25 kW a y\u00fckseltildi.<\/h2>\n<p><img loading=\"lazy\" class=\"size-medium wp-image-152294 alignright\" src=\"https:\/\/www.enerjigazetesi.ist\/wp-content\/uploads\/2022\/03\/tbmm-dha-1_16_9_1611328769-300x169.jpg\" alt=\"\" width=\"300\" height=\"169\" srcset=\"https:\/\/www.enerjigazetesi.ist\/wp-content\/uploads\/2022\/03\/tbmm-dha-1_16_9_1611328769-300x169.jpg 300w, https:\/\/www.enerjigazetesi.ist\/wp-content\/uploads\/2022\/03\/tbmm-dha-1_16_9_1611328769-768x432.jpg 768w, https:\/\/www.enerjigazetesi.ist\/wp-content\/uploads\/2022\/03\/tbmm-dha-1_16_9_1611328769-500x282.jpg 500w, https:\/\/www.enerjigazetesi.ist\/wp-content\/uploads\/2022\/03\/tbmm-dha-1_16_9_1611328769-80x45.jpg 80w, https:\/\/www.enerjigazetesi.ist\/wp-content\/uploads\/2022\/03\/tbmm-dha-1_16_9_1611328769.jpg 865w\" sizes=\"(max-width: 300px) 100vw, 300px\" \/><\/p>\n<p>Milletvekilleri, <strong>20kW<\/strong>\u2019l\u0131k g\u00fcc\u00fcn yeterli olmayaca\u011f\u0131 ve<strong> bunun yenilenebilir kaynaklar i\u00e7in de te\u015fvik edici olamayaca\u011f\u0131<\/strong> i\u00e7in bu s\u0131n\u0131r\u0131n <strong>25kW<\/strong>&#8216;a \u00e7\u0131kar\u0131lmas\u0131n\u0131 \u00f6ng\u00f6rd\u00fc.<\/p>\n<h3>G\u00fc\u00e7 S\u0131n\u0131r\u0131 Nedir?<\/h3>\n<p><strong>\u0130lgili \u00d6neri TBMM Genel Kurulu&#8217;nda kabul edilmi\u015ftir ve vergi kanunun 9\u2019uncu maddesinde 9 numaral\u0131 bendinde \u015f\u00f6yle kabul edilecektir. <em>&#8220;14\/3\/2013 tarihli ve 6446 say\u0131l\u0131 Elektrik<\/em><\/strong><em> Piyasas\u0131 Kanunu uyar\u0131nca lisanss\u0131z y\u00fcr\u00fct\u00fclebilecek faaliyetler kapsam\u0131nda yenilenebilir enerji kaynaklar\u0131na dayal\u0131 <strong>elektrik enerjisi \u00fcretimi<\/strong> amac\u0131yla, sahibi olduklar\u0131 veya kiralad\u0131klar\u0131 konutlar\u0131n <strong>\u00e7at\u0131 ve\/veya cephelerinde<\/strong> kurduklar\u0131 kurulu g\u00fcc\u00fc azami <strong>25 kW\u2019a kadar (25 kW d\u00e2hil) olan (Kat maliklerince ana gayrimenkul\u00fcn ortak elektrik enerjisi ihtiyac\u0131n\u0131n kar\u015f\u0131lanmas\u0131 amac\u0131yla kurulan d\u00e2hil) yaln\u0131zca bir \u00fcretim tesisinden \u00fcretilen elektrik enerjisinin ihtiya\u00e7 fazlas\u0131n\u0131 son kaynak tedarik \u015firketine<\/strong> satanlar (Bu bendin uygulanmas\u0131nda \u00fc\u00e7\u00fcnc\u00fc f\u0131kra h\u00fckm\u00fc dikkate al\u0131nmaz.)&#8221;<\/em><\/p>","protected":false},"excerpt":{"rendered":"<p>Sorry, this entry is only available in Turkish. For the sake of viewer convenience, the content is shown below in the alternative language. You may click the link to switch the active language. 12 May\u0131s 2019\u2019da Resmi Gazete&#8217;de yay\u0131nlanan y\u00f6netmelik \u00e7at\u0131 ve cephe uygulamal\u0131 g\u00fcne\u015f enerjisine dayal\u0131 \u00fcretim tesislerinde, evlere y\u00f6nelik 10kW g\u00fc\u00e7 s\u0131n\u0131r\u0131na vurgu [&hellip;]<\/p>\n","protected":false},"author":19,"featured_media":152299,"comment_status":"open","ping_status":"open","sticky":false,"template":"","format":"standard","meta":[],"categories":[53,52,49],"tags":[101699,18,101698,13,2206,1388,20317,842],"views":244,"_links":{"self":[{"href":"https:\/\/www.enerjigazetesi.ist\/en\/wp-json\/wp\/v2\/posts\/152293"}],"collection":[{"href":"https:\/\/www.enerjigazetesi.ist\/en\/wp-json\/wp\/v2\/posts"}],"about":[{"href":"https:\/\/www.enerjigazetesi.ist\/en\/wp-json\/wp\/v2\/types\/post"}],"author":[{"embeddable":true,"href":"https:\/\/www.enerjigazetesi.ist\/en\/wp-json\/wp\/v2\/users\/19"}],"replies":[{"embeddable":true,"href":"https:\/\/www.enerjigazetesi.ist\/en\/wp-json\/wp\/v2\/comments?post=152293"}],"version-history":[{"count":0,"href":"https:\/\/www.enerjigazetesi.ist\/en\/wp-json\/wp\/v2\/posts\/152293\/revisions"}],"wp:featuredmedia":[{"embeddable":true,"href":"https:\/\/www.enerjigazetesi.ist\/en\/wp-json\/wp\/v2\/media\/152299"}],"wp:attachment":[{"href":"https:\/\/www.enerjigazetesi.ist\/en\/wp-json\/wp\/v2\/media?parent=152293"}],"wp:term":[{"taxonomy":"category","embeddable":true,"href":"https:\/\/www.enerjigazetesi.ist\/en\/wp-json\/wp\/v2\/categories?post=152293"},{"taxonomy":"post_tag","embeddable":true,"href":"https:\/\/www.enerjigazetesi.ist\/en\/wp-json\/wp\/v2\/tags?post=152293"}],"curies":[{"name":"wp","href":"https:\/\/api.w.org\/{rel}","templated":true}]}}